{"id":410973,"date":"2019-01-16T00:04:01","date_gmt":"2019-01-16T06:04:01","guid":{"rendered":"https:\/\/www.diarioimagen.net\/?p=410973"},"modified":"2019-01-16T09:30:50","modified_gmt":"2019-01-16T15:30:50","slug":"la-autonomia-universitaria-estimula-propuestas-de-cambios-sociales-narro","status":"publish","type":"post","link":"https:\/\/www.diarioimagen.net\/?p=410973","title":{"rendered":"La autonom\u00eda universitaria estimula propuestas de cambios sociales: Narro"},"content":{"rendered":"<ul>\n<li><strong><em>Conferencia en la UAEM del ex rector de la UNAM<\/em><\/strong><\/li>\n<\/ul>\n<p>&nbsp;<\/p>\n<div id=\"attachment_411071\" style=\"width: 470px\" class=\"wp-caption aligncenter\"><a href=\"https:\/\/www.diarioimagen.net\/?attachment_id=411071\" rel=\"attachment wp-att-411071\"><img loading=\"lazy\" decoding=\"async\" aria-describedby=\"caption-attachment-411071\" class=\"size-large wp-image-411071\" src=\"https:\/\/www.diarioimagen.net\/wp-content\/uploads\/2019\/01\/UAEM-16-460x259.jpg\" alt=\"\" width=\"460\" height=\"259\" srcset=\"https:\/\/www.diarioimagen.net\/wp-content\/uploads\/2019\/01\/UAEM-16-460x259.jpg 460w, https:\/\/www.diarioimagen.net\/wp-content\/uploads\/2019\/01\/UAEM-16-240x135.jpg 240w, https:\/\/www.diarioimagen.net\/wp-content\/uploads\/2019\/01\/UAEM-16-235x132.jpg 235w, https:\/\/www.diarioimagen.net\/wp-content\/uploads\/2019\/01\/UAEM-16-202x114.jpg 202w, https:\/\/www.diarioimagen.net\/wp-content\/uploads\/2019\/01\/UAEM-16-350x196.jpg 350w, https:\/\/www.diarioimagen.net\/wp-content\/uploads\/2019\/01\/UAEM-16-220x123.jpg 220w, https:\/\/www.diarioimagen.net\/wp-content\/uploads\/2019\/01\/UAEM-16-237x132.jpg 237w, https:\/\/www.diarioimagen.net\/wp-content\/uploads\/2019\/01\/UAEM-16.jpg 480w\" sizes=\"auto, (max-width: 460px) 100vw, 460px\" \/><\/a><p id=\"caption-attachment-411071\" class=\"wp-caption-text\">El ex rector de la UNAM, Jos\u00e9 Narro, dict\u00f3 la conferencia magistral \u201cAutonom\u00eda en las universidades p\u00fablicas\u201d, en el marco del programa de actividades conmemorativas al 75 aniversario de la autonom\u00eda de la UAEM.<\/p><\/div>\n<p>&nbsp;<\/p>\n<p><strong>Toluca, Estado de M\u00e9xico<\/strong>.\u2013 La autonom\u00eda universitaria es acci\u00f3n y se traduce en un mecanismo para estimular, en libertad, propuestas de cambio en la sociedad, afirm\u00f3 el ex rector de la Universidad Nacional Aut\u00f3noma de M\u00e9xico, Jos\u00e9 Ram\u00f3n Narro Robles, en la Universidad Aut\u00f3noma del Estado de M\u00e9xico.<\/p>\n<p>Al dictar la conferencia magistral \u201cAutonom\u00eda en las universidades p\u00fablicas\u201d, en el marco del programa de actividades conmemorativas al 75 aniversario de la autonom\u00eda de la UAEM, expres\u00f3 el orgullo por formar parte de la Aut\u00f3noma mexiquense, que \u201cme otorg\u00f3 una de las mayores distinciones que he recibido: el Doctor Honoris Causa\u201d.<\/p>\n<p>En el Aula Magna \u201cLic. Adolfo L\u00f3pez Mateos\u201d del Edificio de Rector\u00eda, ante el rector Alfredo Barrera Baca, Narro Robles puntualiz\u00f3 que esta prerrogativa es un bien social que se encuentra en constante desarrollo, es la forma de ser de una comunidad acad\u00e9mica.<\/p>\n<p>Manifest\u00f3 que la autonom\u00eda de las instituciones de educaci\u00f3n superior es perfectible, evoluciona, es din\u00e1mica y uno de los valores que se ajusta a la transformaci\u00f3n de las instituciones y la sociedad. Apunt\u00f3 que la autonom\u00eda es parte de la fortaleza de las universidades p\u00fablicas, sirve para prevenir problemas, no los genera y ayuda a resolver adversidades.<\/p>\n<p>\u201cSe trata de un ant\u00eddoto frente a intereses de grupo y particulares, para que no puedan someter a las instituciones. Es la f\u00f3rmula que permite a las universidades independencia frente a los \u00f3rdenes de gobierno, los poderes p\u00fablicos y otros sectores como el religioso\u201d.<\/p>\n<p>Por otro lado, detall\u00f3 que la autonom\u00eda tambi\u00e9n implica responsabilidades para las instituciones educativas como desempe\u00f1arse con transparencia, ya que los recursos que reciben de los diferentes niveles de gobierno son de la sociedad.<\/p>\n<p>Las universidades, abund\u00f3 Jos\u00e9 Narro Robles, deben rendir cuentas del uso de los recursos que reciben, por lo cual es fundamental que tengan consistencia en los sistemas de evaluaci\u00f3n.<\/p>\n<p>Finalmente, resalt\u00f3 que las instituciones p\u00fablicas de educaci\u00f3n superior mexicanas tienen el compromiso de generar conocimiento y difundirlo, de contribuir con sabidur\u00eda y experiencia a la resoluci\u00f3n de los problemas que aquejan a la sociedad.<\/p>\n","protected":false},"excerpt":{"rendered":"<p>La autonom\u00eda universitaria es acci\u00f3n y se traduce en un mecanismo para estimular, en libertad, propuestas de cambio en la sociedad, afirm\u00f3 el ex rector de la Universidad Nacional Aut\u00f3noma de M\u00e9xico, Jos\u00e9 Ram\u00f3n Narro Robles, en la Universidad Aut\u00f3noma del Estado de M\u00e9xico.<\/p>\n","protected":false},"author":3,"featured_media":411071,"comment_status":"open","ping_status":"open","sticky":false,"template":"","format":"standard","meta":{"_monsterinsights_skip_tracking":false,"_monsterinsights_sitenote_active":false,"_monsterinsights_sitenote_note":"","_monsterinsights_sitenote_category":0,"footnotes":""},"categories":[35155],"tags":[43675,571,452,570],"class_list":["post-410973","post","type-post","status-publish","format-standard","has-post-thumbnail","hentry","category-estado-de-mexico-estado-de-mexico","tag-estado-de-mexico","tag-jose-narro-robles","tag-toluca","tag-unam"],"_links":{"self":[{"href":"https:\/\/www.diarioimagen.net\/index.php?rest_route=\/wp\/v2\/posts\/410973","targetHints":{"allow":["GET"]}}],"collection":[{"href":"https:\/\/www.diarioimagen.net\/index.php?rest_route=\/wp\/v2\/posts"}],"about":[{"href":"https:\/\/www.diarioimagen.net\/index.php?rest_route=\/wp\/v2\/types\/post"}],"author":[{"embeddable":true,"href":"https:\/\/www.diarioimagen.net\/index.php?rest_route=\/wp\/v2\/users\/3"}],"replies":[{"embeddable":true,"href":"https:\/\/www.diarioimagen.net\/index.php?rest_route=%2Fwp%2Fv2%2Fcomments&post=410973"}],"version-history":[{"count":0,"href":"https:\/\/www.diarioimagen.net\/index.php?rest_route=\/wp\/v2\/posts\/410973\/revisions"}],"wp:featuredmedia":[{"embeddable":true,"href":"https:\/\/www.diarioimagen.net\/index.php?rest_route=\/wp\/v2\/media\/411071"}],"wp:attachment":[{"href":"https:\/\/www.diarioimagen.net\/index.php?rest_route=%2Fwp%2Fv2%2Fmedia&parent=410973"}],"wp:term":[{"taxonomy":"category","embeddable":true,"href":"https:\/\/www.diarioimagen.net\/index.php?rest_route=%2Fwp%2Fv2%2Fcategories&post=410973"},{"taxonomy":"post_tag","embeddable":true,"href":"https:\/\/www.diarioimagen.net\/index.php?rest_route=%2Fwp%2Fv2%2Ftags&post=410973"}],"curies":[{"name":"wp","href":"https:\/\/api.w.org\/{rel}","templated":true}]}}