{"id":411001,"date":"2019-01-16T00:07:40","date_gmt":"2019-01-16T06:07:40","guid":{"rendered":"https:\/\/www.diarioimagen.net\/?p=411001"},"modified":"2019-01-16T04:42:49","modified_gmt":"2019-01-16T10:42:49","slug":"confrontacion","status":"publish","type":"post","link":"https:\/\/www.diarioimagen.net\/?p=411001","title":{"rendered":"\u201cConfrontaci\u00f3n\u201d"},"content":{"rendered":"<h2>Municiones<\/h2>\n<h5>Mauro Benites G.<\/h5>\n<p>&nbsp;<\/p>\n<p>No es un ofrecimiento gracioso el de L\u00f3pez Obrador asegurar que el ejecutivo propone y el congreso dispone: fue el electorado quien as\u00ed lo estipul\u00f3, con sus votos, fijando la f\u00f3rmula de la nueva gobernabilidad, al no votar por la mayor\u00eda del PRI y del PAN en el legislativo; con el resultado abrumador en favor de Morena.D\u00e1ndole el mensaje al presidente que su primera tarea ser\u00eda la de llegar a un acuerdo con el legislativo para aplicar el proyecto de cambio durante 18 a\u00f1os anunciado por el candidato L\u00f3pez.<\/p>\n<p>As\u00ed y solo as\u00ed se podr\u00eda conseguir la nueva gobernabilidad.<\/p>\n<p>Pero nada de eso se intent\u00f3 en su lugar el presidente busc\u00f3 presionar al empresariado, crear conglomerados alternos y conflictivos e insistiendo otra vez el presidente en la fricci\u00f3n con las oposiciones, propiciando desconcierto y divergencia en el ambiente pol\u00edtico social.<\/p>\n<p>Este esfuerzo se ha perdido en poco tiempo y no ha llegado a un acuerdo para garantizar estabilidad, simplemente porque el propio L\u00f3pez Obrador no se deja auxiliar y ha dilapidado sus mejores oportunidades y se erosionaron las buenas condiciones existentes al principio de su administraci\u00f3n.<\/p>\n<p>La tarea de los partidos principalmente el PRI est\u00e1 en asociarse a la ciudadan\u00eda, en recoger sus demandas, denunciar a los grandes ladrones sin importar su color pol\u00edtico, para detener el riesgo de la desesperanza, la irritaci\u00f3n y el hartazgo que se vive en esta crisis de credibilidad.Solo as\u00ed se pod\u00eda recuperar cierta confianza para redise\u00f1ar una nueva gobernabilidad, en unidad y respeto al marco jur\u00eddico constitucional vigente, donde todos los factores de la producci\u00f3n realicen sus actividades con autonom\u00eda. Eso esperamos por el bien de nuestro pa\u00eds.<\/p>\n<p><a href=\"mailto:%20%20mauben625@yahoo.com.mx\" target=\"_blank\" rel=\"noopener noreferrer\"><em>mauben625@yahoo.com.mx<\/em><\/a><\/p>\n","protected":false},"excerpt":{"rendered":"<p><span><span style=\"color: #005497;\"><strong>Mauro Benites G.<\/strong><\/span><\/span><\/p>\n","protected":false},"author":3,"featured_media":0,"comment_status":"open","ping_status":"open","sticky":false,"template":"","format":"standard","meta":{"_monsterinsights_skip_tracking":false,"_monsterinsights_sitenote_active":false,"_monsterinsights_sitenote_note":"","_monsterinsights_sitenote_category":0,"footnotes":""},"categories":[8466],"tags":[43702,27246,43674],"class_list":["post-411001","post","type-post","status-publish","format-standard","hentry","category-mauro-benites-g","tag-mauro-benites-g","tag-municiones","tag-opinion"],"_links":{"self":[{"href":"https:\/\/www.diarioimagen.net\/index.php?rest_route=\/wp\/v2\/posts\/411001","targetHints":{"allow":["GET"]}}],"collection":[{"href":"https:\/\/www.diarioimagen.net\/index.php?rest_route=\/wp\/v2\/posts"}],"about":[{"href":"https:\/\/www.diarioimagen.net\/index.php?rest_route=\/wp\/v2\/types\/post"}],"author":[{"embeddable":true,"href":"https:\/\/www.diarioimagen.net\/index.php?rest_route=\/wp\/v2\/users\/3"}],"replies":[{"embeddable":true,"href":"https:\/\/www.diarioimagen.net\/index.php?rest_route=%2Fwp%2Fv2%2Fcomments&post=411001"}],"version-history":[{"count":0,"href":"https:\/\/www.diarioimagen.net\/index.php?rest_route=\/wp\/v2\/posts\/411001\/revisions"}],"wp:attachment":[{"href":"https:\/\/www.diarioimagen.net\/index.php?rest_route=%2Fwp%2Fv2%2Fmedia&parent=411001"}],"wp:term":[{"taxonomy":"category","embeddable":true,"href":"https:\/\/www.diarioimagen.net\/index.php?rest_route=%2Fwp%2Fv2%2Fcategories&post=411001"},{"taxonomy":"post_tag","embeddable":true,"href":"https:\/\/www.diarioimagen.net\/index.php?rest_route=%2Fwp%2Fv2%2Ftags&post=411001"}],"curies":[{"name":"wp","href":"https:\/\/api.w.org\/{rel}","templated":true}]}}