{"id":411160,"date":"2019-01-17T00:10:52","date_gmt":"2019-01-17T06:10:52","guid":{"rendered":"https:\/\/www.diarioimagen.net\/?p=411160"},"modified":"2019-01-17T05:45:30","modified_gmt":"2019-01-17T11:45:30","slug":"senado-envia-a-ejecutivo-lista-de-aspirantes-a-fiscalia","status":"publish","type":"post","link":"https:\/\/www.diarioimagen.net\/?p=411160","title":{"rendered":"Senado env\u00eda a Ejecutivo lista de aspirantes a Fiscal\u00eda"},"content":{"rendered":"<ul>\n<li><strong><em>Para conformar la terna<\/em><\/strong><\/li>\n<\/ul>\n<p>&nbsp;<\/p>\n<div id=\"attachment_411238\" style=\"width: 470px\" class=\"wp-caption aligncenter\"><a href=\"https:\/\/www.diarioimagen.net\/?attachment_id=411238\" rel=\"attachment wp-att-411238\"><img loading=\"lazy\" decoding=\"async\" aria-describedby=\"caption-attachment-411238\" class=\"size-large wp-image-411238\" src=\"https:\/\/www.diarioimagen.net\/wp-content\/uploads\/2019\/01\/SENADO17a-460x259.jpg\" alt=\"\" width=\"460\" height=\"259\" srcset=\"https:\/\/www.diarioimagen.net\/wp-content\/uploads\/2019\/01\/SENADO17a-460x259.jpg 460w, https:\/\/www.diarioimagen.net\/wp-content\/uploads\/2019\/01\/SENADO17a-240x135.jpg 240w, https:\/\/www.diarioimagen.net\/wp-content\/uploads\/2019\/01\/SENADO17a-235x132.jpg 235w, https:\/\/www.diarioimagen.net\/wp-content\/uploads\/2019\/01\/SENADO17a-202x114.jpg 202w, https:\/\/www.diarioimagen.net\/wp-content\/uploads\/2019\/01\/SENADO17a-350x196.jpg 350w, https:\/\/www.diarioimagen.net\/wp-content\/uploads\/2019\/01\/SENADO17a-220x123.jpg 220w, https:\/\/www.diarioimagen.net\/wp-content\/uploads\/2019\/01\/SENADO17a-237x132.jpg 237w, https:\/\/www.diarioimagen.net\/wp-content\/uploads\/2019\/01\/SENADO17a.jpg 480w\" sizes=\"auto, (max-width: 460px) 100vw, 460px\" \/><\/a><p id=\"caption-attachment-411238\" class=\"wp-caption-text\">El Senado aprob\u00f3 por mayor\u00eda de 96 votos a favor y 21 en contra, el listado de 10 aspirantes a la Fiscal\u00eda General de la Rep\u00fablica.<\/p><\/div>\n<p>&nbsp;<\/p>\n<p>El pleno del Senado aprob\u00f3 por mayor\u00eda de 96 votos a favor y 21 en contra, el listado de 10 aspirantes a la Fiscal\u00eda General de la Rep\u00fablica que deber\u00e1 usar el presidente Andr\u00e9s Manuel L\u00f3pez Obrador para conformar la terna de la que finalmente saldr\u00e1 este funcionario.<\/p>\n<p>Durante su sesi\u00f3n de ayer mi\u00e9rcoles, dentro del Periodo Extraordinario de Sesiones que se cit\u00f3 para este tema y para la ratificaci\u00f3n de cuatro subsecretarios de la canciller\u00eda, se aprob\u00f3 dicho listado que present\u00f3 la Junta de Coordinaci\u00f3n Pol\u00edtica.<\/p>\n<p>Se trata de Bernardo B\u00e1tiz V\u00e1zquez, Estela Cadena Azcona, Eva Ver\u00f3nica de Gyves Z\u00e1rate, Alejandro Gertz Manero, Bernardo Jaime Gonz\u00e1lez Garza, Ernesto L\u00f3pez Saure, Lizbeth X\u00f3chitl Padilla Sanabria, Luis Manuel P\u00e9rez de Acha, Marcos Santana Montes y Julio \u00c1ngel Sabines Chesterking.<\/p>\n<p>Antes de la votaci\u00f3n y durante la discusi\u00f3n del dictamen que present\u00f3 al pleno la Junta de Coordinaci\u00f3n Pol\u00edtica, los senadores del Partido Acci\u00f3n Nacional (PAN) explicaron por qu\u00e9 su votaci\u00f3n ser\u00eda contraria.<\/p>\n<p>Hablaron Dami\u00e1n Zepeda, X\u00f3chitl G\u00e1lvez y Josefina V\u00e1zquez Mota, quienes defendieron que no est\u00e1n en contra de quienes aparecen en la lista, a quienes concedieron profesionalismo y preparaci\u00f3n, sino que est\u00e1n en contra del procedimiento que se sigui\u00f3 y de la posible dependencia del fiscal.<\/p>\n<p>V\u00e1zquez Mota aclar\u00f3 que \u201cno estamos en contra por ser oposici\u00f3n, sino porque lo estamos haciendo mal\u201d e incluso propuso que as\u00ed como se requiere la mayor\u00eda calificada para nombrar al fiscal, tambi\u00e9n se considere ese mismo requisito para removerlo.<\/p>\n","protected":false},"excerpt":{"rendered":"<p>El pleno del Senado aprob\u00f3 por mayor\u00eda de 96 votos a favor y 21 en contra, el listado de 10 aspirantes a la Fiscal\u00eda General de la Rep\u00fablica que deber\u00e1 usar el presidente Andr\u00e9s Manuel L\u00f3pez Obrador para conformar la terna de la que finalmente saldr\u00e1 este funcionario.<\/p>\n","protected":false},"author":3,"featured_media":411238,"comment_status":"open","ping_status":"open","sticky":false,"template":"","format":"standard","meta":{"_monsterinsights_skip_tracking":false,"_monsterinsights_sitenote_active":false,"_monsterinsights_sitenote_note":"","_monsterinsights_sitenote_category":0,"footnotes":""},"categories":[3],"tags":[1352,65036,1409],"class_list":["post-411160","post","type-post","status-publish","format-standard","has-post-thumbnail","hentry","category-nacional","tag-andres-manuel-lopez-obrador","tag-fiscalia-general-de-la-republica","tag-senado"],"_links":{"self":[{"href":"https:\/\/www.diarioimagen.net\/index.php?rest_route=\/wp\/v2\/posts\/411160","targetHints":{"allow":["GET"]}}],"collection":[{"href":"https:\/\/www.diarioimagen.net\/index.php?rest_route=\/wp\/v2\/posts"}],"about":[{"href":"https:\/\/www.diarioimagen.net\/index.php?rest_route=\/wp\/v2\/types\/post"}],"author":[{"embeddable":true,"href":"https:\/\/www.diarioimagen.net\/index.php?rest_route=\/wp\/v2\/users\/3"}],"replies":[{"embeddable":true,"href":"https:\/\/www.diarioimagen.net\/index.php?rest_route=%2Fwp%2Fv2%2Fcomments&post=411160"}],"version-history":[{"count":0,"href":"https:\/\/www.diarioimagen.net\/index.php?rest_route=\/wp\/v2\/posts\/411160\/revisions"}],"wp:featuredmedia":[{"embeddable":true,"href":"https:\/\/www.diarioimagen.net\/index.php?rest_route=\/wp\/v2\/media\/411238"}],"wp:attachment":[{"href":"https:\/\/www.diarioimagen.net\/index.php?rest_route=%2Fwp%2Fv2%2Fmedia&parent=411160"}],"wp:term":[{"taxonomy":"category","embeddable":true,"href":"https:\/\/www.diarioimagen.net\/index.php?rest_route=%2Fwp%2Fv2%2Fcategories&post=411160"},{"taxonomy":"post_tag","embeddable":true,"href":"https:\/\/www.diarioimagen.net\/index.php?rest_route=%2Fwp%2Fv2%2Ftags&post=411160"}],"curies":[{"name":"wp","href":"https:\/\/api.w.org\/{rel}","templated":true}]}}