{"id":411175,"date":"2019-01-17T00:07:40","date_gmt":"2019-01-17T06:07:40","guid":{"rendered":"https:\/\/www.diarioimagen.net\/?p=411175"},"modified":"2019-01-18T00:11:43","modified_gmt":"2019-01-18T06:11:43","slug":"mas-de-mil-hondurenos-cruzan-guatemala-para-ingresar-a-nuestro-pais","status":"publish","type":"post","link":"https:\/\/www.diarioimagen.net\/?p=411175","title":{"rendered":"M\u00e1s de mil hondure\u00f1os cruzan Guatemala para ingresar a nuestro pa\u00eds"},"content":{"rendered":"<ul>\n<li><em><strong>En busca del \u201csue\u00f1o americano\u201d<\/strong><\/em><\/li>\n<li><em><strong>Lograron pasar y registrarse en los controles migratorios por la frontera de Agua Caliente<\/strong><\/em><\/li>\n<\/ul>\n<p>&nbsp;<\/p>\n<div id=\"attachment_411231\" style=\"width: 470px\" class=\"wp-caption aligncenter\"><a href=\"https:\/\/www.diarioimagen.net\/?attachment_id=411231\" rel=\"attachment wp-att-411231\"><img loading=\"lazy\" decoding=\"async\" aria-describedby=\"caption-attachment-411231\" class=\"size-large wp-image-411231\" src=\"https:\/\/www.diarioimagen.net\/wp-content\/uploads\/2019\/01\/MIGRANTES17a-460x259.jpg\" alt=\"\" width=\"460\" height=\"259\" srcset=\"https:\/\/www.diarioimagen.net\/wp-content\/uploads\/2019\/01\/MIGRANTES17a-460x259.jpg 460w, https:\/\/www.diarioimagen.net\/wp-content\/uploads\/2019\/01\/MIGRANTES17a-240x135.jpg 240w, https:\/\/www.diarioimagen.net\/wp-content\/uploads\/2019\/01\/MIGRANTES17a-235x132.jpg 235w, https:\/\/www.diarioimagen.net\/wp-content\/uploads\/2019\/01\/MIGRANTES17a-202x114.jpg 202w, https:\/\/www.diarioimagen.net\/wp-content\/uploads\/2019\/01\/MIGRANTES17a-350x196.jpg 350w, https:\/\/www.diarioimagen.net\/wp-content\/uploads\/2019\/01\/MIGRANTES17a-220x123.jpg 220w, https:\/\/www.diarioimagen.net\/wp-content\/uploads\/2019\/01\/MIGRANTES17a-237x132.jpg 237w, https:\/\/www.diarioimagen.net\/wp-content\/uploads\/2019\/01\/MIGRANTES17a.jpg 480w\" sizes=\"auto, (max-width: 460px) 100vw, 460px\" \/><\/a><p id=\"caption-attachment-411231\" class=\"wp-caption-text\">La hondure\u00f1a Miria Zelaya, que va caminando con 12 familiares, sali\u00f3 desde Col\u00f3n y se dirige a Estados Unidos.<\/p><\/div>\n<p>&nbsp;<\/p>\n<p>M\u00e1s de mil migrantes de Honduras intentaban ayer cruzar Guatemala con direcci\u00f3n a la frontera con M\u00e9xico en busca de llegar a Estados Unidos. En tanto, m\u00e1s de un centenar de salvadore\u00f1os -entre ellos varios ni\u00f1os- partieron en una caravana a M\u00e9xico, donde esperan unirse a otro grupo de compatriotas<\/p>\n<p>Seg\u00fan registros oficiales de la Direcci\u00f3n de Migraci\u00f3n, poco m\u00e1s de mil 300 migrantes hondure\u00f1os lograron ingresar y registrarse en los controles migratorios por la frontera de Agua Caliente. Pero varios migrantes indicaron que obviaron el tr\u00e1mite y decidieron pasar por los puntos ciegos de la frontera.<\/p>\n<p>La hondure\u00f1a Miria Zelaya, que va caminando con 12 familiares, sali\u00f3 desde Col\u00f3n y se dirige a Estados Unidos. El ama de casa a\u00fan no sabe de qu\u00e9 trabajar\u00e1 si logra alcanzar su meta, pero de lo que est\u00e1 segura es de que quiere llegar pese al endurecimiento de la pol\u00edtica migratoria estadounidense, la separaci\u00f3n de ni\u00f1os y madres al cruzar la frontera y el env\u00edo de soldados al paso entre M\u00e9xico y Estados Unidos.<\/p>\n<p>\u201cEso no me desanima, puede m\u00e1s la necesidad\u201d, dijo Zelaya.<\/p>\n<p>El joven de 25 a\u00f1os H\u00e9ctor Alvarado, que no lleva ni una lempira (la moneda oficial hondure\u00f1a) en su bolsillo, dijo que no le qued\u00f3 m\u00e1s que emigrar pues en su pa\u00eds \u201cpor ser un opositor pol\u00edtico al partido oficial ya no me dan trabajo\u201d. Alvarado es locutor de profesi\u00f3n y la falta de trabajo lo oblig\u00f3 a buscar un mejor futuro. \u201cPor el Facebook me enter\u00e9 que pod\u00eda unirme a la caravana, me desped\u00ed de mi familia y agarr\u00e9 camino\u201d, agreg\u00f3.<\/p>\n<p>A pesar de no llevar dinero consigo intentar\u00e1 avanzar con la solidaridad de la gente sin ver hacia atr\u00e1s. \u201cYa los m\u00edos lloraron porque me iba, ahora tengo que seguir\u201d, explic\u00f3.<\/p>\n<p>El martes cientos de personas se registraron para poder recibir el permiso para permanecer en Guatemala por 90 d\u00edas con el cual dicen que viajar\u00e1n m\u00e1s seguros. A los migrantes a\u00fan les aguardan 537 kil\u00f3metros (333 millas) desde Agua Caliente -en la frontera entre Honduras y Guatemala- hasta el cruce de Tec\u00fan Um\u00e1n con M\u00e9xico.<\/p>\n<p>\u201cCon esta caravana estamos demostr\u00e1ndole a (el presidente estadounidense Donald) Trump que no hay muro que nos detenga\u201d, dijo un hombre que \u00fanicamente se identific\u00f3 como Jos\u00e9 y que llevaba el rostro cubierto con la camiseta de la selecci\u00f3n nacional de futbol de El Salvador, por miedo a represalias.<\/p>\n<p>&nbsp;<\/p>\n<blockquote>\n<h2 style=\"text-align: center;\">M\u00e9xico, pa\u00eds de huida de la migraci\u00f3n,<br \/>\npero no de refugio, investigadora<\/h2>\n<p>M\u00e9xico se ha convertido en un pa\u00eds de huida, pero no de refugio, pues es el primer recurso para que personas desplazadas por violencia tengan una m\u00ednima protecci\u00f3n legal, asegur\u00f3 la investigadora del Colegio de la Frontera Sur, Alista Winton.<\/p>\n<p>En su trabajo \u201cDesplazamiento por violencia: una cuesti\u00f3n de justicia social\u201d, publicado en la p\u00e1gina de dicha instituci\u00f3n, la estudiosa de los fen\u00f3menos migratorios comenta que para obtener esa protecci\u00f3n legal, la situaci\u00f3n de los centroamericanos se complica porque M\u00e9xico ha priorizado l\u00f3gicas de \u201csecuritizaci\u00f3n\u201d para la gesti\u00f3n de la frontera.<\/p>\n<p>Por lo anterior, Alista Winton asegur\u00f3 que la poblaci\u00f3n desplazada por violencia debe considerarse como un grupo vulnerable, al tener que moverse de manera no planeada y bajo condiciones de muy alto riesgo.<\/p>\n<p>Pese a esa situaci\u00f3n, apunta, el n\u00famero de solicitudes de asilo otorgadas en M\u00e9xico es peque\u00f1o frente a las cifras de deportaci\u00f3n. \u201cLas pol\u00edticas migratorias, en general, siguen siendo una barrera para el bienestar de las personas desplazadas\u201d, se\u00f1al\u00f3.<\/p>\n<p>La especialista enfatiz\u00f3 que el problema no es el hecho de moverse, sino las condiciones en que ocurre, por lo que la migraci\u00f3n, en vez de verse como un asunto de seguridad nacional, debe entenderse como una cuesti\u00f3n de justicia social.<\/p>\n<p>Consider\u00f3 que en los gobiernos anteriores no hubo inter\u00e9s pol\u00edtico en hacer que la Comisi\u00f3n Mexicana de Ayuda a Refugiados (Comar) tenga la capacidad de responder a la creciente demanda y complejidad de casos que recibe.<\/p>\n<p>Adem\u00e1s, la gesti\u00f3n en general gir\u00f3 en torno a una categorizaci\u00f3n pol\u00edtica migrante-refugiado que resulta anticuada y desconectada de la realidad.<\/p>\n<p>De acuerdo con la experta, aunque la mayor\u00eda de los migrantes ingresan al pa\u00eds con el prop\u00f3sito de llegar a Estados Unidos, hay algunas que aunque quieren quedarse en M\u00e9xico, siguen su camino hacia el norte al no encontrar las m\u00ednimas condiciones de seguridad y bienestar en territorio mexicano.<\/p>\n<p>Por ello, insisti\u00f3 en su an\u00e1lisis, la soluci\u00f3n no est\u00e1 en el endurecimiento de las fronteras y la persecuci\u00f3n, sino en nuevas pol\u00edticas integradas a la protecci\u00f3n de derechos que den cuenta de la situaci\u00f3n de desprotecci\u00f3n y de las nuevas realidades en las que se encuentran las personas desplazadas.<\/p>\n<p>La protecci\u00f3n no implica asistencialismo, sino apoyar las capacidades y estrategias de quienes tienen que desplazarse, en vez de atarles las manos, de tal manera que tanto el Estado como las pol\u00edticas p\u00fablicas son parte fundamental del problema como de la soluci\u00f3n, puntualiz\u00f3.<\/p><\/blockquote>\n","protected":false},"excerpt":{"rendered":"<p>M\u00e1s de mil migrantes de Honduras intentaban ayer cruzar Guatemala con direcci\u00f3n a la frontera con M\u00e9xico en busca de llegar a Estados Unidos. En tanto, m\u00e1s de un centenar de salvadore\u00f1os -entre ellos varios ni\u00f1os- partieron en una caravana a M\u00e9xico, donde esperan unirse a otro grupo de compatriotas<\/p>\n","protected":false},"author":3,"featured_media":411231,"comment_status":"open","ping_status":"open","sticky":false,"template":"","format":"standard","meta":{"_monsterinsights_skip_tracking":false,"_monsterinsights_sitenote_active":false,"_monsterinsights_sitenote_note":"","_monsterinsights_sitenote_category":0,"footnotes":""},"categories":[3],"tags":[81957,5075,1549,10383,43673,4430],"class_list":["post-411175","post","type-post","status-publish","format-standard","has-post-thumbnail","hentry","category-nacional","tag-cruzan","tag-guatemala","tag-honduras","tag-migrantes","tag-nacional","tag-pais"],"_links":{"self":[{"href":"https:\/\/www.diarioimagen.net\/index.php?rest_route=\/wp\/v2\/posts\/411175","targetHints":{"allow":["GET"]}}],"collection":[{"href":"https:\/\/www.diarioimagen.net\/index.php?rest_route=\/wp\/v2\/posts"}],"about":[{"href":"https:\/\/www.diarioimagen.net\/index.php?rest_route=\/wp\/v2\/types\/post"}],"author":[{"embeddable":true,"href":"https:\/\/www.diarioimagen.net\/index.php?rest_route=\/wp\/v2\/users\/3"}],"replies":[{"embeddable":true,"href":"https:\/\/www.diarioimagen.net\/index.php?rest_route=%2Fwp%2Fv2%2Fcomments&post=411175"}],"version-history":[{"count":0,"href":"https:\/\/www.diarioimagen.net\/index.php?rest_route=\/wp\/v2\/posts\/411175\/revisions"}],"wp:featuredmedia":[{"embeddable":true,"href":"https:\/\/www.diarioimagen.net\/index.php?rest_route=\/wp\/v2\/media\/411231"}],"wp:attachment":[{"href":"https:\/\/www.diarioimagen.net\/index.php?rest_route=%2Fwp%2Fv2%2Fmedia&parent=411175"}],"wp:term":[{"taxonomy":"category","embeddable":true,"href":"https:\/\/www.diarioimagen.net\/index.php?rest_route=%2Fwp%2Fv2%2Fcategories&post=411175"},{"taxonomy":"post_tag","embeddable":true,"href":"https:\/\/www.diarioimagen.net\/index.php?rest_route=%2Fwp%2Fv2%2Ftags&post=411175"}],"curies":[{"name":"wp","href":"https:\/\/api.w.org\/{rel}","templated":true}]}}