{"id":411189,"date":"2019-01-17T00:04:38","date_gmt":"2019-01-17T06:04:38","guid":{"rendered":"https:\/\/www.diarioimagen.net\/?p=411189"},"modified":"2019-01-17T05:55:49","modified_gmt":"2019-01-17T11:55:49","slug":"regresan-a-nicolas-romero-los-foros-ciudadanos-para-consultar-a-poblacion","status":"publish","type":"post","link":"https:\/\/www.diarioimagen.net\/?p=411189","title":{"rendered":"Regresan a Nicol\u00e1s Romero los foros ciudadanos para consultar a poblaci\u00f3n"},"content":{"rendered":"<ul>\n<li><strong><em>Para hacer radiograf\u00eda de necesidades<\/em><\/strong><\/li>\n<\/ul>\n<p>&nbsp;<\/p>\n<div id=\"attachment_411259\" style=\"width: 470px\" class=\"wp-caption aligncenter\"><a href=\"https:\/\/www.diarioimagen.net\/?attachment_id=411259\" rel=\"attachment wp-att-411259\"><img loading=\"lazy\" decoding=\"async\" aria-describedby=\"caption-attachment-411259\" class=\"size-large wp-image-411259\" src=\"https:\/\/www.diarioimagen.net\/wp-content\/uploads\/2019\/01\/NICOLAS-17-460x259.jpg\" alt=\"\" width=\"460\" height=\"259\" srcset=\"https:\/\/www.diarioimagen.net\/wp-content\/uploads\/2019\/01\/NICOLAS-17-460x259.jpg 460w, https:\/\/www.diarioimagen.net\/wp-content\/uploads\/2019\/01\/NICOLAS-17-240x135.jpg 240w, https:\/\/www.diarioimagen.net\/wp-content\/uploads\/2019\/01\/NICOLAS-17-235x132.jpg 235w, https:\/\/www.diarioimagen.net\/wp-content\/uploads\/2019\/01\/NICOLAS-17-202x114.jpg 202w, https:\/\/www.diarioimagen.net\/wp-content\/uploads\/2019\/01\/NICOLAS-17-350x196.jpg 350w, https:\/\/www.diarioimagen.net\/wp-content\/uploads\/2019\/01\/NICOLAS-17-220x123.jpg 220w, https:\/\/www.diarioimagen.net\/wp-content\/uploads\/2019\/01\/NICOLAS-17-237x132.jpg 237w, https:\/\/www.diarioimagen.net\/wp-content\/uploads\/2019\/01\/NICOLAS-17.jpg 480w\" sizes=\"auto, (max-width: 460px) 100vw, 460px\" \/><\/a><p id=\"caption-attachment-411259\" class=\"wp-caption-text\">Los foros tocar\u00e1n cuatro ejes tem\u00e1ticos: social, econ\u00f3mico, territorial y seguridad, adem\u00e1s de ejes transversales, como igualdad de g\u00e9nero, gobierno moderno, capaz y responsable, y tecnolog\u00eda y coordinaci\u00f3n para el buen gobierno.<\/p><\/div>\n<p>&nbsp;<\/p>\n<p><strong>Nicol\u00e1s Romero, Estado de M\u00e9xico<\/strong>.- La segunda etapa de los Foros Ciudadanos Nicol\u00e1s Romero tienen como objetivo revivir la participaci\u00f3n ciudadana en el municipio, por lo cuaL se realizar\u00e1n del 20 de enero al 3 de febrero.<\/p>\n<p>En esta actividad, los vecinos del municipio podr\u00e1n hacer propuestas para actualizar y mejorar las pol\u00edticas p\u00fablicas en la demarcaci\u00f3n. Esta vez, los Foros Ciudadanos recorrer\u00e1n la cabecera municipal y los 10 pueblos de Nicol\u00e1s Romero: Barr\u00f3n, La Colmena, San Ildefonso, Mag\u00fa, San Jos\u00e9 el Vidrio, San Juan de las Tablas, Cahuac\u00e1n, El Progreso Industrial, San Miguel Hila y Transfiguraci\u00f3n. Tocar\u00e1n cuatro ejes tem\u00e1ticos: social, econ\u00f3mico, territorial y seguridad, adem\u00e1s de ejes transversales como igualdad de g\u00e9nero, gobierno moderno, capaz y responsable, y tecnolog\u00eda y coordinaci\u00f3n para el buen gobierno. La inauguraci\u00f3n se realizar\u00e1 el domingo 20 de enero a las 10:00 horas en la explanada municipal.<\/p>\n<p>Para participar en cada comunidad, los interesados deber\u00e1n registrarse y entregar su propuesta en las carpas dispuestas para ello el d\u00eda de la actividad.<\/p>\n<p>Habr\u00e1 ponencias durante el d\u00eda y la tarde para ampliar el horario de la participaci\u00f3n y todas las propuestas ser\u00e1n capturadas y entregadas al alcalde al finalizar la segunda etapa de los Foros Ciudadanos.<\/p>\n<p>A finales del a\u00f1o pasado, la Universidad Tecnol\u00f3gica Fidel Vel\u00e1zquez fue la sede de la primera etapa de las ponencias.<\/p>\n<p>Sumado a los foros y como parte de la promoci\u00f3n de la participaci\u00f3n ciudadana, el gobierno de Nicol\u00e1s Romero, encabezado por el presidente municipal, Armando Navarrete, tambi\u00e9n ha anunciado la realizaci\u00f3n de los lunes de atenci\u00f3n ciudadana.<\/p>\n","protected":false},"excerpt":{"rendered":"<p>La segunda etapa de los Foros Ciudadanos Nicol\u00e1s Romero tienen como objetivo revivir la participaci\u00f3n ciudadana en el municipio, por lo cuaL se realizar\u00e1n del 20 de enero al 3 de febrero.<\/p>\n","protected":false},"author":3,"featured_media":411259,"comment_status":"open","ping_status":"open","sticky":false,"template":"","format":"standard","meta":{"_monsterinsights_skip_tracking":false,"_monsterinsights_sitenote_active":false,"_monsterinsights_sitenote_note":"","_monsterinsights_sitenote_category":0,"footnotes":""},"categories":[35155],"tags":[43675,79870,752,7017],"class_list":["post-411189","post","type-post","status-publish","format-standard","has-post-thumbnail","hentry","category-estado-de-mexico-estado-de-mexico","tag-estado-de-mexico","tag-foros","tag-nicolas-romero","tag-poblacion"],"_links":{"self":[{"href":"https:\/\/www.diarioimagen.net\/index.php?rest_route=\/wp\/v2\/posts\/411189","targetHints":{"allow":["GET"]}}],"collection":[{"href":"https:\/\/www.diarioimagen.net\/index.php?rest_route=\/wp\/v2\/posts"}],"about":[{"href":"https:\/\/www.diarioimagen.net\/index.php?rest_route=\/wp\/v2\/types\/post"}],"author":[{"embeddable":true,"href":"https:\/\/www.diarioimagen.net\/index.php?rest_route=\/wp\/v2\/users\/3"}],"replies":[{"embeddable":true,"href":"https:\/\/www.diarioimagen.net\/index.php?rest_route=%2Fwp%2Fv2%2Fcomments&post=411189"}],"version-history":[{"count":0,"href":"https:\/\/www.diarioimagen.net\/index.php?rest_route=\/wp\/v2\/posts\/411189\/revisions"}],"wp:featuredmedia":[{"embeddable":true,"href":"https:\/\/www.diarioimagen.net\/index.php?rest_route=\/wp\/v2\/media\/411259"}],"wp:attachment":[{"href":"https:\/\/www.diarioimagen.net\/index.php?rest_route=%2Fwp%2Fv2%2Fmedia&parent=411189"}],"wp:term":[{"taxonomy":"category","embeddable":true,"href":"https:\/\/www.diarioimagen.net\/index.php?rest_route=%2Fwp%2Fv2%2Fcategories&post=411189"},{"taxonomy":"post_tag","embeddable":true,"href":"https:\/\/www.diarioimagen.net\/index.php?rest_route=%2Fwp%2Fv2%2Ftags&post=411189"}],"curies":[{"name":"wp","href":"https:\/\/api.w.org\/{rel}","templated":true}]}}