{"id":411208,"date":"2019-01-17T00:02:47","date_gmt":"2019-01-17T06:02:47","guid":{"rendered":"https:\/\/www.diarioimagen.net\/?p=411208"},"modified":"2019-01-17T02:26:00","modified_gmt":"2019-01-17T08:26:00","slug":"un-no-pero-si","status":"publish","type":"post","link":"https:\/\/www.diarioimagen.net\/?p=411208","title":{"rendered":"Un no, pero s\u00ed"},"content":{"rendered":"<h2>De pe a pa<\/h2>\n<h5>Alberto Vieyra G.<\/h5>\n<p>&nbsp;<\/p>\n<p>En la cabeza y en la agenda pol\u00edtica de Andr\u00e9s Manuel L\u00f3pez Obrador no figura el vocablo <em>derrota <\/em>y en cambio, asoman dos t\u00e9rminos peligrosos para M\u00e9xico: autoritarismo y tiran\u00eda.<\/p>\n<p>La semana pasada, la C\u00e1mara de Diputados organiz\u00f3 unos foros sobre la creaci\u00f3n de la Guardia Nacional, pues el clamor de organismos defensores de los derechos humanos en M\u00e9xico y organismos internacionales, como la ONU y la Comisi\u00f3n Interamericana de los Derechos Humanos, alertaban sobre lo peligroso que ser\u00eda crear ese cuerpo militar, encargado de la seguridad del pa\u00eds, bajo las \u00f3rdenes de la Secretar\u00eda de la Defensa Nacional.<\/p>\n<p>Sorprendi\u00f3 a propios y extra\u00f1os que el secretario de Seguridad, Alfonso Durazo Monta\u00f1o, dijera ante diputados y expertos que el r\u00e9gimen lopezobradorista rectificaba, por lo que la dichosa Guardia Nacional no tendr\u00eda mando militar, sino civil, reculaci\u00f3n que fue interpretada como una derrota pol\u00edtica para L\u00f3pez Obrador y una contundente victoria de la sociedad civil. <em>Pero niguas<\/em>.<\/p>\n<p>Pero como el Presidente no conoce la palabra derrota, el pasado martes en su soliloquio ma\u00f1anero desde Palacio Nacional, har\u00eda la rectificaci\u00f3n de la rectificaci\u00f3n anunciado que \u201cLa Guardia Nacional tendr\u00eda mando administrativo en la Secretar\u00eda de Seguridad y mando operativo en la Sedena\u201d. Por fin, en qu\u00e9 quedamos pelona, me llevas o no me llevas. Debemos entender los mexicanos que estamos ante un gobierno <em>achimultrofeado<\/em> y con graves problemas emocionales cuando un d\u00eda dice que no, y al otro d\u00eda dice que s\u00ed o viceversa.\u00a0 \u00bfO qu\u00e9 el se\u00f1or Durazo Monta\u00f1o se fue por la libre o no sabe entender al Presidente? \u00bfC\u00f3mo queda Durazo ante la opini\u00f3n p\u00fablica nacional? Muy mal parado y sin ninguna credibilidad y como <em>el Supremo de Palacio Nacion<\/em>al lo ha dejado de en entre dicho, seguramente no tardar\u00e1 en aventar el arpa, o a menos que sepa tragar sapos sin hacer gestos y con una sonrisa saber pedir m\u00e1s sapos, pues sabido es que el ex secretario particular de Luis Donaldo Colosio quiere ser gobernador de Sonora y \u00a1al precio que sea!<\/p>\n<p>\u00bfUna Guardia Nacional o una serpiente con muchas cabezas? \u00a1Qu\u00e9 peligroso! \u00bfA qui\u00e9n obedecer\u00e1 primero a la Sedena o a Durazo? \u00bfQui\u00e9n garantiza una coordinaci\u00f3n para acabar con la barbarie que impera en M\u00e9xico a cargo de los grupos delincuenciales? \u00bfQui\u00e9n nos garantiza que no habr\u00e1 confusi\u00f3n y ordenes cruzadas? \u00bfNo se echar\u00e1n la pelotita entre uno y otro? \u00bfNo ser\u00e1 que hay gato encerrado? \u00bfSi la Guardia Nacional tendr\u00e1 mando civil y operativo militar, cu\u00e1l es el chiste de reformar la Constituci\u00f3n de la Rep\u00fablica? \u00bfQu\u00e9 no bastar\u00eda con la ley que rige a la polic\u00eda federal o se trata de constitucionalizar el uso del Ej\u00e9rcito y la Armada de M\u00e9xico en tareas de polic\u00edas, que tanto desprestigio les ha tra\u00eddo a nuestros Juanes? Recu\u00e9rdese que en el ocaso del sexenio pe\u00f1ista la Suprema Corte de Justicia de la Naci\u00f3n le dio pa\u2019atr\u00e1s por \u201cinconstitucional\u201d a la Ley de Seguridad Interna, con lo cual se obligaba al Ej\u00e9rcito mexicano a regresar a sus cuarteles.<\/p>\n<p>No hay duda, que estamos ante una inminente militarizaci\u00f3n de la naci\u00f3n azteca disfrazada de Guardia Nacional, integrada por elementos de la polic\u00eda naval, militar y de la polic\u00eda federal.<\/p>\n<p>No hay duda que el se\u00f1or L\u00f3pez y sus legisladores morenistas est\u00e1n creando un verdadero desbarajuste nacional.<\/p>\n<p><em><a href=\"mailto:info@agenciamn.com\" target=\"_blank\" rel=\"noopener\">info@agenciamn.com<\/a><\/em><\/p>\n","protected":false},"excerpt":{"rendered":"<p><span style=\"color: #005497;\"><strong>Alberto Vieyra G.<\/strong><\/span><\/p>\n","protected":false},"author":3,"featured_media":0,"comment_status":"open","ping_status":"open","sticky":false,"template":"","format":"standard","meta":{"_monsterinsights_skip_tracking":false,"_monsterinsights_sitenote_active":false,"_monsterinsights_sitenote_note":"","_monsterinsights_sitenote_category":0,"footnotes":""},"categories":[4596],"tags":[43697,4597,43674],"class_list":["post-411208","post","type-post","status-publish","format-standard","hentry","category-alberto-vieyra-g","tag-alberto-vieyra-g","tag-de-pe-a-pa","tag-opinion"],"_links":{"self":[{"href":"https:\/\/www.diarioimagen.net\/index.php?rest_route=\/wp\/v2\/posts\/411208","targetHints":{"allow":["GET"]}}],"collection":[{"href":"https:\/\/www.diarioimagen.net\/index.php?rest_route=\/wp\/v2\/posts"}],"about":[{"href":"https:\/\/www.diarioimagen.net\/index.php?rest_route=\/wp\/v2\/types\/post"}],"author":[{"embeddable":true,"href":"https:\/\/www.diarioimagen.net\/index.php?rest_route=\/wp\/v2\/users\/3"}],"replies":[{"embeddable":true,"href":"https:\/\/www.diarioimagen.net\/index.php?rest_route=%2Fwp%2Fv2%2Fcomments&post=411208"}],"version-history":[{"count":0,"href":"https:\/\/www.diarioimagen.net\/index.php?rest_route=\/wp\/v2\/posts\/411208\/revisions"}],"wp:attachment":[{"href":"https:\/\/www.diarioimagen.net\/index.php?rest_route=%2Fwp%2Fv2%2Fmedia&parent=411208"}],"wp:term":[{"taxonomy":"category","embeddable":true,"href":"https:\/\/www.diarioimagen.net\/index.php?rest_route=%2Fwp%2Fv2%2Fcategories&post=411208"},{"taxonomy":"post_tag","embeddable":true,"href":"https:\/\/www.diarioimagen.net\/index.php?rest_route=%2Fwp%2Fv2%2Ftags&post=411208"}],"curies":[{"name":"wp","href":"https:\/\/api.w.org\/{rel}","templated":true}]}}