{"id":411216,"date":"2019-01-17T00:05:37","date_gmt":"2019-01-17T06:05:37","guid":{"rendered":"https:\/\/www.diarioimagen.net\/?p=411216"},"modified":"2019-01-17T02:33:44","modified_gmt":"2019-01-17T08:33:44","slug":"falta-de-seriedad-de-funcionarios","status":"publish","type":"post","link":"https:\/\/www.diarioimagen.net\/?p=411216","title":{"rendered":"Falta de seriedad de funcionarios"},"content":{"rendered":"<h2>Desde el portal<\/h2>\n<h5>\u00c1ngel Soriano<\/h5>\n<p>&nbsp;<\/p>\n<p>El diputado Ricardo Garc\u00eda Escalante del PAN, lament\u00f3 la falta de seriedad y compromiso de los titulares de Hacienda, Energ\u00eda, Pemex y Profeco al no acudir a la reuni\u00f3n convocada para el lunes 14 por los diputados para que informaran c\u00f3mo va el tema del combate del robo de combustibles y el desabasto que ocasiona.<\/p>\n<p>Dijo que la Comisi\u00f3n Permanente, particularmente la Tercera Comisi\u00f3n convocante, \u201cest\u00e1 dispuesta a recibirlos cuando ellos quieran, porque \u00e9ste es un problema que afecta a todos y cada uno de los mexicanos, sin distingo de colores, ni de ideolog\u00eda partidista\u201d.<\/p>\n<p>Los funcionarios decidieron no acudir, porque el Presidente de la Rep\u00fablica los hab\u00eda enviado a realizar alguna actividad que tiene que ver con su trabajo\u201d, dijo.\u00a0 El senador Jos\u00e9 F\u00e9lix Salgado Macedonio resalt\u00f3 que los funcionarios deben acudir al Congreso de la Uni\u00f3n e informar en qu\u00e9 condiciones encontraron esas dependencias y cu\u00e1l era la funci\u00f3n de ellos; se tienen que respaldar las acciones del Presidente de la Rep\u00fablica.<\/p>\n<p>\u201cSabemos que hay molestia, pero vale la pena. Nunca hab\u00edamos visto lo que ahora estamos viviendo. Pensaba yo que se robaba la gasolina en la gasolinera, que te daban litros de menos, pero no ten\u00eda ni siquiera la m\u00e1s remota idea de la magnitud del robo oficial desde el gobierno y los huachicoleros\u201d.<\/p>\n<p>La senadora Minerva Citlalli Hern\u00e1ndez Mora argument\u00f3 que el Poder Legislativo tiene la obligaci\u00f3n y el derecho de escuchar a los funcionarios sobre este plan hist\u00f3rico de combate al robo de combustibles. \u201cLo que me parece que no es leg\u00edtimo es que tratemos de manipular la informaci\u00f3n y decir que los funcionarios nos dieron la espalda y que somos ignorados por el Poder Legislativo\u201d.<\/p>\n<p style=\"text-align: center;\"><strong>TURBULENCIAS<br \/>\n<\/strong><strong>Jim\u00e9nez y Meneses <\/strong><strong>puntea interinato<\/strong><\/p>\n<p>El diputado presidente del Congreso Local de Puebla, Jos\u00e9 Juan Espinosa Torres, dijo que tienen como l\u00edmite el 25 de enero para establecer consensos para elegir gobernador interino hasta por 5 meses, para convocar a elecciones extraordinarias para gobernador constitucional, y acept\u00f3 que hay cuando menos una veintena de aspirantes, de diversos sectores, que aspiran al cargo.<\/p>\n<p>Y dentro de esos aspirantes \u2013consideran los poblanos-, s\u00f3lo elegir\u00e1n a uno, y quien re\u00fane el perfil adecuado es el ex secretario de Gobernaci\u00f3n de la entidad, H\u00e9ctor Jim\u00e9nez y Meneses, por su buena relaci\u00f3n con distintos actores pol\u00edticos, conciliador y conocedor de la sociedad poblana que lo considera como uno de los suyos\u2026El diputado Juan Pablo Villag\u00f3mez S\u00e1nchez, presidente de la Comisi\u00f3n de L\u00edmites Territoriales del Estado de M\u00e9xico y Municipios de la 60 Legislatura, exhort\u00f3 a los alcaldes de Otzolotepec y Lerma, Erika Sevilla Alvarado y Jaime Cervantes S\u00e1nchez, respectivamente, a conciliar su diferendo lim\u00edtrofe para economizar tiempos y llegar a un acuerdo amistoso que beneficie a los mil 500 habitantes del barrio El Espino. ..Los congresos locales de Guerrero y Oaxaca \u2014aunque deber\u00eda ser el Congreso de la Uni\u00f3n- declarar\u00e1n persona non grata al falso ambientalista Gabriel Quadri de la Torre por sus declaraciones racistas e incongruentes en contra de Chiapas, Guerrero y Oaxaca, que representan una de las m\u00e1s vastas riquezas naturales y culturales del pa\u00eds. Quadri se ha ganado el desprecio de los mexicanos\u2026La universidad del futuro es impensable sin autonom\u00eda y vulnerar esta garant\u00eda de libertades afecta en primera y \u00faltima instancia a la sociedad, porque extingue la perspectiva de un proyecto de naci\u00f3n libre y soberana, dijo el rector de la Universidad Aut\u00f3noma del estado de M\u00e9xico, Alfredo Barrera Baca, durante la sesi\u00f3n extraordinaria solemne del H. Consejo Universitario, con la cual iniciaron las actividades conmemorativas al 75 aniversario de la autonom\u00eda de la UAEM. El rector dijo que la comunidad de esta casa de estudios acepta y promueve la austeridad, pero a trav\u00e9s de alternativas que eviten la precariedad de cient\u00edficos, docentes y trabajadores\u2026Este viernes 18, en Villahermosa, tomar\u00e1 posesi\u00f3n de la Federaci\u00f3n de Colegios de Agr\u00f3nomos de la Rep\u00fablica Mexicana A.C., el doctor Cruz Alberto Uc Hern\u00e1ndez, en presencia del titular de la Sagarpa, V\u00ecctor Manuel Villalobos Ar\u00e1mbula y el gobernador de Tabasco, Ad\u00e1n Augusto L\u00f3pez, entre otros invitados\u2026<\/p>\n<p><a href=\"https:\/\/twitter.com\/brecharevista\" target=\"_blank\" rel=\"noopener\"><em>@BrechaRevista<\/em><\/a><br \/>\n<em><a href=\"mailto:asorianodesdelportalo@hotmail.com\" target=\"_blank\" rel=\"noopener\">asorianodesdelportalo@hotmail.com<\/a><\/em><\/p>\n","protected":false},"excerpt":{"rendered":"<p><span style=\"color: #005497;\"><strong>\u00c1ngel Soriano<\/strong><\/span><\/p>\n","protected":false},"author":3,"featured_media":0,"comment_status":"open","ping_status":"open","sticky":false,"template":"","format":"standard","meta":{"_monsterinsights_skip_tracking":false,"_monsterinsights_sitenote_active":false,"_monsterinsights_sitenote_note":"","_monsterinsights_sitenote_category":0,"footnotes":""},"categories":[135],"tags":[85,86,43674],"class_list":["post-411216","post","type-post","status-publish","format-standard","hentry","category-angel-soriano-opinion","tag-angel-soriano","tag-desde-el-portal","tag-opinion"],"_links":{"self":[{"href":"https:\/\/www.diarioimagen.net\/index.php?rest_route=\/wp\/v2\/posts\/411216","targetHints":{"allow":["GET"]}}],"collection":[{"href":"https:\/\/www.diarioimagen.net\/index.php?rest_route=\/wp\/v2\/posts"}],"about":[{"href":"https:\/\/www.diarioimagen.net\/index.php?rest_route=\/wp\/v2\/types\/post"}],"author":[{"embeddable":true,"href":"https:\/\/www.diarioimagen.net\/index.php?rest_route=\/wp\/v2\/users\/3"}],"replies":[{"embeddable":true,"href":"https:\/\/www.diarioimagen.net\/index.php?rest_route=%2Fwp%2Fv2%2Fcomments&post=411216"}],"version-history":[{"count":0,"href":"https:\/\/www.diarioimagen.net\/index.php?rest_route=\/wp\/v2\/posts\/411216\/revisions"}],"wp:attachment":[{"href":"https:\/\/www.diarioimagen.net\/index.php?rest_route=%2Fwp%2Fv2%2Fmedia&parent=411216"}],"wp:term":[{"taxonomy":"category","embeddable":true,"href":"https:\/\/www.diarioimagen.net\/index.php?rest_route=%2Fwp%2Fv2%2Fcategories&post=411216"},{"taxonomy":"post_tag","embeddable":true,"href":"https:\/\/www.diarioimagen.net\/index.php?rest_route=%2Fwp%2Fv2%2Ftags&post=411216"}],"curies":[{"name":"wp","href":"https:\/\/api.w.org\/{rel}","templated":true}]}}