{"id":411306,"date":"2019-01-18T00:11:44","date_gmt":"2019-01-18T06:11:44","guid":{"rendered":"https:\/\/www.diarioimagen.net\/?p=411306"},"modified":"2019-01-18T01:58:01","modified_gmt":"2019-01-18T07:58:01","slug":"reciben-7-municipios-mexiquenses-apoyo-ante-bajas-temperaturas","status":"publish","type":"post","link":"https:\/\/www.diarioimagen.net\/?p=411306","title":{"rendered":"Reciben siete municipios mexiquenses apoyo ante las bajas temperaturas"},"content":{"rendered":"<ul>\n<li><strong><em>Declaratoria de Emergencia Extraordinaria<\/em><\/strong><\/li>\n<\/ul>\n<p>&nbsp;<\/p>\n<div id=\"attachment_411307\" style=\"width: 355px\" class=\"wp-caption aligncenter\"><img loading=\"lazy\" decoding=\"async\" aria-describedby=\"caption-attachment-411307\" class=\"wp-image-411307 size-large\" src=\"https:\/\/www.diarioimagen.net\/wp-content\/uploads\/2019\/01\/FRIO18-pooortal-345x460.jpg\" alt=\"\" width=\"345\" height=\"460\" srcset=\"https:\/\/www.diarioimagen.net\/wp-content\/uploads\/2019\/01\/FRIO18-pooortal-345x460.jpg 345w, https:\/\/www.diarioimagen.net\/wp-content\/uploads\/2019\/01\/FRIO18-pooortal-180x240.jpg 180w, https:\/\/www.diarioimagen.net\/wp-content\/uploads\/2019\/01\/FRIO18-pooortal.jpg 700w\" sizes=\"auto, (max-width: 345px) 100vw, 345px\" \/><p id=\"caption-attachment-411307\" class=\"wp-caption-text\">Inicia Protecci\u00f3n Civil del Estado de M\u00e9xico entrega de cobertores, colchonetas y despensas para la poblaci\u00f3n de siete municipios.<\/p><\/div>\n<p>&nbsp;<\/p>\n<p><strong>Toluca, Estado de M\u00e9xico<\/strong>.- Ante la Declaratoria de Emergencia Extraordinaria para los municipios de Villa Victoria, Villa de Allende, San Jos\u00e9 del Rinc\u00f3n, Ixtapan del Oro, San Felipe del Progreso, Temascaltepec y Donato Guerra, emitida por la Secretar\u00eda de Gobernaci\u00f3n, se activaron los recursos del Fondo para la Atenci\u00f3n de Emergencias (FONDEN) en apoyo a la poblaci\u00f3n mexiquense m\u00e1s vulnerable, dentro del Programa de Protecci\u00f3n para la Temporada Invernal 2018-2019.<\/p>\n<p>El gobierno del Estado de M\u00e9xico, a trav\u00e9s de la Coordinaci\u00f3n General de Protecci\u00f3n Civil de la Secretar\u00eda General de Gobierno, inici\u00f3, a partir de ayer y hasta el 23 de enero, la entrega de insumos que constan de cobertores, colchonetas y despensas para la poblaci\u00f3n de los municipios antes mencionados.<\/p>\n<p>Dichas tareas ser\u00e1n encabezadas por el coordinador general de Protecci\u00f3n Civil, Luis Felipe Puente Espinosa, y los responsables de las regiones de Atlacomulco, Ixtlahuaca y Valle de Bravo.<\/p>\n<p>Estas acciones cumplen con las instrucciones del gobernador del Estado de M\u00e9xico, Alfredo Del Mazo Maza, para que las y los mexiquenses est\u00e9n protegidos en esta temporada de bajas temperaturas.<\/p>\n<p>No obstante, se exhorta a la poblaci\u00f3n a mantenerse informada del pron\u00f3stico del clima, abrigarse con ropa gruesa, proteger el rostro y la cabeza, cubrir nariz y boca para evitar enfermedades respiratorias, adem\u00e1s de proteger a personas mayores y ni\u00f1os.<\/p>\n","protected":false},"excerpt":{"rendered":"<p>Ante la Declaratoria de Emergencia Extraordinaria para los municipios de Villa Victoria, Villa de Allende, San Jos\u00e9 del Rinc\u00f3n, Ixtapan del Oro, San Felipe del Progreso, Temascaltepec y Donato Guerra, emitida por la Secretar\u00eda de Gobernaci\u00f3n, se activaron los recursos del Fondo para la Atenci\u00f3n de Emergencias (FONDEN) en apoyo a la poblaci\u00f3n mexiquense m\u00e1s vulnerable, dentro del Programa de Protecci\u00f3n para la Temporada Invernal 2018-2019.<\/p>\n","protected":false},"author":5,"featured_media":411308,"comment_status":"open","ping_status":"open","sticky":false,"template":"","format":"standard","meta":{"_monsterinsights_skip_tracking":false,"_monsterinsights_sitenote_active":false,"_monsterinsights_sitenote_note":"","_monsterinsights_sitenote_category":0,"footnotes":""},"categories":[5],"tags":[81976,776,43675,452,23757,5070],"class_list":["post-411306","post","type-post","status-publish","format-standard","has-post-thumbnail","hentry","category-estado-de-mexico","tag-7-municipios-mexiquenses","tag-bajas-temperaturas","tag-estado-de-mexico","tag-toluca","tag-villa-de-allende","tag-villa-victoria"],"_links":{"self":[{"href":"https:\/\/www.diarioimagen.net\/index.php?rest_route=\/wp\/v2\/posts\/411306","targetHints":{"allow":["GET"]}}],"collection":[{"href":"https:\/\/www.diarioimagen.net\/index.php?rest_route=\/wp\/v2\/posts"}],"about":[{"href":"https:\/\/www.diarioimagen.net\/index.php?rest_route=\/wp\/v2\/types\/post"}],"author":[{"embeddable":true,"href":"https:\/\/www.diarioimagen.net\/index.php?rest_route=\/wp\/v2\/users\/5"}],"replies":[{"embeddable":true,"href":"https:\/\/www.diarioimagen.net\/index.php?rest_route=%2Fwp%2Fv2%2Fcomments&post=411306"}],"version-history":[{"count":0,"href":"https:\/\/www.diarioimagen.net\/index.php?rest_route=\/wp\/v2\/posts\/411306\/revisions"}],"wp:featuredmedia":[{"embeddable":true,"href":"https:\/\/www.diarioimagen.net\/index.php?rest_route=\/wp\/v2\/media\/411308"}],"wp:attachment":[{"href":"https:\/\/www.diarioimagen.net\/index.php?rest_route=%2Fwp%2Fv2%2Fmedia&parent=411306"}],"wp:term":[{"taxonomy":"category","embeddable":true,"href":"https:\/\/www.diarioimagen.net\/index.php?rest_route=%2Fwp%2Fv2%2Fcategories&post=411306"},{"taxonomy":"post_tag","embeddable":true,"href":"https:\/\/www.diarioimagen.net\/index.php?rest_route=%2Fwp%2Fv2%2Ftags&post=411306"}],"curies":[{"name":"wp","href":"https:\/\/api.w.org\/{rel}","templated":true}]}}