{"id":411311,"date":"2019-01-18T00:10:43","date_gmt":"2019-01-18T06:10:43","guid":{"rendered":"https:\/\/www.diarioimagen.net\/?p=411311"},"modified":"2019-01-18T01:57:56","modified_gmt":"2019-01-18T07:57:56","slug":"capacitan-en-cultura-de-paz-a-docentes-de-mas-de-800-escuelas","status":"publish","type":"post","link":"https:\/\/www.diarioimagen.net\/?p=411311","title":{"rendered":"Miner\u00eda contribuye a fomentar el empleo"},"content":{"rendered":"<h2>Arco Norte<\/h2>\n<h5>Jos\u00e9 Luis Monta\u00f1ez Aguilar<\/h5>\n<p>&nbsp;<\/p>\n<p>La actividad minera tiene un gran futuro en el Estado de M\u00e9xico y en los siguientes a\u00f1os, crecer\u00e1 de manera\u00a0 importante, lo que se traducir\u00e1 en el fomento de empleo directo e indirecto para habitantes de distintos municipios del sur de la entidad.<\/p>\n<p>El director del Instituto de Fomento Minero y Estudios Geol\u00f3gicos del Estado de M\u00e9xico (Ifomegem), Jos\u00e9 Luis Hidalgo Hernando, organismo dependiente de la Secretar\u00eda de Desarrollo Econ\u00f3mico (Sedeco), detall\u00f3 que en la actualidad funcionan tres grandes minas en la regi\u00f3n sur del estado, dedicadas a la extracci\u00f3n de zinc, plata y plomo, y sus actividades han contribuido a dar ocupaci\u00f3n a pobladores de la zona, adem\u00e1s de impulsar el crecimiento econ\u00f3mico.<\/p>\n<p>Destac\u00f3 que atendiendo la instrucci\u00f3n del gobernador Alfredo Del Mazo Maza, en el sentido de impulsar las vocaciones productivas de cada una de las regiones de la entidad mexiquense, la Sedeco determin\u00f3 que en el sur del estado, la miner\u00eda es una de las ramas sobresalientes.<\/p>\n<p>De esta manera, lleva a cabo diversos asesoramientos t\u00e9cnicos, informes de impacto ambiental, estudios topogr\u00e1ficos y geol\u00f3gicos, para atraer inversiones y lograr su permanencia en suelo mexiquense a fin de que se conviertan\u00a0 en detonantes de empleo y desarrollo en diversos municipios del sur.<\/p>\n<p>Agreg\u00f3 que la determinaci\u00f3n del mandatario es que se impulse el desarrollo de una miner\u00eda sustentable.<\/p>\n<p>&nbsp;<\/p>\n<p style=\"text-align: center;\"><strong>Capacitan en cultura de paz a docentes de m\u00e1s de 800 escuelas<\/strong><\/p>\n<p>&nbsp;<\/p>\n<div id=\"attachment_411312\" style=\"width: 470px\" class=\"wp-caption aligncenter\"><img loading=\"lazy\" decoding=\"async\" aria-describedby=\"caption-attachment-411312\" class=\"size-large wp-image-411312\" src=\"https:\/\/www.diarioimagen.net\/wp-content\/uploads\/2019\/01\/PAZ18-portal-460x268.jpg\" alt=\"\" width=\"460\" height=\"268\" srcset=\"https:\/\/www.diarioimagen.net\/wp-content\/uploads\/2019\/01\/PAZ18-portal-460x268.jpg 460w, https:\/\/www.diarioimagen.net\/wp-content\/uploads\/2019\/01\/PAZ18-portal-240x140.jpg 240w, https:\/\/www.diarioimagen.net\/wp-content\/uploads\/2019\/01\/PAZ18-portal.jpg 480w\" sizes=\"auto, (max-width: 460px) 100vw, 460px\" \/><p id=\"caption-attachment-411312\" class=\"wp-caption-text\">Durante este a\u00f1o, todas las instituciones de la entidad contar\u00e1n con el manual \u201cAprende a convivir en una cultura de paz\u201d.<\/p><\/div>\n<p>&nbsp;<\/p>\n<p>Con el objetivo de sensibilizar a los docentes mexiquenses sobre la importancia del proceso de transformaci\u00f3n pac\u00edfica de conflictos y las manifestaciones de la violencia dentro de la escuela, la Secretar\u00eda de Educaci\u00f3n del Estado de M\u00e9xico, a trav\u00e9s del Consejo para la Convivencia Escolar (Convive), dio inicio al programa \u201cAprender a convivir en una cultura de paz\u201d.<\/p>\n<p>Como eje central de este programa, el Convive elabor\u00f3 una serie de manuales de trabajo dirigidos a docentes, alumnos y padres de familia de todos los niveles educativos de la entidad, en los que se brindan herramientas te\u00f3ricas y pr\u00e1cticas para el fortalecimiento de la convivencia arm\u00f3nica.<\/p>\n<p><em><a href=\"mailto:montanezaguilar@gmail.com\" target=\"_blank\" rel=\"noopener\">montanezaguilar@gmail.com<\/a><\/em><\/p>\n","protected":false},"excerpt":{"rendered":"<p><span style=\"color: #005497;\">Jos\u00e9 Luis Monta\u00f1ez Aguilar<\/span><br \/>\n<br \/>\nLa actividad minera tiene un gran futuro en el Estado de M\u00e9xico y en los siguientes a\u00f1os, crecer\u00e1 de manera  importante, lo que se traducir\u00e1 en el fomento de empleo directo e indirecto para habitantes de distintos municipios del sur de la entidad.<\/p>\n","protected":false},"author":5,"featured_media":411312,"comment_status":"open","ping_status":"open","sticky":false,"template":"","format":"standard","meta":{"_monsterinsights_skip_tracking":false,"_monsterinsights_sitenote_active":false,"_monsterinsights_sitenote_note":"","_monsterinsights_sitenote_category":0,"footnotes":""},"categories":[5],"tags":[81977,2505,13284,81978,43704,43674,457],"class_list":["post-411311","post","type-post","status-publish","format-standard","has-post-thumbnail","hentry","category-estado-de-mexico","tag-800-escuelas","tag-alfredo-del-mazo-maza","tag-arco-norte","tag-cultura-de-paz","tag-jose-luis-montanez-aguilar","tag-opinion","tag-secretaria-de-educacion-del-estado-de-mexico"],"_links":{"self":[{"href":"https:\/\/www.diarioimagen.net\/index.php?rest_route=\/wp\/v2\/posts\/411311","targetHints":{"allow":["GET"]}}],"collection":[{"href":"https:\/\/www.diarioimagen.net\/index.php?rest_route=\/wp\/v2\/posts"}],"about":[{"href":"https:\/\/www.diarioimagen.net\/index.php?rest_route=\/wp\/v2\/types\/post"}],"author":[{"embeddable":true,"href":"https:\/\/www.diarioimagen.net\/index.php?rest_route=\/wp\/v2\/users\/5"}],"replies":[{"embeddable":true,"href":"https:\/\/www.diarioimagen.net\/index.php?rest_route=%2Fwp%2Fv2%2Fcomments&post=411311"}],"version-history":[{"count":0,"href":"https:\/\/www.diarioimagen.net\/index.php?rest_route=\/wp\/v2\/posts\/411311\/revisions"}],"wp:featuredmedia":[{"embeddable":true,"href":"https:\/\/www.diarioimagen.net\/index.php?rest_route=\/wp\/v2\/media\/411312"}],"wp:attachment":[{"href":"https:\/\/www.diarioimagen.net\/index.php?rest_route=%2Fwp%2Fv2%2Fmedia&parent=411311"}],"wp:term":[{"taxonomy":"category","embeddable":true,"href":"https:\/\/www.diarioimagen.net\/index.php?rest_route=%2Fwp%2Fv2%2Fcategories&post=411311"},{"taxonomy":"post_tag","embeddable":true,"href":"https:\/\/www.diarioimagen.net\/index.php?rest_route=%2Fwp%2Fv2%2Ftags&post=411311"}],"curies":[{"name":"wp","href":"https:\/\/api.w.org\/{rel}","templated":true}]}}