{"id":411373,"date":"2019-01-18T00:07:37","date_gmt":"2019-01-18T06:07:37","guid":{"rendered":"https:\/\/www.diarioimagen.net\/?p=411373"},"modified":"2019-01-21T00:23:46","modified_gmt":"2019-01-21T06:23:46","slug":"perfilan-cambios-a-dictamen-aprobado-de-guardia-nacional","status":"publish","type":"post","link":"https:\/\/www.diarioimagen.net\/?p=411373","title":{"rendered":"Perfilan cambios a dictamen aprobado de Guardia Nacional"},"content":{"rendered":"<ul>\n<li><strong><em>Modificaciones para que Ej\u00e9rcito siga en tareas de seguridad<\/em><\/strong><\/li>\n<\/ul>\n<p>&nbsp;<\/p>\n<div id=\"attachment_411449\" style=\"width: 470px\" class=\"wp-caption aligncenter\"><a href=\"https:\/\/www.diarioimagen.net\/?attachment_id=411449\" rel=\"attachment wp-att-411449\"><img loading=\"lazy\" decoding=\"async\" aria-describedby=\"caption-attachment-411449\" class=\"size-large wp-image-411449\" src=\"https:\/\/www.diarioimagen.net\/wp-content\/uploads\/2019\/01\/SENADO18-ok-460x320.jpg\" alt=\"\" width=\"460\" height=\"320\" srcset=\"https:\/\/www.diarioimagen.net\/wp-content\/uploads\/2019\/01\/SENADO18-ok-460x320.jpg 460w, https:\/\/www.diarioimagen.net\/wp-content\/uploads\/2019\/01\/SENADO18-ok-240x167.jpg 240w, https:\/\/www.diarioimagen.net\/wp-content\/uploads\/2019\/01\/SENADO18-ok.jpg 700w\" sizes=\"auto, (max-width: 460px) 100vw, 460px\" \/><\/a><p id=\"caption-attachment-411449\" class=\"wp-caption-text\">Ricardo Monreal, coordinador de Morena en el Senado, anunci\u00f3 que el dictamen aprobado por la C\u00e1mara de Diputados que crea la Guardia Nacional, sufrir\u00e1 importantes modificaciones.<\/p><\/div>\n<p>&nbsp;<\/p>\n<p>Tras el descontento que gener\u00f3 en el presidente Andr\u00e9s Manuel L\u00f3pez Obrador y organizaciones de la sociedad civil, Ricardo Monreal, coordinador de Morena en el Senado, anunci\u00f3 que el dictamen aprobado por la C\u00e1mara de Diputados que crea la Guardia Nacional sufrir\u00e1 importantes modificaciones; una de ellas, la restituci\u00f3n del Ej\u00e9rcito y la Marina en tareas de seguridad p\u00fablica.<\/p>\n<p>El presidente de la Junta de Coordinaci\u00f3n Pol\u00edtica declar\u00f3 que respetando lo hecho por la colegisladora, la C\u00e1mara alta realizar\u00e1 una revisi\u00f3n puntual de su contenido y har\u00e1 los cambios pertinentes.<\/p>\n<p>\u201cYo casi estoy seguro de que s\u00ed va a ocurrir as\u00ed. (\u2026) Pero, tengo que conversarlo con los grupos parlamentarios, si hacemos enmiendas (\u2026) y poder transitar a modificaciones. Esto implica que se regresa a C\u00e1mara de Diputados, como c\u00e1mara de origen. (\u2026) De una vez vamos a revisar todos los temas: capacitaci\u00f3n, adiestramiento de esta nueva agrupaci\u00f3n denominada Guardia Nacional\u201d estableci\u00f3.<\/p>\n<p>Jorge Carlos Ram\u00edrez Mar\u00edn, senador del PRI, aclar\u00f3 que en el Senado su partido tiene una consideraci\u00f3n y criterios diferentes a lo que aprobaron sus diputados.<\/p>\n<p>Se\u00f1al\u00f3 que el car\u00e1cter de la representaci\u00f3n de la C\u00e1mara alta tiene que privilegiar que haya absoluto respeto al federalismo, a las facultades de las entidades federativas y que la Guardia Nacional no se convierta en un elemento que justifique y ratifique un centralismo.<\/p>\n<p>\u201cEl presidente dice que a \u00e9l no le gust\u00f3 el dictamen. Puede tener la seguridad que hay muchas cosas en el dictamen que a nosotros no nos gustaron y que vamos a tratar de corregir\u201d.<\/p>\n<p>El coordinador del PAN, Mauricio Kuri, critic\u00f3 que la Guardia Nacional cuente con dos mandos, un civil en lo administrativo y otro militar en lo operativo. \u201cConsideramos que la estrategia est\u00e1 mal planteada, donde vemos que una Guardia Nacional que va a tener mandos mixtos, no es lo mejor para el pa\u00eds. Inclusive, en una empresa cuando sirves a dos, hay una lucha de poderes y, por lo tanto, no hay una eficacia que es la que necesita. (\u2026) Solamente es un cambio de camiseta y lo peor de todo es que estamos militarizando al pa\u00eds\u201d.<\/p>\n<p>Miguel \u00c1ngel Mancera, coordinador del PRD, declar\u00f3 que su partido no comulga con un mando h\u00edbrido, como el que propusieron los diputados para la Guardia Nacional.<\/p>\n<p>\u201cEs un cuerpo en donde se dice que tiene mando civil, pero jer\u00e1rquicamente con todos sus rangos de quien depende es del Ej\u00e9rcito. (\u2026) Ah\u00ed, est\u00e1n las condenas internacionales, la formaci\u00f3n de los militares, la disciplina de los militares est\u00e1 en otro sentido, es de enfrentamiento con el enemigo y de aniquilar al enemigo\u201d. Ricardo Monreal no descart\u00f3 que, en un periodo extraordinario, el Senado desahogue este tema.<\/p>\n<p style=\"text-align: center;\"><strong>No estoy satisfecho <\/strong><strong>con Guardia: AMLO<\/strong><\/p>\n<p>Por la ma\u00f1ana, Andr\u00e9s Manuel L\u00f3pez Obrador pidi\u00f3 al Senado contemplar temas que fueron eliminados en la reforma para crear la Guardia Nacional, tales como la participaci\u00f3n de las fuerzas armadas para realizar labores de seguridad p\u00fablica.<\/p>\n<p>El Presidente se dijo insatisfecho con la reforma Constitucional aprobada ayer en la C\u00e1mara de Diputados.<\/p>\n<p>\u201cNosotros tenemos que pedir respetuosamente a los senadores que se contemplen temas que fueron eliminados en la aprobaci\u00f3n, sobre todo lo relacionado con la participaci\u00f3n de las fuerzas armadas en el proceso de capacitaci\u00f3n, de formaci\u00f3n, y de la definici\u00f3n con claridad sobre la facultad de las fuerzas armadas para intervenir en asuntos de seguridad p\u00fablica, eso tiene que quedar claro y hab\u00eda un art\u00edculo transitorio que se propuso y fue eliminado del proyecto que se aprob\u00f3\u201d.<\/p>\n<p>El pol\u00edtico tabasque\u00f1o critic\u00f3 los cambios en materia de capacitaci\u00f3n y en las facultades mismas para que militares y marinos puedan hacerse cargo de la seguridad p\u00fablica.<\/p>\n<p>Tambi\u00e9n cuestion\u00f3 que se haya eliminado un transitorio para permitir la intervenci\u00f3n temporal de las fuerzas castrenses desde la Guardia Nacional.<\/p>\n<p>Dicho transitorio dejaba cinco a\u00f1os el mando en la Secretar\u00eda de la Defensa Nacional y luego pasaba a la Secretar\u00eda de Seguridad y Protecci\u00f3n Ciudadana.<\/p>\n<p>Seg\u00fan el Mandatario, la reforma es pr\u00e1cticamente una reedici\u00f3n de la Polic\u00eda Federal, cuya eficacia ha sido cuestionada.<\/p>\n<p>\u201cSe quit\u00f3 ese transitorio, pr\u00e1cticamente va a quedar igual como si fuese una reedici\u00f3n de la Polic\u00eda Federal, que ya sabemos que no funcion\u00f3, no por culpa de los elementos, sino porque desde que se cre\u00f3, en el Gobierno de (Ernesto) Zedillo, no se le dio fuerza y actualmente son 40 mil elementos, la mitad son efectivos, la otra mitad tienen que ver con funciones administrativas\u201d, expuso.<\/p>\n","protected":false},"excerpt":{"rendered":"<p>Tras el descontento que gener\u00f3 en el presidente Andr\u00e9s Manuel L\u00f3pez Obrador y organizaciones de la sociedad civil, Ricardo Monreal, coordinador de Morena en el Senado, anunci\u00f3 que el dictamen aprobado por la C\u00e1mara de Diputados que crea la Guardia Nacional sufrir\u00e1 importantes modificaciones; una de ellas, la restituci\u00f3n del Ej\u00e9rcito y la Marina en tareas de seguridad p\u00fablica.<\/p>\n","protected":false},"author":3,"featured_media":411449,"comment_status":"open","ping_status":"open","sticky":false,"template":"","format":"standard","meta":{"_monsterinsights_skip_tracking":false,"_monsterinsights_sitenote_active":false,"_monsterinsights_sitenote_note":"","_monsterinsights_sitenote_category":0,"footnotes":""},"categories":[3],"tags":[2545,4160,43673,3675],"class_list":["post-411373","post","type-post","status-publish","format-standard","has-post-thumbnail","hentry","category-nacional","tag-amlo","tag-guardia-nacional","tag-nacional","tag-ricardo-monreal-avila"],"_links":{"self":[{"href":"https:\/\/www.diarioimagen.net\/index.php?rest_route=\/wp\/v2\/posts\/411373","targetHints":{"allow":["GET"]}}],"collection":[{"href":"https:\/\/www.diarioimagen.net\/index.php?rest_route=\/wp\/v2\/posts"}],"about":[{"href":"https:\/\/www.diarioimagen.net\/index.php?rest_route=\/wp\/v2\/types\/post"}],"author":[{"embeddable":true,"href":"https:\/\/www.diarioimagen.net\/index.php?rest_route=\/wp\/v2\/users\/3"}],"replies":[{"embeddable":true,"href":"https:\/\/www.diarioimagen.net\/index.php?rest_route=%2Fwp%2Fv2%2Fcomments&post=411373"}],"version-history":[{"count":0,"href":"https:\/\/www.diarioimagen.net\/index.php?rest_route=\/wp\/v2\/posts\/411373\/revisions"}],"wp:featuredmedia":[{"embeddable":true,"href":"https:\/\/www.diarioimagen.net\/index.php?rest_route=\/wp\/v2\/media\/411449"}],"wp:attachment":[{"href":"https:\/\/www.diarioimagen.net\/index.php?rest_route=%2Fwp%2Fv2%2Fmedia&parent=411373"}],"wp:term":[{"taxonomy":"category","embeddable":true,"href":"https:\/\/www.diarioimagen.net\/index.php?rest_route=%2Fwp%2Fv2%2Fcategories&post=411373"},{"taxonomy":"post_tag","embeddable":true,"href":"https:\/\/www.diarioimagen.net\/index.php?rest_route=%2Fwp%2Fv2%2Ftags&post=411373"}],"curies":[{"name":"wp","href":"https:\/\/api.w.org\/{rel}","templated":true}]}}