{"id":411556,"date":"2019-01-21T00:08:18","date_gmt":"2019-01-21T06:08:18","guid":{"rendered":"https:\/\/www.diarioimagen.net\/?p=411556"},"modified":"2019-01-22T00:13:48","modified_gmt":"2019-01-22T06:13:48","slug":"llama-salud-a-evitar-la-automedicacion-ante-frio","status":"publish","type":"post","link":"https:\/\/www.diarioimagen.net\/?p=411556","title":{"rendered":"Llama Salud a evitar la automedicaci\u00f3n, ante fr\u00edo"},"content":{"rendered":"<ul>\n<li><strong><em>Prevenci\u00f3n ante nuevo frente, el 29<\/em><\/strong><\/li>\n<li><strong><em>Medidas preventivas a fin de estar protegidos contra la influenza<\/em><\/strong><\/li>\n<\/ul>\n<p>&nbsp;<\/p>\n<div id=\"attachment_411626\" style=\"width: 470px\" class=\"wp-caption aligncenter\"><a href=\"https:\/\/www.diarioimagen.net\/?attachment_id=411626\" rel=\"attachment wp-att-411626\"><img loading=\"lazy\" decoding=\"async\" aria-describedby=\"caption-attachment-411626\" class=\"wp-image-411626 size-large\" src=\"https:\/\/www.diarioimagen.net\/wp-content\/uploads\/2019\/01\/FRIO21a-460x259.jpg\" alt=\"\" width=\"460\" height=\"259\" srcset=\"https:\/\/www.diarioimagen.net\/wp-content\/uploads\/2019\/01\/FRIO21a-460x259.jpg 460w, https:\/\/www.diarioimagen.net\/wp-content\/uploads\/2019\/01\/FRIO21a-240x135.jpg 240w, https:\/\/www.diarioimagen.net\/wp-content\/uploads\/2019\/01\/FRIO21a-235x132.jpg 235w, https:\/\/www.diarioimagen.net\/wp-content\/uploads\/2019\/01\/FRIO21a-202x114.jpg 202w, https:\/\/www.diarioimagen.net\/wp-content\/uploads\/2019\/01\/FRIO21a-350x196.jpg 350w, https:\/\/www.diarioimagen.net\/wp-content\/uploads\/2019\/01\/FRIO21a-220x123.jpg 220w, https:\/\/www.diarioimagen.net\/wp-content\/uploads\/2019\/01\/FRIO21a-237x132.jpg 237w, https:\/\/www.diarioimagen.net\/wp-content\/uploads\/2019\/01\/FRIO21a.jpg 480w\" sizes=\"auto, (max-width: 460px) 100vw, 460px\" \/><\/a><p id=\"caption-attachment-411626\" class=\"wp-caption-text\">Autoridades llaman a evitar la automedicaci\u00f3n y acudir al Centro de Salud ante s\u00edntomas de enfermedad respiratoria.<\/p><\/div>\n<p>&nbsp;<\/p>\n<p><strong>Toluca, Estado de M\u00e9xico<\/strong>.- Con la llegada del frente fr\u00edo n\u00famero 29, la Secretar\u00eda de Salud del Estado de M\u00e9xico hace un llamado a la poblaci\u00f3n para tomar medidas preventivas, a fin de estar protegidos contra la influenza.<\/p>\n<p>En este sentido, la dependencia recomienda acudir al Centro de Salud y vacunarse contra esta enfermedad, sobre todo si se pertenece a los grupos de riesgo como son ni\u00f1os menores de cinco a\u00f1os de edad, mujeres embarazadas, adultos mayores de 65 a\u00f1os, diab\u00e9ticos, pacientes con VIH o que se han sometido a alg\u00fan trasplante.<\/p>\n<p>Adem\u00e1s, exhorta a evitar la automedicaci\u00f3n y acudir a la unidad m\u00e9dica m\u00e1s cercana en caso de presentar s\u00edntomas como fiebre superior a los 38 grados, dificultad para respirar, dolor de cabeza, garganta y abdomen, falta de apetito, tos, congesti\u00f3n y escurrimiento nasal o flemas con sangre.<\/p>\n<p>Otras recomendaciones para evitar contagios son cubrirse la boca y nariz con la parte interna del codo al estornudar y toser, lavarse constantemente las manos, abrigarse y evitar cambios bruscos de temperatura, evitar saludar de mano o de beso, consumir alimentos ricos en vitamina C, as\u00ed como mantener ventiladas las habitaciones.<\/p>\n<p>La Secretar\u00eda de Salud pide extremar precauciones ya que la temporada de fr\u00edo concluir\u00e1 hasta el pr\u00f3ximo 20 de marzo.<\/p>\n","protected":false},"excerpt":{"rendered":"<p>Con la llegada del frente fr\u00edo n\u00famero 29, la Secretar\u00eda de Salud del Estado de M\u00e9xico hace un llamado a la poblaci\u00f3n para tomar medidas preventivas, a fin de estar protegidos contra la influenza.<\/p>\n","protected":false},"author":3,"featured_media":411626,"comment_status":"open","ping_status":"open","sticky":false,"template":"","format":"standard","meta":{"_monsterinsights_skip_tracking":false,"_monsterinsights_sitenote_active":false,"_monsterinsights_sitenote_note":"","_monsterinsights_sitenote_category":0,"footnotes":""},"categories":[5],"tags":[82047,43675,127,432,452,546],"class_list":["post-411556","post","type-post","status-publish","format-standard","has-post-thumbnail","hentry","category-estado-de-mexico","tag-automedicacion","tag-estado-de-mexico","tag-frio","tag-secretaria-de-salud","tag-toluca","tag-vih"],"_links":{"self":[{"href":"https:\/\/www.diarioimagen.net\/index.php?rest_route=\/wp\/v2\/posts\/411556","targetHints":{"allow":["GET"]}}],"collection":[{"href":"https:\/\/www.diarioimagen.net\/index.php?rest_route=\/wp\/v2\/posts"}],"about":[{"href":"https:\/\/www.diarioimagen.net\/index.php?rest_route=\/wp\/v2\/types\/post"}],"author":[{"embeddable":true,"href":"https:\/\/www.diarioimagen.net\/index.php?rest_route=\/wp\/v2\/users\/3"}],"replies":[{"embeddable":true,"href":"https:\/\/www.diarioimagen.net\/index.php?rest_route=%2Fwp%2Fv2%2Fcomments&post=411556"}],"version-history":[{"count":0,"href":"https:\/\/www.diarioimagen.net\/index.php?rest_route=\/wp\/v2\/posts\/411556\/revisions"}],"wp:featuredmedia":[{"embeddable":true,"href":"https:\/\/www.diarioimagen.net\/index.php?rest_route=\/wp\/v2\/media\/411626"}],"wp:attachment":[{"href":"https:\/\/www.diarioimagen.net\/index.php?rest_route=%2Fwp%2Fv2%2Fmedia&parent=411556"}],"wp:term":[{"taxonomy":"category","embeddable":true,"href":"https:\/\/www.diarioimagen.net\/index.php?rest_route=%2Fwp%2Fv2%2Fcategories&post=411556"},{"taxonomy":"post_tag","embeddable":true,"href":"https:\/\/www.diarioimagen.net\/index.php?rest_route=%2Fwp%2Fv2%2Ftags&post=411556"}],"curies":[{"name":"wp","href":"https:\/\/api.w.org\/{rel}","templated":true}]}}