{"id":411595,"date":"2019-01-21T00:09:10","date_gmt":"2019-01-21T06:09:10","guid":{"rendered":"https:\/\/www.diarioimagen.net\/?p=411595"},"modified":"2019-01-21T03:11:18","modified_gmt":"2019-01-21T09:11:18","slug":"fortaleceran-la-atencion-medica-de-la-poblacion-en-huixquilucan","status":"publish","type":"post","link":"https:\/\/www.diarioimagen.net\/?p=411595","title":{"rendered":"Fortalecer\u00e1n la atenci\u00f3n m\u00e9dica de la poblaci\u00f3n en Huixquilucan"},"content":{"rendered":"<ul>\n<li><strong><em>Vendr\u00e1n estudiantes de medicina a atender a la gente<\/em><\/strong><\/li>\n<\/ul>\n<p>&nbsp;<\/p>\n<div id=\"attachment_411639\" style=\"width: 470px\" class=\"wp-caption aligncenter\"><a href=\"https:\/\/www.diarioimagen.net\/?attachment_id=411639\" rel=\"attachment wp-att-411639\"><img loading=\"lazy\" decoding=\"async\" aria-describedby=\"caption-attachment-411639\" class=\"size-large wp-image-411639\" src=\"https:\/\/www.diarioimagen.net\/wp-content\/uploads\/2019\/01\/HUIXQUILUCAN-21-460x259.jpg\" alt=\"\" width=\"460\" height=\"259\" srcset=\"https:\/\/www.diarioimagen.net\/wp-content\/uploads\/2019\/01\/HUIXQUILUCAN-21-460x259.jpg 460w, https:\/\/www.diarioimagen.net\/wp-content\/uploads\/2019\/01\/HUIXQUILUCAN-21-240x135.jpg 240w, https:\/\/www.diarioimagen.net\/wp-content\/uploads\/2019\/01\/HUIXQUILUCAN-21-235x132.jpg 235w, https:\/\/www.diarioimagen.net\/wp-content\/uploads\/2019\/01\/HUIXQUILUCAN-21-202x114.jpg 202w, https:\/\/www.diarioimagen.net\/wp-content\/uploads\/2019\/01\/HUIXQUILUCAN-21-350x196.jpg 350w, https:\/\/www.diarioimagen.net\/wp-content\/uploads\/2019\/01\/HUIXQUILUCAN-21-220x123.jpg 220w, https:\/\/www.diarioimagen.net\/wp-content\/uploads\/2019\/01\/HUIXQUILUCAN-21-237x132.jpg 237w, https:\/\/www.diarioimagen.net\/wp-content\/uploads\/2019\/01\/HUIXQUILUCAN-21.jpg 480w\" sizes=\"auto, (max-width: 460px) 100vw, 460px\" \/><\/a><p id=\"caption-attachment-411639\" class=\"wp-caption-text\">El director de la Escuela de Medicina de la Universidad Tominaga Nakamoto, Edgar Jes\u00fas Zapata Estrada, se\u00f1al\u00f3 que el convenio ayudar\u00e1 a fortalecer los programas culturales, acad\u00e9micos y de investigaci\u00f3n en Huixquilucan.<\/p><\/div>\n<p>&nbsp;<\/p>\n<p><strong>Huixquilucan, Estado de M\u00e9xico<\/strong>.- \u201cEntre m\u00e1s fortalecidos estemos como DIF, mayor alcance tendremos para llegar a las comunidades\u201d, asegur\u00f3 la presidenta del sistema municipal para el Desarrollo Integral de la Familia (DIF) Huixquilucan, Romina Contreras Carrasco, al encabezar la firma de un convenio de colaboraci\u00f3n con la Universidad Tominaga Nakamoto.<\/p>\n<p>En las instalaciones del Complejo Rosa M\u00edstica, Contreras Carrasco record\u00f3 que durante los primeros tres a\u00f1os de gesti\u00f3n del presidente municipal, Enrique Vargas del Villar, el DIF se destac\u00f3 por impulsar la salud, ya que fue uno de los objetivos.\u00a0\u201cEs muy importante la firma de estos convenios ya que contribuyen a dar un mejor servicio a los huixquiluquenses, por que entre m\u00e1s fortalecidos estemos como DIF llegaremos a m\u00e1s\u00a0\u00a0comunidades con personal m\u00e9dico que cuidar\u00e1 la salud de las personas\u201d.<\/p>\n<p>El subdirector de Servicios M\u00e9dicos del sistema municipal DIF, Miguel \u00c1ngel Tejeda Calvario, detall\u00f3 que con la firma de este acuerdo, la Universidad Tominaga Nakamoto, fortalecer\u00e1 la atenci\u00f3n m\u00e9dica de los pacientes, apoyados con estudiantes de medicina para hacer brigadas m\u00e9dicas, diagn\u00f3sticos oportunos, adem\u00e1s de comenzar a emplear un modelo de investigaci\u00f3n con la finalidad de generar estad\u00edsticas en materia de epidemiolog\u00eda, mismos que ser\u00e1n utilizados para realizar acciones preventivas en lo que corresponde a la salud de los huixquiluquenses.<\/p>\n<p>Este convenio, dijo, el gobierno municipal incrementar\u00e1 la calidad y cantidad de los servicios m\u00e9dicos, ya que se contar\u00e1 con m\u00e1s galenos altamente calificados. Agreg\u00f3 que tambi\u00e9n se realizar\u00e1n congresos para capacitar y actualizar al personal m\u00e9dico que labora en la administraci\u00f3n, a fin de atender las necesidades espec\u00edficas de las comunidades como es la atenci\u00f3n de primer nivel.<\/p>\n<p>El director de la escuela de medicina de la Universidad Tominaga Nakamoto, Edgar Jes\u00fas Zapata Estrada, destac\u00f3 el alcance de la firma del documento que ayudar\u00e1 a fortalecer los programas culturales, acad\u00e9micos y de investigaci\u00f3n en Huixquilucan.<\/p>\n","protected":false},"excerpt":{"rendered":"<p>\u201cEntre m\u00e1s fortalecidos estemos como DIF, mayor alcance tendremos para llegar a las comunidades\u201d, asegur\u00f3 la presidenta del sistema municipal para el Desarrollo Integral de la Familia (DIF) Huixquilucan, Romina Contreras Carrasco, al encabezar la firma de un convenio de colaboraci\u00f3n con la Universidad Tominaga Nakamoto. <\/p>\n","protected":false},"author":3,"featured_media":411639,"comment_status":"open","ping_status":"open","sticky":false,"template":"","format":"standard","meta":{"_monsterinsights_skip_tracking":false,"_monsterinsights_sitenote_active":false,"_monsterinsights_sitenote_note":"","_monsterinsights_sitenote_category":0,"footnotes":""},"categories":[35155],"tags":[63118,45429,43675,1097,82052],"class_list":["post-411595","post","type-post","status-publish","format-standard","has-post-thumbnail","hentry","category-estado-de-mexico-estado-de-mexico","tag-accion","tag-atencion","tag-estado-de-mexico","tag-huixquilucan","tag-medica"],"_links":{"self":[{"href":"https:\/\/www.diarioimagen.net\/index.php?rest_route=\/wp\/v2\/posts\/411595","targetHints":{"allow":["GET"]}}],"collection":[{"href":"https:\/\/www.diarioimagen.net\/index.php?rest_route=\/wp\/v2\/posts"}],"about":[{"href":"https:\/\/www.diarioimagen.net\/index.php?rest_route=\/wp\/v2\/types\/post"}],"author":[{"embeddable":true,"href":"https:\/\/www.diarioimagen.net\/index.php?rest_route=\/wp\/v2\/users\/3"}],"replies":[{"embeddable":true,"href":"https:\/\/www.diarioimagen.net\/index.php?rest_route=%2Fwp%2Fv2%2Fcomments&post=411595"}],"version-history":[{"count":0,"href":"https:\/\/www.diarioimagen.net\/index.php?rest_route=\/wp\/v2\/posts\/411595\/revisions"}],"wp:featuredmedia":[{"embeddable":true,"href":"https:\/\/www.diarioimagen.net\/index.php?rest_route=\/wp\/v2\/media\/411639"}],"wp:attachment":[{"href":"https:\/\/www.diarioimagen.net\/index.php?rest_route=%2Fwp%2Fv2%2Fmedia&parent=411595"}],"wp:term":[{"taxonomy":"category","embeddable":true,"href":"https:\/\/www.diarioimagen.net\/index.php?rest_route=%2Fwp%2Fv2%2Fcategories&post=411595"},{"taxonomy":"post_tag","embeddable":true,"href":"https:\/\/www.diarioimagen.net\/index.php?rest_route=%2Fwp%2Fv2%2Ftags&post=411595"}],"curies":[{"name":"wp","href":"https:\/\/api.w.org\/{rel}","templated":true}]}}