{"id":411782,"date":"2019-01-22T00:09:19","date_gmt":"2019-01-22T06:09:19","guid":{"rendered":"https:\/\/www.diarioimagen.net\/?p=411782"},"modified":"2019-01-22T03:59:58","modified_gmt":"2019-01-22T09:59:58","slug":"sheinbaum-reactiva-en-cdmx-desarme-voluntario","status":"publish","type":"post","link":"https:\/\/www.diarioimagen.net\/?p=411782","title":{"rendered":"Sheinbaum reactiva en CDMX desarme voluntario"},"content":{"rendered":"<ul>\n<li><em><strong>Arranca jornada \u201cS\u00ed al desarme, s\u00ed a la paz\u201d<\/strong><\/em><\/li>\n<li><em><strong>Intercambio de armas de fuego por juguetes y ayudas econ\u00f3micas<\/strong><\/em><\/li>\n<\/ul>\n<p>&nbsp;<\/p>\n<div id=\"attachment_411846\" style=\"width: 470px\" class=\"wp-caption aligncenter\"><a href=\"https:\/\/www.diarioimagen.net\/?attachment_id=411846\" rel=\"attachment wp-att-411846\"><img loading=\"lazy\" decoding=\"async\" aria-describedby=\"caption-attachment-411846\" class=\"size-large wp-image-411846\" src=\"https:\/\/www.diarioimagen.net\/wp-content\/uploads\/2019\/01\/SHEINBAUM22-460x259.jpg\" alt=\"\" width=\"460\" height=\"259\" srcset=\"https:\/\/www.diarioimagen.net\/wp-content\/uploads\/2019\/01\/SHEINBAUM22-460x259.jpg 460w, https:\/\/www.diarioimagen.net\/wp-content\/uploads\/2019\/01\/SHEINBAUM22-240x135.jpg 240w, https:\/\/www.diarioimagen.net\/wp-content\/uploads\/2019\/01\/SHEINBAUM22-235x132.jpg 235w, https:\/\/www.diarioimagen.net\/wp-content\/uploads\/2019\/01\/SHEINBAUM22-202x114.jpg 202w, https:\/\/www.diarioimagen.net\/wp-content\/uploads\/2019\/01\/SHEINBAUM22-350x196.jpg 350w, https:\/\/www.diarioimagen.net\/wp-content\/uploads\/2019\/01\/SHEINBAUM22-220x123.jpg 220w, https:\/\/www.diarioimagen.net\/wp-content\/uploads\/2019\/01\/SHEINBAUM22-237x132.jpg 237w, https:\/\/www.diarioimagen.net\/wp-content\/uploads\/2019\/01\/SHEINBAUM22.jpg 480w\" sizes=\"auto, (max-width: 460px) 100vw, 460px\" \/><\/a><p id=\"caption-attachment-411846\" class=\"wp-caption-text\">Claudia Sheinbaum Pardo encabez\u00f3 el arranque de la jornada \u201cS\u00ed al desarme, s\u00ed a la paz\u201d.<\/p><\/div>\n<p>&nbsp;<\/p>\n<p>La jefa de Gobierno de la Ciudad de M\u00e9xico, Claudia Sheinbaum Pardo, encabez\u00f3 el arranque de la jornada \u201cS\u00ed al desarme, s\u00ed a la paz\u201d, que consiste en el intercambio de armas de fuego por juguetes y ayudas econ\u00f3micas.<\/p>\n<p>Detall\u00f3 que el programa tiene un presupuesto de 20 millones de pesos, lo que es superior al presupuesto de a\u00f1os anteriores y las personas podr\u00e1n obtener hasta 18 mil pesos por un arma de fuego; tambi\u00e9n se recibir\u00e1n juguetes b\u00e9licos que ser\u00e1n intercambiados por did\u00e1cticos.<\/p>\n<p>En la explanada de la Bas\u00edlica de Guadalupe, la funcionaria asegur\u00f3 que el gobierno capitalino est\u00e1 comprometido a devolver la paz y la seguridad a los habitantes de la ciudad, por lo que dedica al menos dos horas diarias para darle seguimiento a diversas problem\u00e1ticas.<\/p>\n<p>\u201cEstoy muy confiada en la estrategia porque hay mucho profesionalismo honestidad y entrega en los funcionarios que la est\u00e1n encabezando\u201d, sostuvo.<\/p>\n<p>Asimismo, dijo que es indispensable una estrategia de prevenci\u00f3n del delito, por lo que se realizan acciones como los Centros Comunitarios \u201cPilares\u201d, de los que se construir\u00e1n 300 en toda la capital.<\/p>\n<p>Subray\u00f3 que se tiene previsto que en el mes de marzo inicien operaciones 27 centros, cuatro de ellos en Gustavo A. Madero, lo que se suma a los recorridos que realizan funcionarios de la capital en escuelas para ofrecer pl\u00e1ticas con el fin de evitar la violencia; adem\u00e1s del programa Alto al Fuego, que consiste en integrar a j\u00f3venes que han realizado pr\u00e1cticas violentas.<\/p>\n<p>\u201cLa violencia se combate con derechos, con humanidad, con el derecho de los hombres y mujeres de esta ciudad a tener una vida distinta\u201d.<\/p>\n<p>En su oportunidad, el secretario de Seguridad Ciudadana, Jes\u00fas Orta Mart\u00ednez, indic\u00f3 que el programa es fundamental para regresar la paz a la toda la ciudadan\u00eda y anot\u00f3 que \u201ctener un arma de fuego es una cosa sencilla en los tianguis, en los mercados p\u00fablicos, a precios accesibles, lo que ha generado que se haya incrementado la violencia de manera significativa\u201d.<\/p>\n<p>Manifest\u00f3 que la disponibilidad de armas de fuego se ha incrementado de manera dram\u00e1tica y preocupante, lo que ha incidido en que se haya generalizado que \u201clas cosas se arreglen a balazos y eso es inaceptable\u201d.<\/p>\n<p>Expuso que cada a\u00f1o ingresan al pa\u00eds cerca de 144 mil armas de fuego de todos los calibres por la frontera norte, por lo que urgi\u00f3 a atender la problem\u00e1tica para evitar que las armas lleguen a las ciudades del pa\u00eds, entre ellas, la Ciudad de M\u00e9xico.<\/p>\n<p>A su vez, la secretaria de Gobierno, Rosa Icela Rodr\u00edguez Vel\u00e1zquez, puntualiz\u00f3 que el cambio de armas se realiza de manera an\u00f3nima y sin necesidad de investigar el origen de la misma y detall\u00f3 que el programa se realizar\u00e1 en todas las alcald\u00edas de la capital con m\u00f3dulos instalados en los atrios de distintas iglesias, de 10:00 a 14:00 horas.<\/p>\n<p>\u201cLas armas de fuego no son juguetes, sino un riesgo a la vida de las personas, por eso en el Gobierno de la Ciudad de M\u00e9xico decimos s\u00ed al desarme, s\u00ed a la paz\u201d, concluy\u00f3.<\/p>\n<p>Tambi\u00e9n acudieron la secretaria de Inclusi\u00f3n y Bienestar Social, Almudena Ocejo Rojo; el alcalde de Gustavo A. Madero, Francisco Ch\u00edguil Figueroa; y el rector de la Bas\u00edlica de Guadalupe, Salvador Mart\u00ednez \u00c1vila, quienes, junto con la jefa de Gobierno, realizaron un recorrido para conocer los m\u00f3dulos de intercambio de armas instalados en la explanada del templo mariano.<\/p>\n","protected":false},"excerpt":{"rendered":"<p>La jefa de Gobierno de la Ciudad de M\u00e9xico, Claudia Sheinbaum Pardo, encabez\u00f3 el arranque de la jornada \u201cS\u00ed al desarme, s\u00ed a la paz\u201d, que consiste en el intercambio de armas de fuego por juguetes y ayudas econ\u00f3micas.<\/p>\n","protected":false},"author":3,"featured_media":411846,"comment_status":"open","ping_status":"open","sticky":false,"template":"","format":"standard","meta":{"_monsterinsights_skip_tracking":false,"_monsterinsights_sitenote_active":false,"_monsterinsights_sitenote_note":"","_monsterinsights_sitenote_category":0,"footnotes":""},"categories":[6],"tags":[34444,72207,25754,82109],"class_list":["post-411782","post","type-post","status-publish","format-standard","has-post-thumbnail","hentry","category-cd-de-mexico","tag-cdmx","tag-claudia-sheinbaum-pardo","tag-desarme","tag-voluntario"],"_links":{"self":[{"href":"https:\/\/www.diarioimagen.net\/index.php?rest_route=\/wp\/v2\/posts\/411782","targetHints":{"allow":["GET"]}}],"collection":[{"href":"https:\/\/www.diarioimagen.net\/index.php?rest_route=\/wp\/v2\/posts"}],"about":[{"href":"https:\/\/www.diarioimagen.net\/index.php?rest_route=\/wp\/v2\/types\/post"}],"author":[{"embeddable":true,"href":"https:\/\/www.diarioimagen.net\/index.php?rest_route=\/wp\/v2\/users\/3"}],"replies":[{"embeddable":true,"href":"https:\/\/www.diarioimagen.net\/index.php?rest_route=%2Fwp%2Fv2%2Fcomments&post=411782"}],"version-history":[{"count":0,"href":"https:\/\/www.diarioimagen.net\/index.php?rest_route=\/wp\/v2\/posts\/411782\/revisions"}],"wp:featuredmedia":[{"embeddable":true,"href":"https:\/\/www.diarioimagen.net\/index.php?rest_route=\/wp\/v2\/media\/411846"}],"wp:attachment":[{"href":"https:\/\/www.diarioimagen.net\/index.php?rest_route=%2Fwp%2Fv2%2Fmedia&parent=411782"}],"wp:term":[{"taxonomy":"category","embeddable":true,"href":"https:\/\/www.diarioimagen.net\/index.php?rest_route=%2Fwp%2Fv2%2Fcategories&post=411782"},{"taxonomy":"post_tag","embeddable":true,"href":"https:\/\/www.diarioimagen.net\/index.php?rest_route=%2Fwp%2Fv2%2Ftags&post=411782"}],"curies":[{"name":"wp","href":"https:\/\/api.w.org\/{rel}","templated":true}]}}