{"id":411790,"date":"2019-01-22T00:08:24","date_gmt":"2019-01-22T06:08:24","guid":{"rendered":"https:\/\/www.diarioimagen.net\/?p=411790"},"modified":"2019-01-22T06:21:40","modified_gmt":"2019-01-22T12:21:40","slug":"reconocimiento-a-las-bondades-de-las-iniciativas-de-participacion-ciudadana","status":"publish","type":"post","link":"https:\/\/www.diarioimagen.net\/?p=411790","title":{"rendered":"Reconocimiento a las bondades de las iniciativas de participaci\u00f3n ciudadana"},"content":{"rendered":"<ul>\n<li><strong><em>Gobierno de Naucalpan estimular\u00e1 el trabajo voluntario<\/em><\/strong><\/li>\n<\/ul>\n<p>&nbsp;<\/p>\n<div id=\"attachment_411858\" style=\"width: 470px\" class=\"wp-caption aligncenter\"><a href=\"https:\/\/www.diarioimagen.net\/?attachment_id=411858\" rel=\"attachment wp-att-411858\"><img loading=\"lazy\" decoding=\"async\" aria-describedby=\"caption-attachment-411858\" class=\"size-large wp-image-411858\" src=\"https:\/\/www.diarioimagen.net\/wp-content\/uploads\/2019\/01\/NAUCALPAN-22-460x259.jpg\" alt=\"\" width=\"460\" height=\"259\" srcset=\"https:\/\/www.diarioimagen.net\/wp-content\/uploads\/2019\/01\/NAUCALPAN-22-460x259.jpg 460w, https:\/\/www.diarioimagen.net\/wp-content\/uploads\/2019\/01\/NAUCALPAN-22-240x135.jpg 240w, https:\/\/www.diarioimagen.net\/wp-content\/uploads\/2019\/01\/NAUCALPAN-22-235x132.jpg 235w, https:\/\/www.diarioimagen.net\/wp-content\/uploads\/2019\/01\/NAUCALPAN-22-202x114.jpg 202w, https:\/\/www.diarioimagen.net\/wp-content\/uploads\/2019\/01\/NAUCALPAN-22-350x196.jpg 350w, https:\/\/www.diarioimagen.net\/wp-content\/uploads\/2019\/01\/NAUCALPAN-22-220x123.jpg 220w, https:\/\/www.diarioimagen.net\/wp-content\/uploads\/2019\/01\/NAUCALPAN-22-237x132.jpg 237w, https:\/\/www.diarioimagen.net\/wp-content\/uploads\/2019\/01\/NAUCALPAN-22.jpg 480w\" sizes=\"auto, (max-width: 460px) 100vw, 460px\" \/><\/a><p id=\"caption-attachment-411858\" class=\"wp-caption-text\">\u201cEstoy segura que si continuamos unidos, esforz\u00e1ndonos, nuestro municipio ser\u00e1 un lugar digno para nuestras familias\u201d, coment\u00f3 Patricia Dur\u00e1n Reveles, alcaldesa de Naucalpan.<\/p><\/div>\n<p>&nbsp;<\/p>\n<p><strong>Naucalpan, Estado de M\u00e9xico<\/strong>.- El gobierno de Naucalpan celebr\u00f3 las acciones a favor del entorno urbano realizadas por la organizaci\u00f3n internacional ASEZ WOA en distintos puntos del municipio.<\/p>\n<p>Tras la ceremonia de honores a la bandera, la alcaldesa, Patricia Dur\u00e1n Reveles, agradeci\u00f3 al grupo de voluntarios por iniciativas como la jornada de limpieza en la calle Estacas, en San Bartolo, que se llev\u00f3 a cabo este domingo, lo cual permiti\u00f3 estrechar lazos de colaboraci\u00f3n entre j\u00f3venes de Naucalpan y Corea del Sur.<\/p>\n<p>\u201cEs precisamente lo que tenemos que hacer: trabajar unidos gobierno y ciudadan\u00eda, de la mano, reconstruyendo lo que otros destruyeron. Estoy segura que si continuamos unidos, esforz\u00e1ndonos, nuestro municipio ser\u00e1 un lugar digno para nuestras familias\u201d, coment\u00f3 Dur\u00e1n Reveles.<\/p>\n<p>Suhyung Lee, representante de la organizaci\u00f3n civil, recibi\u00f3 un reconocimiento de manos de la alcaldesa, quien asegur\u00f3 que el trabajo coordinado permitir\u00e1 lograr cambios visibles en poco tiempo.<\/p>\n<p>Lee agradeci\u00f3 a las autoridades por hacer posible la campa\u00f1a de limpieza y destac\u00f3 el apoyo del noveno regidor, Ricardo Fuertes Ayala, y el Secretario de Servicios P\u00fablicos, Carlos Trujillo.<\/p>\n<p>Durante la ceremonia c\u00edvica tambi\u00e9n se cont\u00f3 con la presencia de los alumnos de la Telesecundaria 211 \u201cDr. Salvador Allende Gossens\u201d, ubicada en la colonia Rinc\u00f3n Verde, y del Heroico Cuerpo de Bomberos.<\/p>\n","protected":false},"excerpt":{"rendered":"<p>El gobierno de Naucalpan celebr\u00f3 las acciones a favor del entorno urbano realizadas por la organizaci\u00f3n internacional ASEZ WOA en distintos puntos del municipio.<\/p>\n","protected":false},"author":3,"featured_media":411858,"comment_status":"open","ping_status":"open","sticky":false,"template":"","format":"standard","meta":{"_monsterinsights_skip_tracking":false,"_monsterinsights_sitenote_active":false,"_monsterinsights_sitenote_note":"","_monsterinsights_sitenote_category":0,"footnotes":""},"categories":[35155],"tags":[43675,970,46374,12862],"class_list":["post-411790","post","type-post","status-publish","format-standard","has-post-thumbnail","hentry","category-estado-de-mexico-estado-de-mexico","tag-estado-de-mexico","tag-naucalpan","tag-participacion","tag-reconocimiento"],"_links":{"self":[{"href":"https:\/\/www.diarioimagen.net\/index.php?rest_route=\/wp\/v2\/posts\/411790","targetHints":{"allow":["GET"]}}],"collection":[{"href":"https:\/\/www.diarioimagen.net\/index.php?rest_route=\/wp\/v2\/posts"}],"about":[{"href":"https:\/\/www.diarioimagen.net\/index.php?rest_route=\/wp\/v2\/types\/post"}],"author":[{"embeddable":true,"href":"https:\/\/www.diarioimagen.net\/index.php?rest_route=\/wp\/v2\/users\/3"}],"replies":[{"embeddable":true,"href":"https:\/\/www.diarioimagen.net\/index.php?rest_route=%2Fwp%2Fv2%2Fcomments&post=411790"}],"version-history":[{"count":0,"href":"https:\/\/www.diarioimagen.net\/index.php?rest_route=\/wp\/v2\/posts\/411790\/revisions"}],"wp:featuredmedia":[{"embeddable":true,"href":"https:\/\/www.diarioimagen.net\/index.php?rest_route=\/wp\/v2\/media\/411858"}],"wp:attachment":[{"href":"https:\/\/www.diarioimagen.net\/index.php?rest_route=%2Fwp%2Fv2%2Fmedia&parent=411790"}],"wp:term":[{"taxonomy":"category","embeddable":true,"href":"https:\/\/www.diarioimagen.net\/index.php?rest_route=%2Fwp%2Fv2%2Fcategories&post=411790"},{"taxonomy":"post_tag","embeddable":true,"href":"https:\/\/www.diarioimagen.net\/index.php?rest_route=%2Fwp%2Fv2%2Ftags&post=411790"}],"curies":[{"name":"wp","href":"https:\/\/api.w.org\/{rel}","templated":true}]}}