{"id":411792,"date":"2019-01-22T00:07:41","date_gmt":"2019-01-22T06:07:41","guid":{"rendered":"https:\/\/www.diarioimagen.net\/?p=411792"},"modified":"2019-01-22T06:23:46","modified_gmt":"2019-01-22T12:23:46","slug":"arrancan-jornadas-de-bienestar-para-elevar-la-calidad-de-vida-de-la-gente","status":"publish","type":"post","link":"https:\/\/www.diarioimagen.net\/?p=411792","title":{"rendered":"Arrancan jornadas de bienestar para  elevar la calidad de vida de la gente"},"content":{"rendered":"<ul>\n<li><strong><em>En Atizap\u00e1n de Zaragoza<\/em><\/strong><\/li>\n<\/ul>\n<p>&nbsp;<\/p>\n<div id=\"attachment_411861\" style=\"width: 470px\" class=\"wp-caption aligncenter\"><a href=\"https:\/\/www.diarioimagen.net\/?attachment_id=411861\" rel=\"attachment wp-att-411861\"><img loading=\"lazy\" decoding=\"async\" aria-describedby=\"caption-attachment-411861\" class=\"size-large wp-image-411861\" src=\"https:\/\/www.diarioimagen.net\/wp-content\/uploads\/2019\/01\/ATIZAPAN-22-460x259.jpg\" alt=\"\" width=\"460\" height=\"259\" srcset=\"https:\/\/www.diarioimagen.net\/wp-content\/uploads\/2019\/01\/ATIZAPAN-22-460x259.jpg 460w, https:\/\/www.diarioimagen.net\/wp-content\/uploads\/2019\/01\/ATIZAPAN-22-240x135.jpg 240w, https:\/\/www.diarioimagen.net\/wp-content\/uploads\/2019\/01\/ATIZAPAN-22-235x132.jpg 235w, https:\/\/www.diarioimagen.net\/wp-content\/uploads\/2019\/01\/ATIZAPAN-22-202x114.jpg 202w, https:\/\/www.diarioimagen.net\/wp-content\/uploads\/2019\/01\/ATIZAPAN-22-350x196.jpg 350w, https:\/\/www.diarioimagen.net\/wp-content\/uploads\/2019\/01\/ATIZAPAN-22-220x123.jpg 220w, https:\/\/www.diarioimagen.net\/wp-content\/uploads\/2019\/01\/ATIZAPAN-22-237x132.jpg 237w, https:\/\/www.diarioimagen.net\/wp-content\/uploads\/2019\/01\/ATIZAPAN-22.jpg 480w\" sizes=\"auto, (max-width: 460px) 100vw, 460px\" \/><\/a><p id=\"caption-attachment-411861\" class=\"wp-caption-text\">Vamos a abordar alrededor de 17 colonias de la zona norte como Hogares, El Campanario, San Mateo, La Higuera, El Jaral, Pe\u00f1itas y Villas de la Hacienda\u201d, dijo el director de Bienestar, Gersain Lima Ram\u00edrez.<\/p><\/div>\n<p>&nbsp;<\/p>\n<p><strong>Atizap\u00e1n, Estado de M\u00e9xico<\/strong>.- Las Jornadas de Bienestar arrancaron en Atizap\u00e1n de Zaragoza con acciones enfocadas a prevenir enfermedades, sobre todo de tipo cr\u00f3nico-degenerativas, entre los vecinos del municipio.<\/p>\n<p>El director de Bienestar, Gersain Lima Ram\u00edrez, se\u00f1al\u00f3 que las jornadas tienen la finalidad de elevar la calidad de vida de los ciudadanos, sobre todo, en los lugares de m\u00e1s alta vulnerabilidad de la demarcaci\u00f3n.<\/p>\n<p>\u201cDe acuerdo al Plan Nacional de Desarrollo, vamos a abordar alrededor de 17 colonias de la zona norte como Hogares, El Campanario, San Mateo, La Higuera, El Jaral, Pe\u00f1itas y Villas de la Hacienda\u201d.<\/p>\n<p>Por su parte, Octavio Guzm\u00e1n D\u00edaz, subdirector de Concertaci\u00f3n Social, explic\u00f3 que adem\u00e1s de tomar peso, talla y pruebas biom\u00e9tricas a quienes asisten a las jornadas, tambi\u00e9n se les brinda asesor\u00eda sobre el cuidado de la salud y clases de ingl\u00e9s. Agreg\u00f3 que mediante equipos de diagn\u00f3stico, tipo esc\u00e1ner, se tiene en tiempo real y con un margen de eficiencia del 95 por ciento, una valoraci\u00f3n general del sistema corporal de las personas.<\/p>\n","protected":false},"excerpt":{"rendered":"<p>Las Jornadas de Bienestar arrancaron en Atizap\u00e1n de Zaragoza con acciones enfocadas a prevenir enfermedades, sobre todo de tipo cr\u00f3nico-degenerativas, entre los vecinos del municipio.<\/p>\n","protected":false},"author":3,"featured_media":411861,"comment_status":"open","ping_status":"open","sticky":false,"template":"","format":"standard","meta":{"_monsterinsights_skip_tracking":false,"_monsterinsights_sitenote_active":false,"_monsterinsights_sitenote_note":"","_monsterinsights_sitenote_category":0,"footnotes":""},"categories":[35155],"tags":[969,38068,82111,43675],"class_list":["post-411792","post","type-post","status-publish","format-standard","has-post-thumbnail","hentry","category-estado-de-mexico-estado-de-mexico","tag-atizapan","tag-bienestar","tag-calidad-vida","tag-estado-de-mexico"],"_links":{"self":[{"href":"https:\/\/www.diarioimagen.net\/index.php?rest_route=\/wp\/v2\/posts\/411792","targetHints":{"allow":["GET"]}}],"collection":[{"href":"https:\/\/www.diarioimagen.net\/index.php?rest_route=\/wp\/v2\/posts"}],"about":[{"href":"https:\/\/www.diarioimagen.net\/index.php?rest_route=\/wp\/v2\/types\/post"}],"author":[{"embeddable":true,"href":"https:\/\/www.diarioimagen.net\/index.php?rest_route=\/wp\/v2\/users\/3"}],"replies":[{"embeddable":true,"href":"https:\/\/www.diarioimagen.net\/index.php?rest_route=%2Fwp%2Fv2%2Fcomments&post=411792"}],"version-history":[{"count":0,"href":"https:\/\/www.diarioimagen.net\/index.php?rest_route=\/wp\/v2\/posts\/411792\/revisions"}],"wp:featuredmedia":[{"embeddable":true,"href":"https:\/\/www.diarioimagen.net\/index.php?rest_route=\/wp\/v2\/media\/411861"}],"wp:attachment":[{"href":"https:\/\/www.diarioimagen.net\/index.php?rest_route=%2Fwp%2Fv2%2Fmedia&parent=411792"}],"wp:term":[{"taxonomy":"category","embeddable":true,"href":"https:\/\/www.diarioimagen.net\/index.php?rest_route=%2Fwp%2Fv2%2Fcategories&post=411792"},{"taxonomy":"post_tag","embeddable":true,"href":"https:\/\/www.diarioimagen.net\/index.php?rest_route=%2Fwp%2Fv2%2Ftags&post=411792"}],"curies":[{"name":"wp","href":"https:\/\/api.w.org\/{rel}","templated":true}]}}