{"id":411794,"date":"2019-01-22T00:06:02","date_gmt":"2019-01-22T06:06:02","guid":{"rendered":"https:\/\/www.diarioimagen.net\/?p=411794"},"modified":"2019-01-22T06:25:00","modified_gmt":"2019-01-22T12:25:00","slug":"tultepec-dotan-de-equipo-tecnico-a-bomberos-y-a-policias-de-transito","status":"publish","type":"post","link":"https:\/\/www.diarioimagen.net\/?p=411794","title":{"rendered":"Tultepec: dotan de equipo t\u00e9cnico a bomberos y a polic\u00edas de tr\u00e1nsito"},"content":{"rendered":"<ul>\n<li><strong><em>Radios, uniformes, cascos, guantes y tanques de ox\u00edgeno<\/em><\/strong><\/li>\n<\/ul>\n<p>&nbsp;<\/p>\n<div id=\"attachment_411864\" style=\"width: 470px\" class=\"wp-caption aligncenter\"><a href=\"https:\/\/www.diarioimagen.net\/?attachment_id=411864\" rel=\"attachment wp-att-411864\"><img loading=\"lazy\" decoding=\"async\" aria-describedby=\"caption-attachment-411864\" class=\"size-large wp-image-411864\" src=\"https:\/\/www.diarioimagen.net\/wp-content\/uploads\/2019\/01\/TULTEPEC-22-460x259.jpg\" alt=\"\" width=\"460\" height=\"259\" srcset=\"https:\/\/www.diarioimagen.net\/wp-content\/uploads\/2019\/01\/TULTEPEC-22-460x259.jpg 460w, https:\/\/www.diarioimagen.net\/wp-content\/uploads\/2019\/01\/TULTEPEC-22-240x135.jpg 240w, https:\/\/www.diarioimagen.net\/wp-content\/uploads\/2019\/01\/TULTEPEC-22-235x132.jpg 235w, https:\/\/www.diarioimagen.net\/wp-content\/uploads\/2019\/01\/TULTEPEC-22-202x114.jpg 202w, https:\/\/www.diarioimagen.net\/wp-content\/uploads\/2019\/01\/TULTEPEC-22-350x196.jpg 350w, https:\/\/www.diarioimagen.net\/wp-content\/uploads\/2019\/01\/TULTEPEC-22-220x123.jpg 220w, https:\/\/www.diarioimagen.net\/wp-content\/uploads\/2019\/01\/TULTEPEC-22-237x132.jpg 237w, https:\/\/www.diarioimagen.net\/wp-content\/uploads\/2019\/01\/TULTEPEC-22.jpg 480w\" sizes=\"auto, (max-width: 460px) 100vw, 460px\" \/><\/a><p id=\"caption-attachment-411864\" class=\"wp-caption-text\">El alcalde Armando Portuguez Fuentes tambi\u00e9n hizo entrega de 224 chamarras a los elementos de la Comisar\u00eda de Seguridad Ciudadana y Tr\u00e1nsito Municipal.<\/p><\/div>\n<p>&nbsp;<\/p>\n<p><strong>Tultepec, Estado de M\u00e9xico<\/strong>.- Al entregar equipamiento profesional para bomberos y polic\u00edas, el alcalde, Armando Portuguez Fuentes, reiter\u00f3 el compromiso del gobierno que encabeza, para que cada elemento de ambas corporaciones cuente con los valores, aptitudes, conocimientos y todo lo necesario para servir a la ciudadan\u00eda de manera integral con honestidad, compromiso y de manera eficaz.<\/p>\n<p>En ceremonia c\u00edvica, el presidente municipal realiz\u00f3 la entrega de 14 radios port\u00e1tiles Kenwood de radiocomunicaci\u00f3n, 10 equipos profesionales completos de bomberos conformados de casco, chaquet\u00f3n, pantalones, monjas, guantes y botas al personal de la direcci\u00f3n de Protecci\u00f3n Civil y Bomberos.<\/p>\n<p>Entreg\u00f3 3 mochilas botiqu\u00edn de trauma, equipados con c\u00e1nulas orofaringeas Berman, c\u00e1nulas orofaringeas Guedel, mascarilla rcp pocket mask, vaso borboteador humidificador para tanque de ox\u00edgeno, mascarilla lar\u00edngea, baumanometro aneroide popular azul con estetoscopio y gluc\u00f3metro digital active-accu-check.<\/p>\n<p>Ante la presencia de integrantes del cabildo, directores, jefes de \u00e1rea y servidores p\u00fablicos de la administraci\u00f3n municipal 2019-2021, el alcalde tambi\u00e9n hizo entrega de 224 chamarras a los elementos de la Comisar\u00eda de Seguridad Ciudadana y Tr\u00e1nsito Municipal, ambos equipos adquiridos con recursos del Fondo de Aportaciones para el Fortalecimiento de los Municipios (FORTAMUN) 2018.<\/p>\n<p>El presidente municipal destac\u00f3 la importancia de que cada uno de los elementos de ambas corporaciones cuenten con el equipamiento necesario para desarrollar mejor su trabajo. \u00a0\u201cSiempre me he pronunciado por dignificar la labor policial y de bomberos y en aras de elevar la calidad de su servicio, el gobierno que presido siempre impulsar\u00e1 su desarrollo profesional, en un marco de disciplina, legalidad y de derechos humanos\u201d.<\/p>\n<p>Durante el evento realizado en la ceremonia c\u00edvica de cada lunes, el presidente municipal dijo que la entrega de este equipamiento es un instrumento m\u00e1s para la funcionalidad y operatividad de su trabajo en favor de la ciudadan\u00eda que realiza cada uno de los elementos de ambas corporaciones.<\/p>\n","protected":false},"excerpt":{"rendered":"<p>Al entregar equipamiento profesional para bomberos y polic\u00edas, el alcalde, Armando Portuguez Fuentes, reiter\u00f3 el compromiso del gobierno que encabeza, para que cada elemento de ambas corporaciones cuente con los valores, aptitudes, conocimientos y todo lo necesario para servir a la ciudadan\u00eda de manera integral con honestidad, compromiso y de manera eficaz.<\/p>\n","protected":false},"author":3,"featured_media":411864,"comment_status":"open","ping_status":"open","sticky":false,"template":"","format":"standard","meta":{"_monsterinsights_skip_tracking":false,"_monsterinsights_sitenote_active":false,"_monsterinsights_sitenote_note":"","_monsterinsights_sitenote_category":0,"footnotes":""},"categories":[35155],"tags":[58,43675,4188,3802],"class_list":["post-411794","post","type-post","status-publish","format-standard","has-post-thumbnail","hentry","category-estado-de-mexico-estado-de-mexico","tag-bomberos","tag-estado-de-mexico","tag-transito","tag-tultepec"],"_links":{"self":[{"href":"https:\/\/www.diarioimagen.net\/index.php?rest_route=\/wp\/v2\/posts\/411794","targetHints":{"allow":["GET"]}}],"collection":[{"href":"https:\/\/www.diarioimagen.net\/index.php?rest_route=\/wp\/v2\/posts"}],"about":[{"href":"https:\/\/www.diarioimagen.net\/index.php?rest_route=\/wp\/v2\/types\/post"}],"author":[{"embeddable":true,"href":"https:\/\/www.diarioimagen.net\/index.php?rest_route=\/wp\/v2\/users\/3"}],"replies":[{"embeddable":true,"href":"https:\/\/www.diarioimagen.net\/index.php?rest_route=%2Fwp%2Fv2%2Fcomments&post=411794"}],"version-history":[{"count":0,"href":"https:\/\/www.diarioimagen.net\/index.php?rest_route=\/wp\/v2\/posts\/411794\/revisions"}],"wp:featuredmedia":[{"embeddable":true,"href":"https:\/\/www.diarioimagen.net\/index.php?rest_route=\/wp\/v2\/media\/411864"}],"wp:attachment":[{"href":"https:\/\/www.diarioimagen.net\/index.php?rest_route=%2Fwp%2Fv2%2Fmedia&parent=411794"}],"wp:term":[{"taxonomy":"category","embeddable":true,"href":"https:\/\/www.diarioimagen.net\/index.php?rest_route=%2Fwp%2Fv2%2Fcategories&post=411794"},{"taxonomy":"post_tag","embeddable":true,"href":"https:\/\/www.diarioimagen.net\/index.php?rest_route=%2Fwp%2Fv2%2Ftags&post=411794"}],"curies":[{"name":"wp","href":"https:\/\/api.w.org\/{rel}","templated":true}]}}