{"id":411798,"date":"2019-01-22T00:04:32","date_gmt":"2019-01-22T06:04:32","guid":{"rendered":"https:\/\/www.diarioimagen.net\/?p=411798"},"modified":"2019-01-22T06:27:33","modified_gmt":"2019-01-22T12:27:33","slug":"promueve-tlalnepantla-valores-entre-los-jovenes","status":"publish","type":"post","link":"https:\/\/www.diarioimagen.net\/?p=411798","title":{"rendered":"Promueve Tlalnepantla valores entre los j\u00f3venes"},"content":{"rendered":"<p><a href=\"https:\/\/www.diarioimagen.net\/?attachment_id=411870\" rel=\"attachment wp-att-411870\"><img loading=\"lazy\" decoding=\"async\" class=\"aligncenter size-large wp-image-411870\" src=\"https:\/\/www.diarioimagen.net\/wp-content\/uploads\/2019\/01\/TLALNEPANTLA-22-460x259.jpg\" alt=\"\" width=\"460\" height=\"259\" srcset=\"https:\/\/www.diarioimagen.net\/wp-content\/uploads\/2019\/01\/TLALNEPANTLA-22-460x259.jpg 460w, https:\/\/www.diarioimagen.net\/wp-content\/uploads\/2019\/01\/TLALNEPANTLA-22-240x135.jpg 240w, https:\/\/www.diarioimagen.net\/wp-content\/uploads\/2019\/01\/TLALNEPANTLA-22-235x132.jpg 235w, https:\/\/www.diarioimagen.net\/wp-content\/uploads\/2019\/01\/TLALNEPANTLA-22-202x114.jpg 202w, https:\/\/www.diarioimagen.net\/wp-content\/uploads\/2019\/01\/TLALNEPANTLA-22-350x196.jpg 350w, https:\/\/www.diarioimagen.net\/wp-content\/uploads\/2019\/01\/TLALNEPANTLA-22-220x123.jpg 220w, https:\/\/www.diarioimagen.net\/wp-content\/uploads\/2019\/01\/TLALNEPANTLA-22-237x132.jpg 237w, https:\/\/www.diarioimagen.net\/wp-content\/uploads\/2019\/01\/TLALNEPANTLA-22.jpg 480w\" sizes=\"auto, (max-width: 460px) 100vw, 460px\" \/><\/a><\/p>\n<p>&nbsp;<\/p>\n<p><strong>Tlalnepantla, Estado de M\u00e9xico.-<\/strong> El municipio de Tlalnepantla de Baz promueve los valores y la integraci\u00f3n familiar entre los j\u00f3venes, a trav\u00e9s de diversas actividades culturales y deportivas, como la puesta en escena de la obra \u201cEl Pati\u00f1o\u201d, en la Escuela Secundaria T\u00e9cnica No. 24 \u201cV\u00edctor Bravo Ah\u00faja\u201d, ubicada en San Juan Ixhuatepec.<\/p>\n<p>El Instituto Municipal de Cultura F\u00edsica, Deporte y Juventud inform\u00f3 que esta obra se presenta dentro del \u201cCiclo de actividades en torno a los valores familiares en la juventud\u201d, que comprende los programas \u201cBienestar y orientaci\u00f3n de la juventud\u201d, \u201cParticipaci\u00f3n juvenil con rostro humano en las comunidades\u201d y \u201cExpresi\u00f3n juvenil\u201d.<\/p>\n","protected":false},"excerpt":{"rendered":"<p>El municipio de Tlalnepantla de Baz promueve los valores y la integraci\u00f3n familiar entre los j\u00f3venes, a trav\u00e9s de diversas actividades culturales y deportivas, como la puesta en escena de la obra \u201cEl Pati\u00f1o\u201d, en la Escuela Secundaria T\u00e9cnica No. 24 \u201cV\u00edctor Bravo Ah\u00faja\u201d, ubicada en San Juan Ixhuatepec.<\/p>\n","protected":false},"author":3,"featured_media":411870,"comment_status":"open","ping_status":"open","sticky":false,"template":"","format":"standard","meta":{"_monsterinsights_skip_tracking":false,"_monsterinsights_sitenote_active":false,"_monsterinsights_sitenote_note":"","_monsterinsights_sitenote_category":0,"footnotes":""},"categories":[35155],"tags":[43675,260,169,18119],"class_list":["post-411798","post","type-post","status-publish","format-standard","has-post-thumbnail","hentry","category-estado-de-mexico-estado-de-mexico","tag-estado-de-mexico","tag-jovenes","tag-tlalnepantla","tag-valores"],"_links":{"self":[{"href":"https:\/\/www.diarioimagen.net\/index.php?rest_route=\/wp\/v2\/posts\/411798","targetHints":{"allow":["GET"]}}],"collection":[{"href":"https:\/\/www.diarioimagen.net\/index.php?rest_route=\/wp\/v2\/posts"}],"about":[{"href":"https:\/\/www.diarioimagen.net\/index.php?rest_route=\/wp\/v2\/types\/post"}],"author":[{"embeddable":true,"href":"https:\/\/www.diarioimagen.net\/index.php?rest_route=\/wp\/v2\/users\/3"}],"replies":[{"embeddable":true,"href":"https:\/\/www.diarioimagen.net\/index.php?rest_route=%2Fwp%2Fv2%2Fcomments&post=411798"}],"version-history":[{"count":0,"href":"https:\/\/www.diarioimagen.net\/index.php?rest_route=\/wp\/v2\/posts\/411798\/revisions"}],"wp:featuredmedia":[{"embeddable":true,"href":"https:\/\/www.diarioimagen.net\/index.php?rest_route=\/wp\/v2\/media\/411870"}],"wp:attachment":[{"href":"https:\/\/www.diarioimagen.net\/index.php?rest_route=%2Fwp%2Fv2%2Fmedia&parent=411798"}],"wp:term":[{"taxonomy":"category","embeddable":true,"href":"https:\/\/www.diarioimagen.net\/index.php?rest_route=%2Fwp%2Fv2%2Fcategories&post=411798"},{"taxonomy":"post_tag","embeddable":true,"href":"https:\/\/www.diarioimagen.net\/index.php?rest_route=%2Fwp%2Fv2%2Ftags&post=411798"}],"curies":[{"name":"wp","href":"https:\/\/api.w.org\/{rel}","templated":true}]}}