{"id":411807,"date":"2019-01-22T00:01:30","date_gmt":"2019-01-22T06:01:30","guid":{"rendered":"https:\/\/www.diarioimagen.net\/?p=411807"},"modified":"2019-01-22T03:34:23","modified_gmt":"2019-01-22T09:34:23","slug":"ayuntamiento-de-benito-juarez-no-quiere-entrarle-a-la-ley-de-alcoholes","status":"publish","type":"post","link":"https:\/\/www.diarioimagen.net\/?p=411807","title":{"rendered":"Ayuntamiento de Benito Ju\u00e1rez no quiere entrarle a la Ley de Alcoholes"},"content":{"rendered":"<h2>Derecho de r\u00e9plica<\/h2>\n<p>&nbsp;<\/p>\n<p>&nbsp;<\/p>\n<p>No cabe duda que el vicio y la perdici\u00f3n son un negocio redondo, menos para el vicioso que, es a quien se le exprime; por eso, en el ayuntamiento de Benito Ju\u00e1rez, que encabeza Mara Lezama, en los primeros d\u00edas de febrero, interpondr\u00e1 una Controversia Constitucional ante los Juzgados de Distrito, contra la Ley de Alcoholes, por considerarla violatoria a la autonom\u00eda municipal.<\/p>\n<p>El Decreto 300 fue publicado el pasado 10 de enero en el <em>Peri\u00f3dico Oficial del Estado<\/em>, por el que se reforman, derogan y adicionan diversas disposiciones de la Ley sobre Venta y Consumo de Bebidas Alcoh\u00f3licas en el Estado de Quintana Roo.<\/p>\n<p>Dichos cambios establecen como l\u00edmite m\u00e1ximo hasta las 23:00 horas en horario ordinario y las 3:00 horas en horario extraordinario, de lunes a domingo.<\/p>\n<p>Que en el ayuntamiento no les importa que el objetivo sea disminuir los \u00edndices delictivos.<\/p>\n<p style=\"text-align: center;\"><strong>La lana, antes que todo<\/strong><\/p>\n<p>\u201cVamos a ir a la Controversia Constitucional, nos parece que hay una injerencia en la autonom\u00eda municipal, ahora nos quieren establecer hasta a qu\u00e9 hora podemos abrir los restaurantes, eso me parece totalmente violatorio a la autonom\u00eda municipal, as\u00ed que ya lo estuvimos consensuando con el departamento financiero y adem\u00e1s, le hacen un boquete importante al municipio\u201d, dijo el secretario del Ayuntamiento, Jorge Aguilar.<\/p>\n<p>Que la base del amparo es que el gobierno del estado quiere imponer esta ley, pasando por encima de las facultades municipales.<\/p>\n<p>La realidad, es que los permisos para que los antros operen generan ganancias millonarias al ayuntamiento, m\u00e1s cuando se trata de ampliar el horario de servicio.<\/p>\n<p style=\"text-align: center;\"><strong>Sin aprobar Mando \u00danico<\/strong><\/p>\n<p>Que en el municipio de Benito Ju\u00e1rez, no es de todo cierta la versi\u00f3n de que se aprob\u00f3 el Mando \u00danico para dejar en manos de la polic\u00eda estatal, de Alberto Capella.<\/p>\n<p>Los regidores no han dado su aval a la operaci\u00f3n de la polic\u00eda municipal bajo la \u00f3rdenes estatales, que desde un mes despu\u00e9s de iniciada la administraci\u00f3n de Mara Lezama se dio.<\/p>\n<p>El jefe de la polic\u00eda municipal, Jes\u00fas P\u00e9rez Abarca, no se ha dignado a presentar un plan de trabajo en conjunto y todo es de palabra, sin cumplir con las formalidades legales&#8230;.que al parecer, les valen una pura y dos con sal, mientras tengan poder.<\/p>\n<p style=\"text-align: center;\"><strong>Buscan convertir a Canc\u00fan en para\u00edso arquitect\u00f3nico<\/strong><\/p>\n<p>El Colegio de Arquitectos sumar\u00e1 esfuerzos para convertir a Canc\u00fan en para\u00edso arquitect\u00f3nico, asegur\u00f3 \u00darsula Ruiz Segura, al rendir protesta como nueva presidenta del prestigiado cuerpo colegiado para el periodo 2019-2020, quien se comprometi\u00f3 a colaborar estrechamente con autoridades para crear un nuevo tejido social, con miras a entablar un fuerte v\u00ednculo de colaboraci\u00f3n.<\/p>\n<p>Refrend\u00f3 el compromiso de ese cuerpo colegiado por generar un fuerte v\u00ednculo de colaboraci\u00f3n con el gobierno estatal y municipal para aportar ideas que permitan crear un nuevo tejido social y contribuya a transformar a este destino de \u201cun para\u00edso natural a un para\u00edso arquitect\u00f3nico\u201d.<\/p>\n<p>Dijo que es momento de participar con firmeza para impulsarnos como arquitectos de \u00e9xito, para transformar el escenario en el que vivimos d\u00eda a d\u00eda, y en ese sentido invit\u00f3 a los miembros de la agrupaci\u00f3n a \u201cimpregnar todo lo que hacemos con responsabilidad, compromiso, honestidad y pasi\u00f3n, dando lo mejor de nosotros mismos para la sociedad.<\/p>\n<p>El presidente de la Federaci\u00f3n de Colegios de Arquitectos de la Rep\u00fablica Mexicana (FCARM), Aldo Paul Ortega Molina, se encarg\u00f3 de tomar la protesta del nuevo Consejo Directivo y dese\u00f3 el mejor de los \u00e9xitos a \u00darsula Ruiz Segura por este privilegio y responsabilidad de conducir al cuerpo colegiado.<\/p>\n<p style=\"text-align: center;\"><strong>Denuncia grupo ambientalista tala ilegal<\/strong><\/p>\n<p>Guadalupe \u00c1lvarez Chulim, presidenta del grupo ambientalista Cielo, Tierra y Mar (Citymar), denunci\u00f3 que trabajadores abren brechas al interior de un predio en Palancar, propiedad del ex alcalde de Canc\u00fan, Gregorio S\u00e1nchez Mart\u00ednez, violando toda norma ambiental en una zona de humedal, que no cuenta con permisos y que incluso ya hab\u00eda sido clausurada por la Profepa.<\/p>\n<p>Indic\u00f3 que el jueves pasado, sali\u00f3 publicado en la Gaceta Ecol\u00f3gica de la Semarnat la solicitud ingresada por la inmobiliaria \u201cEl Jaguar\u201d (propiedad del actual dirigente estatal del Partido Encuentro Social) para construir en el lugar, a unos 20 kil\u00f3metros de Cozumel, un parque tem\u00e1tico, llamado \u201cAdventure Park Palancar Cozumel\u201d, con una extensi\u00f3n de 49 mil metros cuadrados, mismo que tendr\u00e1 un club de playa, juegos y un zool\u00f3gico.<\/p>\n<p>De acuerdo con la ecologista, el hecho de ingresar una solicitud no te da permiso para comenzar a talar la selva, porque falta que la dependencia federal otorgue su respuesta; adem\u00e1s que requerir\u00eda la autorizaci\u00f3n municipal, en donde se revisar\u00eda el cambio de uso de suelo.<\/p>\n<p>\u00c1lvarez Chulim acudi\u00f3 al lugar, donde atestigu\u00f3 la presencia de al menos tres trabajadores, luego de que se le diera el aviso de que se hab\u00eda reactivado la tala de selva.<\/p>\n","protected":false},"excerpt":{"rendered":"<p><span style=\"color: #005497;\"><strong>Derecho de r\u00e9plica<\/strong><\/span><\/p>\n","protected":false},"author":3,"featured_media":0,"comment_status":"open","ping_status":"open","sticky":false,"template":"","format":"standard","meta":{"_monsterinsights_skip_tracking":false,"_monsterinsights_sitenote_active":false,"_monsterinsights_sitenote_note":"","_monsterinsights_sitenote_category":0,"footnotes":""},"categories":[62907],"tags":[47840,43674],"class_list":["post-411807","post","type-post","status-publish","format-standard","hentry","category-derecho-de-replica","tag-derecho-de-replica","tag-opinion"],"_links":{"self":[{"href":"https:\/\/www.diarioimagen.net\/index.php?rest_route=\/wp\/v2\/posts\/411807","targetHints":{"allow":["GET"]}}],"collection":[{"href":"https:\/\/www.diarioimagen.net\/index.php?rest_route=\/wp\/v2\/posts"}],"about":[{"href":"https:\/\/www.diarioimagen.net\/index.php?rest_route=\/wp\/v2\/types\/post"}],"author":[{"embeddable":true,"href":"https:\/\/www.diarioimagen.net\/index.php?rest_route=\/wp\/v2\/users\/3"}],"replies":[{"embeddable":true,"href":"https:\/\/www.diarioimagen.net\/index.php?rest_route=%2Fwp%2Fv2%2Fcomments&post=411807"}],"version-history":[{"count":0,"href":"https:\/\/www.diarioimagen.net\/index.php?rest_route=\/wp\/v2\/posts\/411807\/revisions"}],"wp:attachment":[{"href":"https:\/\/www.diarioimagen.net\/index.php?rest_route=%2Fwp%2Fv2%2Fmedia&parent=411807"}],"wp:term":[{"taxonomy":"category","embeddable":true,"href":"https:\/\/www.diarioimagen.net\/index.php?rest_route=%2Fwp%2Fv2%2Fcategories&post=411807"},{"taxonomy":"post_tag","embeddable":true,"href":"https:\/\/www.diarioimagen.net\/index.php?rest_route=%2Fwp%2Fv2%2Ftags&post=411807"}],"curies":[{"name":"wp","href":"https:\/\/api.w.org\/{rel}","templated":true}]}}