{"id":411838,"date":"2019-01-22T00:11:09","date_gmt":"2019-01-22T06:11:09","guid":{"rendered":"https:\/\/www.diarioimagen.net\/?p=411838"},"modified":"2019-01-22T06:43:38","modified_gmt":"2019-01-22T12:43:38","slug":"vienen-siete-reformas-constitucionales-y-tres-ordinarias","status":"publish","type":"post","link":"https:\/\/www.diarioimagen.net\/?p=411838","title":{"rendered":"Vienen siete reformas constitucionales y tres ordinarias"},"content":{"rendered":"<h2>Tras la puerta del poder<\/h2>\n<h5>Roberto Vizca\u00edno<\/h5>\n<p>&nbsp;<\/p>\n<div id=\"attachment_411894\" style=\"width: 470px\" class=\"wp-caption aligncenter\"><a href=\"https:\/\/www.diarioimagen.net\/?attachment_id=411894\" rel=\"attachment wp-att-411894\"><img loading=\"lazy\" decoding=\"async\" aria-describedby=\"caption-attachment-411894\" class=\"size-large wp-image-411894\" src=\"https:\/\/www.diarioimagen.net\/wp-content\/uploads\/2019\/01\/Tlahuelilpan-LUIS-XAVIER-460x362.jpg\" alt=\"\" width=\"460\" height=\"362\" srcset=\"https:\/\/www.diarioimagen.net\/wp-content\/uploads\/2019\/01\/Tlahuelilpan-LUIS-XAVIER-460x362.jpg 460w, https:\/\/www.diarioimagen.net\/wp-content\/uploads\/2019\/01\/Tlahuelilpan-LUIS-XAVIER-240x189.jpg 240w, https:\/\/www.diarioimagen.net\/wp-content\/uploads\/2019\/01\/Tlahuelilpan-LUIS-XAVIER-768x605.jpg 768w, https:\/\/www.diarioimagen.net\/wp-content\/uploads\/2019\/01\/Tlahuelilpan-LUIS-XAVIER.jpg 1200w\" sizes=\"auto, (max-width: 460px) 100vw, 460px\" \/><\/a><p id=\"caption-attachment-411894\" class=\"wp-caption-text\">Tlahuelilpan&#8230; | Luis Xavier<\/p><\/div>\n<p>&nbsp;<\/p>\n<p>Normalmente pausado, tranquilo, reflexivo, <strong>Ricardo Monreal<\/strong> se sorprende al enumerar una a una las reformas en puerta que suman un total de 10, las mismas que deber\u00e1n ser tramitadas por \u00e9l en los siguientes 3 meses, y que le requerir\u00e1n negociaciones y acuerdos para cada una.<\/p>\n<p>Con voz lenta, un tato ensimismado, dice m\u00e1s para s\u00ed que para los reporteros que le seguimos atentos en la mesa redonda de su despacho:<\/p>\n<p>\u201cEs pesado, no es f\u00e1cil, porque es de acto por acto.<\/p>\n<p>Cada reforma constitucional requiere una negociaci\u00f3n particular y, es muy desgastante, es muy pesado\u2026 pero vamos a intentar hacerlo\u201d.<\/p>\n<p>La conversaci\u00f3n con el coordinador de los senadores de Morena y presidente de la Junta de Coordinaci\u00f3n Pol\u00edtica se inicia con el tema de la Guardia Nacional.<\/p>\n<p>La creaci\u00f3n de este cuerpo militarizado es hoy su preocupaci\u00f3n principal. Sus comentarios indican que enfrenta resistencias, fuertes, de car\u00e1cter partidario, ideol\u00f3gico, por suspicacias de sectores y grupos, e intereses\u2026 poderosos intereses.<\/p>\n<p>En obvio mensaje a todos ellos advierte que su mayor\u00eda legislativa formada por las bancadas de Morena, del PES y del PT ya se comprometieron a aprobar el dictamen que contempla la creaci\u00f3n de la Guardia Nacional.<\/p>\n<p>Pero sabe que como es reforma Constitucional, requiere mayor\u00eda calificada, es decir unos 17 votos m\u00e1s de los que suman los senadores de su alianza.<\/p>\n<p>A esos posibles votos les dice que el pa\u00eds vive una emergencia nacional, como nunca antes, frente a la violencia y la inseguridad y que no hay que perder el tiempo para aprobar la Guardia Nacional.<\/p>\n<p>Dice sin embargo estar consciente de que detr\u00e1s de esa aprobaci\u00f3n existen muchos escollos, dudas, resquemores, pero advierte que, como toda reforma constitucional, esta podr\u00e1 ser perfectible o modificable.<\/p>\n<p><strong>Monreal <\/strong>buscar\u00e1 hoy y ma\u00f1ana que los otros grupos parlamentarios aprueben su plan para sacar adelante a la Guardia Nacional.<\/p>\n<p>\u00bfCu\u00e1l es su plan?<\/p>\n<p>Explica: va a proponerles a los otros coordinadores que los secretarios de la Defensa, Marina, Seguridad P\u00fablica y el Fiscal General de la Naci\u00f3n comparezcan ante la Comisi\u00f3n de Puntos Constitucionales antes de que en su seno se debatan las modificaciones y adhesiones a la minuta que crea la Guardia Nacional aprobada ya por los diputados.<\/p>\n<p>Ser\u00eda un ejercicio in\u00e9dito, afirma. Nunca antes realizado. Que servir\u00eda para que los miembros de la comisi\u00f3n avancen r\u00e1pido en el dictamen y que se pueda este debatir y aprobar en un per\u00edodo extraordinario que se realizar\u00eda el viernes.<\/p>\n<p>La realizaci\u00f3n del extraordinario se tramitar\u00eda y aprobar\u00eda en la sesi\u00f3n semanal de la Comisi\u00f3n Permanente.<\/p>\n<p>Todo en 3 d\u00edas.<\/p>\n<p><strong>Monreal <\/strong>afirma que sabe que es complicado, dif\u00edcil, que no todos est\u00e1n de acuerdo en este plan, que hay resistencias.<\/p>\n<p>Pero aclara que desde fines de la semana pasada \u00e9l ha conversado ya con no pocos senadores de la oposici\u00f3n, quienes podr\u00edan aceptar este tr\u00e1mite de 3 d\u00edas.<\/p>\n<p>Se trata, insiste, en darle todo el apoyo al Presidente <strong>Andr\u00e9s Manuel L\u00f3pez Obrador<\/strong> en su intento por pacificar al pa\u00eds y proteger a las Fuerzas Armadas con un respaldo constitucional en sus tareas de seguridad.<\/p>\n<p>\u201cNosotros (los senadores de Morena, PES y PT) estar\u00edamos dispuestos a ir a un extraordinario esta semana, por la urgencia, porque no puede regatearse y no se puede entrar a recesos cuando la naci\u00f3n est\u00e1 en grave peligro\u201d, subraya.<\/p>\n<p style=\"text-align: center;\"><strong>Las otras reformas<\/strong><\/p>\n<p>Lo anterior es lo urgente, lo igualmente importante pero no inmediato, es, dice, lo que se tramitar\u00e1 en el segundo per\u00edodo que inicia el 1 de febrero y termina el \u00faltimo de abril.<\/p>\n<p>\u201cEn el caso del ordinario, inevitablemente, necesariamente tendremos que abordar varios temas, algunos incompletos: revocaci\u00f3n de mandato; fuero constitucional; ley de confianza ciudadana; reforma educativa, donde actuamos como C\u00e1mara revisora. Tambi\u00e9n reformas en materia laboral, que ingresaron a la C\u00e1mara de Diputados.<\/p>\n<p>\u201cY aqu\u00ed (en el Senado) tenemos dos importantes: el sistema anticorrupci\u00f3n y el de la despenalizaci\u00f3n del uso de la mariguana\u2026<\/p>\n<p>\u00bfLey minera?, se le inquiere.<\/p>\n<p>\u201cNo est\u00e1 contemplada. Hay una iniciativa, en efecto, pero no est\u00e1 contemplado como prioridad.<\/p>\n<p>\u201cEstas seis, y le agregar\u00eda una, es un inter\u00e9s personal pero que a veces no me gusta repetirlo, lo de las comisiones bancarias\u201d.<\/p>\n<p>R\u00e1pido recuerda otras. Como la de Consulta Ciudadana, que requerir\u00e1 de la modificaci\u00f3n del art\u00edculo 35\u00ba constitucional.<\/p>\n<p>Y a eso agrega la de modificaciones a leyes reglamentarias, a la Ley Org\u00e1nica del Poder Judicial, que tiene que ver con la rotaci\u00f3n de jueces.<\/p>\n<p>\u201cTambi\u00e9n ese tema lo vamos a tratar\u2026 ya hemos platicado de manera informal o formal, con el nuevo presidente de la Corte que vamos a abordarlo en los pr\u00f3ximos d\u00edas.<\/p>\n<p>\u201cEs decir, tenemos una agenda impresionante, pesada, dif\u00edcil, que va a requerir de mucha paciencia y de mucha prudencia; porque la mayor\u00eda de ellas son construcci\u00f3n de reformas constitucionales que requieren de mayor\u00edas calificadas\u201d.<\/p>\n<p>Las que requieren de mayor\u00eda calificada por ser constitucionales, es decir, las dos terceras partes de votos de los 128 senadores, son:<\/p>\n<p>La creaci\u00f3n de la Guardia Nacional, la reforma de fuero constitucional; reforma educativa; Consultas ciudadanas; Revocaci\u00f3n de mandato; despenalizaci\u00f3n de la Mariguana y Reforma laboral.<\/p>\n<p>Entonces, son 7-3; 7 reformas constitucionales, 3 reformas legislativas por la v\u00eda secundaria o la v\u00eda reglamentaria.<\/p>\n<p>Todo a tramitarse entre febrero y abril.<\/p>\n<p style=\"text-align: center;\"><strong>Fueron prudentes<\/strong><\/p>\n<p>Fuera del tema principal, pero absolutamente vigente por lo acontecido el viernes en Tlahuelilpan, Hidalgo, Monreal consider\u00f3 que el Ej\u00e9rcito actu\u00f3 con prudencia ante el desbordamiento de los pobladores.<\/p>\n<p>\u201cYa me imagino si el Ej\u00e9rcito hubiera actuado reprimiendo o a toda costa, deteniendo la expresi\u00f3n popular. \u00a1Ya me imagino!, estuvi\u00e9ramos ahora en el banquillo de los acusados, en Tribunales internacionales.<\/p>\n<p>\u201cNo, yo creo que el Ej\u00e9rcito actu\u00f3 prudentemente. Por eso es importante darle instrumentos jur\u00eddicos, constitucionales, a las Fuerzas Armadas, para aplicar protocolos, que ahora no los tiene y tampoco tiene capacidad jur\u00eddica para hacerlos, dado que est\u00e1 prohibida la participaci\u00f3n del Ej\u00e9rcito, las Fuerzas Armadas, en asuntos de seguridad p\u00fablica\u201d, indic\u00f3.<\/p>\n<p style=\"text-align: center;\"><strong>Tr\u00e1calas en Radio Centro<\/strong><\/p>\n<p>Representantes de <strong>Francisco Aguirre,<\/strong> propietario de Radio Centro, echaron la tarde de ayer a la calle a 97 trabajadores de esa empresa sin darles liquidaci\u00f3n alguna bajo el argumento de que se hab\u00eda declarado la quiebra o banca rota del consorcio que afirma tiene la mayor audiencia de la radio en M\u00e9xico.<\/p>\n<p>Voz de los despedidos, la reconocida conductora <strong>Talina Fern\u00e1ndez<\/strong> discuti\u00f3 con los representantes de Aguirre a quienes reclam\u00f3 el compromiso de la liquidaci\u00f3n al tiempo que lanz\u00f3 una petici\u00f3n de auxilio de parte de los medios ante la evidente arbitrariedad.<\/p>\n<p><strong>Aguirre,<\/strong> quien desde hace algunos a\u00f1os ha llevado a Radio Centro al fracaso, luego de que entr\u00f3 en la licitaci\u00f3n de un canal de TV abierta y luego no tuvo dinero para continuar con el tr\u00e1mite, y con ello perder varios millones de pesos, contrat\u00f3 hace unos meses a <strong>Carmen Aristegui <\/strong>y hace unas semanas a <strong>Julio Hern\u00e1ndez,<\/strong> columnista de La Jornada con salarios millonarios y reestructur\u00f3 su barra noticiosa en la que mantiene a <strong>Sergio Sarmiento.<\/strong><\/p>\n<p>Radio Centro mantiene un diferendo desde hace a\u00f1os con <strong>Guti\u00e9rrez Viv\u00f3 <\/strong>a quien no ha querido pagarle 23 millones de d\u00f3lares.<\/p>\n<p><em><a href=\"http:\/\/www.endirecto.com.mx\/\" target=\"_blank\" rel=\"noopener\">www.endirecto.com.mx<\/a><\/em><br \/>\n<em><a href=\"https:\/\/twitter.com\/_rvizcaino\" target=\"_blank\" rel=\"noopener\">@_RVizcaino<\/a><\/em><br \/>\n<a href=\"https:\/\/www.facebook.com\/rvizcainoa\" target=\"_blank\" rel=\"noopener\">f<em>acebook.com\/rvizcainoa<\/em><\/a><\/p>\n","protected":false},"excerpt":{"rendered":"<p><span style=\"color: #005497;\"><strong>Roberto Vizca\u00edno<\/strong><\/span><br \/>\n<br \/>\nNormalmente pausado, tranquilo, reflexivo, <strong>Ricardo Monreal<\/strong> se sorprende al enumerar una a una las reformas en puerta que suman un total de 10, las mismas que deber\u00e1n ser tramitadas por \u00e9l en los siguientes 3 meses, y que le requerir\u00e1n negociaciones y acuerdos para cada una.<\/p>\n","protected":false},"author":3,"featured_media":411894,"comment_status":"open","ping_status":"open","sticky":false,"template":"","format":"standard","meta":{"_monsterinsights_skip_tracking":false,"_monsterinsights_sitenote_active":false,"_monsterinsights_sitenote_note":"","_monsterinsights_sitenote_category":0,"footnotes":""},"categories":[136],"tags":[43674,93,94],"class_list":["post-411838","post","type-post","status-publish","format-standard","has-post-thumbnail","hentry","category-roberto-vizcaino-opinion","tag-opinion","tag-roberto-vizcaino","tag-tras-la-puerta-del-poder"],"_links":{"self":[{"href":"https:\/\/www.diarioimagen.net\/index.php?rest_route=\/wp\/v2\/posts\/411838","targetHints":{"allow":["GET"]}}],"collection":[{"href":"https:\/\/www.diarioimagen.net\/index.php?rest_route=\/wp\/v2\/posts"}],"about":[{"href":"https:\/\/www.diarioimagen.net\/index.php?rest_route=\/wp\/v2\/types\/post"}],"author":[{"embeddable":true,"href":"https:\/\/www.diarioimagen.net\/index.php?rest_route=\/wp\/v2\/users\/3"}],"replies":[{"embeddable":true,"href":"https:\/\/www.diarioimagen.net\/index.php?rest_route=%2Fwp%2Fv2%2Fcomments&post=411838"}],"version-history":[{"count":0,"href":"https:\/\/www.diarioimagen.net\/index.php?rest_route=\/wp\/v2\/posts\/411838\/revisions"}],"wp:featuredmedia":[{"embeddable":true,"href":"https:\/\/www.diarioimagen.net\/index.php?rest_route=\/wp\/v2\/media\/411894"}],"wp:attachment":[{"href":"https:\/\/www.diarioimagen.net\/index.php?rest_route=%2Fwp%2Fv2%2Fmedia&parent=411838"}],"wp:term":[{"taxonomy":"category","embeddable":true,"href":"https:\/\/www.diarioimagen.net\/index.php?rest_route=%2Fwp%2Fv2%2Fcategories&post=411838"},{"taxonomy":"post_tag","embeddable":true,"href":"https:\/\/www.diarioimagen.net\/index.php?rest_route=%2Fwp%2Fv2%2Ftags&post=411838"}],"curies":[{"name":"wp","href":"https:\/\/api.w.org\/{rel}","templated":true}]}}