{"id":411980,"date":"2019-01-23T00:07:36","date_gmt":"2019-01-23T06:07:36","guid":{"rendered":"https:\/\/www.diarioimagen.net\/?p=411980"},"modified":"2019-01-23T04:57:20","modified_gmt":"2019-01-23T10:57:20","slug":"piden-reordenamiento-de-comercio-popular-en-la-capital","status":"publish","type":"post","link":"https:\/\/www.diarioimagen.net\/?p=411980","title":{"rendered":"Piden reordenamiento de comercio popular en la capital"},"content":{"rendered":"<ul>\n<li><strong><em>Sin criminalizaci\u00f3n<\/em><\/strong><\/li>\n<\/ul>\n<p>&nbsp;<\/p>\n<div id=\"attachment_412052\" style=\"width: 470px\" class=\"wp-caption aligncenter\"><a href=\"https:\/\/www.diarioimagen.net\/?attachment_id=412052\" rel=\"attachment wp-att-412052\"><img loading=\"lazy\" decoding=\"async\" aria-describedby=\"caption-attachment-412052\" class=\"size-large wp-image-412052\" src=\"https:\/\/www.diarioimagen.net\/wp-content\/uploads\/2019\/01\/REORDENAMIENTO23-460x259.jpg\" alt=\"\" width=\"460\" height=\"259\" srcset=\"https:\/\/www.diarioimagen.net\/wp-content\/uploads\/2019\/01\/REORDENAMIENTO23-460x259.jpg 460w, https:\/\/www.diarioimagen.net\/wp-content\/uploads\/2019\/01\/REORDENAMIENTO23-240x135.jpg 240w, https:\/\/www.diarioimagen.net\/wp-content\/uploads\/2019\/01\/REORDENAMIENTO23-235x132.jpg 235w, https:\/\/www.diarioimagen.net\/wp-content\/uploads\/2019\/01\/REORDENAMIENTO23-202x114.jpg 202w, https:\/\/www.diarioimagen.net\/wp-content\/uploads\/2019\/01\/REORDENAMIENTO23-350x196.jpg 350w, https:\/\/www.diarioimagen.net\/wp-content\/uploads\/2019\/01\/REORDENAMIENTO23-220x123.jpg 220w, https:\/\/www.diarioimagen.net\/wp-content\/uploads\/2019\/01\/REORDENAMIENTO23-237x132.jpg 237w, https:\/\/www.diarioimagen.net\/wp-content\/uploads\/2019\/01\/REORDENAMIENTO23.jpg 480w\" sizes=\"auto, (max-width: 460px) 100vw, 460px\" \/><\/a><p id=\"caption-attachment-412052\" class=\"wp-caption-text\">Se pronuncian l\u00edderes a favor del reordenamiento del comercio popular, sin criminalizaci\u00f3n.<\/p><\/div>\n<p>&nbsp;<\/p>\n<p>La presidenta de la organizaci\u00f3n Pro Diana y dirigente de comerciantes, Diana S\u00e1nchez Barrios, se pronunci\u00f3 a favor del reordenamiento del comercio popular, sin criminalizaci\u00f3n.<\/p>\n<p>Durante el arranque del Proyecto: Reordenamiento Eficaz de la CDMX. \u201cRegulaci\u00f3n eficaz, lo correcto en la v\u00eda p\u00fablica, un espacio que genera futuro\u201d, consider\u00f3 que lleg\u00f3 el momento de la reconciliaci\u00f3n del comercio popular con la sociedad civil, al reparar el da\u00f1o causado al sector en a\u00f1os anteriores.<\/p>\n<p>El proyecto implica actividades y propuestas para generar una iniciativa ciudadana de la Ley del Comercio Popular en el marco de un trabajo com\u00fan denominado \u201creordenamiento eficaz correcto en la v\u00eda p\u00fablica\u201d.<\/p>\n<p>\u201cLleg\u00f3 el momento de que las organizaciones unifiquemos criterios y encaucemos todos juntos un bien social y econ\u00f3mico para este sector y as\u00ed dar paso a la erradicaci\u00f3n del estigma y discriminaci\u00f3n que sufre la clase trabajadora que aqu\u00ed se autoemplea\u201d, expuso Diana S\u00e1nchez.<\/p>\n<p>Dijo que este trabajo se debe llevar a cabo de manera eficaz entre la sociedad y el gobierno y con un Congreso local abierto, donde la mujer tiene un papel preponderante al laborar fuera y dentro de casa.<\/p>\n<p>\u201cEstoy convencida que una ley efectiva y consensuada ayudar\u00e1 a contar con identidad, derechos y obligaciones sin segregar, ni criminalizar, as\u00ed como con un ordenamiento eficaz, que permita a nuestro gobierno generar amplia gobernabilidad para el pueblo\u201d.<\/p>\n<p>En el evento tambi\u00e9n se inici\u00f3 la recolecci\u00f3n de firmas en las 16 alcald\u00edas para la validaci\u00f3n de una iniciativa de ley en favor del ordenamiento del comercio en v\u00eda p\u00fablica y se inaugur\u00f3 una exposici\u00f3n fotogr\u00e1fica en la que se muestran im\u00e1genes del comercio en la calle.<\/p>\n","protected":false},"excerpt":{"rendered":"<p>La presidenta de la organizaci\u00f3n Pro Diana y dirigente de comerciantes, Diana S\u00e1nchez Barrios, se pronunci\u00f3 a favor del reordenamiento del comercio popular, sin criminalizaci\u00f3n.<\/p>\n","protected":false},"author":3,"featured_media":412052,"comment_status":"open","ping_status":"open","sticky":false,"template":"","format":"standard","meta":{"_monsterinsights_skip_tracking":false,"_monsterinsights_sitenote_active":false,"_monsterinsights_sitenote_note":"","_monsterinsights_sitenote_category":0,"footnotes":""},"categories":[6],"tags":[204,24291,63185],"class_list":["post-411980","post","type-post","status-publish","format-standard","has-post-thumbnail","hentry","category-cd-de-mexico","tag-ciudad-de-mexico","tag-comercio","tag-reordenamiento"],"_links":{"self":[{"href":"https:\/\/www.diarioimagen.net\/index.php?rest_route=\/wp\/v2\/posts\/411980","targetHints":{"allow":["GET"]}}],"collection":[{"href":"https:\/\/www.diarioimagen.net\/index.php?rest_route=\/wp\/v2\/posts"}],"about":[{"href":"https:\/\/www.diarioimagen.net\/index.php?rest_route=\/wp\/v2\/types\/post"}],"author":[{"embeddable":true,"href":"https:\/\/www.diarioimagen.net\/index.php?rest_route=\/wp\/v2\/users\/3"}],"replies":[{"embeddable":true,"href":"https:\/\/www.diarioimagen.net\/index.php?rest_route=%2Fwp%2Fv2%2Fcomments&post=411980"}],"version-history":[{"count":0,"href":"https:\/\/www.diarioimagen.net\/index.php?rest_route=\/wp\/v2\/posts\/411980\/revisions"}],"wp:featuredmedia":[{"embeddable":true,"href":"https:\/\/www.diarioimagen.net\/index.php?rest_route=\/wp\/v2\/media\/412052"}],"wp:attachment":[{"href":"https:\/\/www.diarioimagen.net\/index.php?rest_route=%2Fwp%2Fv2%2Fmedia&parent=411980"}],"wp:term":[{"taxonomy":"category","embeddable":true,"href":"https:\/\/www.diarioimagen.net\/index.php?rest_route=%2Fwp%2Fv2%2Fcategories&post=411980"},{"taxonomy":"post_tag","embeddable":true,"href":"https:\/\/www.diarioimagen.net\/index.php?rest_route=%2Fwp%2Fv2%2Ftags&post=411980"}],"curies":[{"name":"wp","href":"https:\/\/api.w.org\/{rel}","templated":true}]}}