{"id":411989,"date":"2019-01-23T00:02:59","date_gmt":"2019-01-23T06:02:59","guid":{"rendered":"https:\/\/www.diarioimagen.net\/?p=411989"},"modified":"2019-01-23T05:23:46","modified_gmt":"2019-01-23T11:23:46","slug":"via-aeromexico-madrid-esta-lista-para-recibir-la-feria-internacional-de-turismo-2019-a-pesar-de-la-huelga-de-taxis","status":"publish","type":"post","link":"https:\/\/www.diarioimagen.net\/?p=411989","title":{"rendered":"V\u00eda Aerom\u00e9xico, Madrid est\u00e1 lista para recibir la Feria Internacional de Turismo 2019, a pesar de la huelga de taxis"},"content":{"rendered":"<h2>De cinco estrellas<\/h2>\n<h5>Victoria Gonz\u00e1lez Prado<\/h5>\n<p><strong>\u00a0<\/strong><\/p>\n<ul>\n<li><strong><em>Ana Cecilia Llanos, titular de Turismo de Nayarit, presenta los atractivos de Riviera Nayarit a operadores tur\u00edsticos espa\u00f1oles<\/em><\/strong><\/li>\n<li><strong><em>En el marco de la exposici\u00f3n \u201cPatronas de Am\u00e9rica\u201d, en Rep\u00fablica Dominicana, Fidel Ovando asumi\u00f3 el cargo de Fiscal de la Confederaci\u00f3n de la COTAL<\/em><\/strong><\/li>\n<\/ul>\n<p><strong>\u00a0<\/strong><\/p>\n<div id=\"attachment_412061\" style=\"width: 470px\" class=\"wp-caption aligncenter\"><a href=\"https:\/\/www.diarioimagen.net\/?attachment_id=412061\" rel=\"attachment wp-att-412061\"><img loading=\"lazy\" decoding=\"async\" aria-describedby=\"caption-attachment-412061\" class=\"size-large wp-image-412061\" src=\"https:\/\/www.diarioimagen.net\/wp-content\/uploads\/2019\/01\/turismo-4-460x259.jpg\" alt=\"\" width=\"460\" height=\"259\" srcset=\"https:\/\/www.diarioimagen.net\/wp-content\/uploads\/2019\/01\/turismo-4-460x259.jpg 460w, https:\/\/www.diarioimagen.net\/wp-content\/uploads\/2019\/01\/turismo-4-240x135.jpg 240w, https:\/\/www.diarioimagen.net\/wp-content\/uploads\/2019\/01\/turismo-4-235x132.jpg 235w, https:\/\/www.diarioimagen.net\/wp-content\/uploads\/2019\/01\/turismo-4-202x114.jpg 202w, https:\/\/www.diarioimagen.net\/wp-content\/uploads\/2019\/01\/turismo-4-350x196.jpg 350w, https:\/\/www.diarioimagen.net\/wp-content\/uploads\/2019\/01\/turismo-4-220x123.jpg 220w, https:\/\/www.diarioimagen.net\/wp-content\/uploads\/2019\/01\/turismo-4-237x132.jpg 237w, https:\/\/www.diarioimagen.net\/wp-content\/uploads\/2019\/01\/turismo-4.jpg 480w\" sizes=\"auto, (max-width: 460px) 100vw, 460px\" \/><\/a><p id=\"caption-attachment-412061\" class=\"wp-caption-text\">El<em> Boeing Dreamliner 787-9.<\/em><\/p><\/div>\n<p>&nbsp;<\/p>\n<p><strong>Madrid<\/strong>, <strong>Espa\u00f1a<\/strong>.- Llegamos a esta ciudad con la complicidad de Aerom\u00e9xico en uno de sus famosos <em>Boeing<\/em> <em>Dreamliner 787-9,<\/em> esos aviones con ventanas m\u00e1s grandes para disfrutar del cielo, si el vuelo es de d\u00eda y si es por la noche ves c\u00f3mo se va oscureciendo lentamente, conforme van pasando las horas.<\/p>\n<p>Los asientos tienen m\u00e1s espacio y los compartimientos son m\u00e1s grandes. Es para 274 pasajeros, el 787-9 reduce los efectos del <em>jetlag,<\/em> disminuye el ruido y posee un avanzado sistema de control de temperatura. Pantallas de entretenimiento de 11 pulgadas para ver m\u00e1s de 56 pel\u00edculas, 92 series de televisi\u00f3n y hasta 100 canales de m\u00fasica.<\/p>\n<p>La composici\u00f3n del 787-9 permite disminuir el ruido fuera de la cabina hasta en un 60\u00a0 por ciento. Consta de mayor eficiencia en el gasto de combustible y, adem\u00e1s, reduce las emisiones de di\u00f3xido de carbono hasta en un 25 por ciento. Interiores que semejan cielo despejado.<\/p>\n<p>Poco despu\u00e9s de llegar a los 30 mil pies de altura nos sirvieron la cena y despu\u00e9s las ventanas se oscurecieron\u00a0 completamente para que los que as\u00ed lo quisieran conciliaran el sue\u00f1o y, los que no, vimos pel\u00edculas y un poco queriendo y no queriendo, cuidamos lo que hac\u00eda el piloto. Al final, el trayecto se hizo corto. Llegamos a Madrid a la hora prevista: 12:30 horas.<\/p>\n<p>Con anunciada huelga de taxistas nos recibi\u00f3 la capital espa\u00f1ola y hoy en la inauguraci\u00f3n de la feria los visitantes, que no podr\u00e1n llegar m\u00e1s que en Metro, autob\u00fas o auto rentado, ser\u00e1n flanqueados por una multitud de taxis estacionados y los gritos y pancartas de los taxistas que quieren hacer eterno su monopolio.<\/p>\n<p>Ya les contaremos lo m\u00e1s importante de la FITUR 2019, que este a\u00f1o tiene como socio a Rep\u00fablica Dominicana.<\/p>\n<p>\u2730\u2730\u2730\u2730\u2730 Ayer martes, en el restaurante Amaz\u00f3nico en Madrid, la Oficina de Visitantes y Convenciones de la Riviera Nayarit, ofreci\u00f3 un coctel para presentar a touroperadores espa\u00f1oles ese destino.<\/p>\n<p>Estuvieron la secretaria de Turismo de la entidad, <strong>Ana Cecilia Llanos<\/strong>;<strong> Marc Murphy<\/strong>, director del Fideicomiso de Turismo de la entidad y, <strong>Richard Zarkin<\/strong>, gerente de Relaciones P\u00fablicas para el Fideicomiso Riviera Nayarit.<\/p>\n<p><strong>Ana Cecilia <\/strong>dio la bienvenida a los ah\u00ed reunidos y los invit\u00f3 a conocer ese destino del Pac\u00edfico mexicano, que ofrece importante infraestructura tur\u00edstica, para luego dar paso a un video que mostr\u00f3 los paradisiacos paisajes, actividades acu\u00e1ticas, gastronom\u00eda, variada oferta hotelera, entretenimiento y servicios. Un destino familiar, para parejas, lunamieleros y j\u00f3venes con actividades para todos los gustos.<\/p>\n<p>Riviera Nayarit, fue durante muchos a\u00f1os, un lugar casi secreto y, en \u00faltimas fechas cobr\u00f3 relevancia como destino tur\u00edstico, a nivel no s\u00f3lo nacional sino internacional<\/p>\n<p>Las playas de la Riviera Nayarit se extienden a lo largo de 307 kil\u00f3metros sobre el Pac\u00edfico, empezando desde Nuevo Vallarta hasta llegar a Boca de Tecap\u00e1n, colindante con Sinaloa.<\/p>\n<p>El trayecto est\u00e1 lleno de manglares, humedales, lagunas costeras, vestigios arqueol\u00f3gicos, pueblos m\u00e1gicos, y reservas ecol\u00f3gicas como la Reserva de la Biosfera de la Sierra de Vallejo, que es hogar de diversas especies end\u00e9micas; as\u00ed como tambi\u00e9n del Parque Nacional Isla Isabel y de las hermosas Islas Marietas, todo esto entre valles, playas y hermosos paisajes monta\u00f1osos.<\/p>\n<p>Es aqu\u00ed donde los ind\u00edgenas huicholes o\u00a0wix\u00e1rika, como ellos mismos se hacen llamar, han habitado durante a\u00f1os. De hecho, en toda la sierra y la costa de Nayarit puedes encontrar su \u00a0hermosa artesan\u00eda hecha a base de cuentas de chaquira y coloridos motivos.<\/p>\n<p>Pero adem\u00e1s de todo, la Riviera Nayarit tambi\u00e9n debe su encanto al excelente clima, ya que su temperatura promedio oscila entre los 23 y 28\u00b0 cent\u00edgrados en promedio, haci\u00e9ndolo muy agradable para visitar en cualquier \u00e9poca del a\u00f1o.<\/p>\n<p>Ubicaci\u00f3n, historia, excelente clima, adem\u00e1s de\u00a0modernos hoteles, boutiques, campos de golf y resorts de lujo, crean el ambiente perfecto para unas vacaciones so\u00f1adas.<\/p>\n<p>\u2730\u2730\u2730\u2730\u2730 En el marco de la exposici\u00f3n \u201cPatronas de Am\u00e9rica\u201d, en Rep\u00fablica Dominicana, <strong>Fidel Ovando<\/strong>, presidente del Consejo Nacional Mexicano de la Industria Tur\u00edstica (Conamit), y Embajador Tur\u00edstico de la Ciudad de M\u00e9xico por el Congreso de la capital del pa\u00eds, asumi\u00f3 oficialmente como Fiscal de la Confederaci\u00f3n de Organizaciones de Am\u00e9rica Latina (COTAL).<\/p>\n<p>Para la COTAL, organizaci\u00f3n con 60 a\u00f1os de trayectoria, que inici\u00f3 en Acapulco con tres fundadores: un representante de M\u00e9xico, Panam\u00e1 y Argentina; se dio la bienvenida al nuevo Fiscal en la Catedral Primada de Santo Domingo, ante la presencia del presidente de la Confederaci\u00f3n, <strong>Guillermo Schneider<\/strong>; Embajadores de diferentes pa\u00edses, as\u00ed como de la Vicecanciller y el Viceministro de Turismo de la Rep\u00fablica Dominicana.<\/p>\n<p><strong>Fidel, <\/strong>quien comparte el apellido con <strong>Nicol\u00e1s de Ovando<\/strong>, primer extreme\u00f1o que lleg\u00f3 a Am\u00e9rica y primer Gobernador de la Isla la Espa\u00f1ola (hoy Rep\u00fablica Dominicana y Hait\u00ed), dijo sentirse muy contento de conocer estos datos curiosos, al inicio de sus trabajos desde la capital Dominicana y asegur\u00f3: \u201c\u00a1Un honor servir! \u00a1Una alegr\u00eda sumar!\u201d.<\/p>\n<p>A trav\u00e9s de sus redes sociales, <strong>Fidel Ovando<\/strong> destac\u00f3: \u201ccon la emoci\u00f3n y la responsabilidad que implica, he aceptado este nuevo desaf\u00edo y me he comprometido a seguir trabajando para fortalecer los lazos de amistad, de intercambio de conocimientos y de negocios entre nuestros pa\u00edses hermanos de Latinoam\u00e9rica, al asumir oficialmente como Fiscal de la Confederaci\u00f3n de Organizaciones de Am\u00e9rica Latina &#8211; COTAL\u201d.<\/p>\n<p>Adem\u00e1s de reiterar su compromiso con la Confederaci\u00f3n, resalt\u00f3 que trabajar\u00e1 en la promoci\u00f3n del turismo de la regi\u00f3n y entre las principales acciones que se llevar\u00e1n a cabo destaca: intercambio de conocimientos y estrategias conjuntas de promoci\u00f3n desde la iniciativa privada, as\u00ed como la realizaci\u00f3n del congreso mundial de turismo religioso y la exposici\u00f3n \u201cPatronas de Am\u00e9rica\u201d, a realizarse en M\u00e9xico entre 2019 y 2020.<\/p>\n<p>Este proyecto cuenta con el aval del Celam (Consejo Episcopal Latinoamericano) y la Colatur (Comisi\u00f3n Latinoamericana de Turismo Religioso).<\/p>\n<p>Despu\u00e9s de diferentes gestiones en las que particip\u00f3 una Comitiva de la COTAL a partir de marzo pasado, tocando Argentina, Rep\u00fablica Dominicana y el Vaticano, finalmente, el 12 de diciembre, d\u00eda de la Virgen de Guadalupe, Patrona de Am\u00e9rica, se inaugur\u00f3 la Exposici\u00f3n Itinerante en la Republica Dominicana y colocadas en todas las Catedrales del pa\u00eds.<\/p>\n<p>Se editar\u00e1 un libro coleccionable, escrito por el periodista argentino residente en el Vaticano, <strong>Andr\u00e9s Beltramo,<\/strong> quien viajar\u00e1 a cada pa\u00eds, plasmando las historias y milagros de las Patronas, y que servir\u00e1 como gui\u00f3n para una serie de TV.<\/p>\n<p><strong>\u201cEl \u00e1ngel de la fama tiene sus alas hechas de papel&#8230; peri\u00f3dico\u201d.<\/strong><\/p>\n<p><em><a href=\"mailto:victoriagprado@gmail.com\" target=\"_blank\" rel=\"noopener\">victoriagprado@gmail.com<\/a><\/em><br \/>\n<em> Twitter: <a href=\"https:\/\/twitter.com\/victoriagprado\" target=\"_blank\" rel=\"noopener\">@victoriagprado<\/a><\/em><\/p>\n","protected":false},"excerpt":{"rendered":"<p>Llegamos a esta ciudad con la complicidad de Aerom\u00e9xico en uno de sus famosos <em>Boeing<\/em> <em>Dreamliner 787-9,<\/em> esos aviones con ventanas m\u00e1s grandes para disfrutar del cielo, si el vuelo es de d\u00eda y si es por la noche ves c\u00f3mo se va oscureciendo lentamente, conforme van pasando las horas.<\/p>\n","protected":false},"author":3,"featured_media":412061,"comment_status":"open","ping_status":"open","sticky":false,"template":"","format":"standard","meta":{"_monsterinsights_skip_tracking":false,"_monsterinsights_sitenote_active":false,"_monsterinsights_sitenote_note":"","_monsterinsights_sitenote_category":0,"footnotes":""},"categories":[11],"tags":[107,43674,43681,106],"class_list":["post-411989","post","type-post","status-publish","format-standard","has-post-thumbnail","hentry","category-turismo","tag-de-cinco-estrellas","tag-opinion","tag-turismo","tag-victoria-gonzalez-prado"],"_links":{"self":[{"href":"https:\/\/www.diarioimagen.net\/index.php?rest_route=\/wp\/v2\/posts\/411989","targetHints":{"allow":["GET"]}}],"collection":[{"href":"https:\/\/www.diarioimagen.net\/index.php?rest_route=\/wp\/v2\/posts"}],"about":[{"href":"https:\/\/www.diarioimagen.net\/index.php?rest_route=\/wp\/v2\/types\/post"}],"author":[{"embeddable":true,"href":"https:\/\/www.diarioimagen.net\/index.php?rest_route=\/wp\/v2\/users\/3"}],"replies":[{"embeddable":true,"href":"https:\/\/www.diarioimagen.net\/index.php?rest_route=%2Fwp%2Fv2%2Fcomments&post=411989"}],"version-history":[{"count":0,"href":"https:\/\/www.diarioimagen.net\/index.php?rest_route=\/wp\/v2\/posts\/411989\/revisions"}],"wp:featuredmedia":[{"embeddable":true,"href":"https:\/\/www.diarioimagen.net\/index.php?rest_route=\/wp\/v2\/media\/412061"}],"wp:attachment":[{"href":"https:\/\/www.diarioimagen.net\/index.php?rest_route=%2Fwp%2Fv2%2Fmedia&parent=411989"}],"wp:term":[{"taxonomy":"category","embeddable":true,"href":"https:\/\/www.diarioimagen.net\/index.php?rest_route=%2Fwp%2Fv2%2Fcategories&post=411989"},{"taxonomy":"post_tag","embeddable":true,"href":"https:\/\/www.diarioimagen.net\/index.php?rest_route=%2Fwp%2Fv2%2Ftags&post=411989"}],"curies":[{"name":"wp","href":"https:\/\/api.w.org\/{rel}","templated":true}]}}