{"id":412008,"date":"2019-01-23T00:00:21","date_gmt":"2019-01-23T06:00:21","guid":{"rendered":"https:\/\/www.diarioimagen.net\/?p=412008"},"modified":"2019-01-23T01:27:56","modified_gmt":"2019-01-23T07:27:56","slug":"dos-a-uno-a-que-otra-vez-funcionarios-plantaran-a-legisladores","status":"publish","type":"post","link":"https:\/\/www.diarioimagen.net\/?p=412008","title":{"rendered":"Dos a uno, a que otra vez funcionarios plantar\u00e1n a legisladores"},"content":{"rendered":"<h2>La Retaguardia<\/h2>\n<h5>Adriana Moreno Cordero<\/h5>\n<p>&nbsp;<\/p>\n<ul>\n<li><em><strong>\u201c\u00a1Se acaba el huachicol!\u201d: AMLO, \u00bfser\u00e1?<\/strong><\/em><\/li>\n<li><em><strong>Moreno C\u00e1rdenas promueve Campeche<\/strong><\/em><\/li>\n<\/ul>\n<p>&nbsp;<\/p>\n<p>&nbsp;<\/p>\n<p>Dos a uno se podr\u00eda apostar y ganar, a que los funcionarios que fueron citados a comparecer el pr\u00f3ximo lunes a las diez de la ma\u00f1ana, ante la Tercera Comisi\u00f3n\u00a0 de la Permanente en el Palacio Legislativo de San L\u00e1zaro, los dejar\u00e1n plantados y el razonamiento es muy simple: si no acudieron en una primera vez, cuando a\u00fan no hab\u00eda sucedido la explosi\u00f3n en Tlahuelilpan, Hidalgo, que a la fecha ha arrojado un saldo de cerca de 100 muertos, porque seg\u00fan ellos, andaban arreglando y supervisando ductos, menos lo har\u00e1n ahora.<\/p>\n<p>A\u00fan as\u00ed, el presidente de la citada Comisi\u00f3n, el morenista <strong>Ricardo Garc\u00eda Escalante<\/strong>, est\u00e1 muy confiado en que los aludidos funcionarios se presentar\u00e1n en tiempo y forma a San L\u00e1zaro.<\/p>\n<p>Es l\u00f3gico que el terror ha hecho presa especialmente a la flamante secretaria de Energ\u00eda, <strong>Roc\u00edo Nahle<\/strong> y al probado especialista en cuestiones energ\u00e9ticas, <strong>Octavio Romero Oropeza<\/strong>, director de Pemex.<\/p>\n<p>Por su parte, el secretario de Hacienda, <strong>Carlos Urz\u00faa<\/strong>, desde la primera ocasi\u00f3n en que estos funcionarios dejaron plantados a los legisladores, hizo todo lo posible por \u201clavarse las manos\u201d argumentando que \u00e9l, no ten\u00eda \u201cvela en el entierro\u201d. \u00bfSer\u00e1?<\/p>\n<p>El director de la Profeco, <strong>Ricardo Shieffield<\/strong>, como se recordar\u00e1, fue el \u00fanico que se present\u00f3 en San L\u00e1zaro, pero como el resto de los funcionarios citados no tuvo a bien avisarle de la cancelaci\u00f3n, de inmediato puso pies en polvorosa, as\u00ed que para el lunes, deber\u00e1 comunicarse por alguna v\u00eda con sus compa\u00f1eros del gabinete y ponerse de acuerdo. A ver si \u00e9stos ahora s\u00ed le hacen caso.<\/p>\n<p><strong>Mario Mart\u00edn Delgado<\/strong>, el coordinador de la fracci\u00f3n de Morena en la C\u00e1mara Baja, espera no hacer el pat\u00e9tico papel que hizo en la primera ocasi\u00f3n, tratando de justificar, sin conseguirlo, la ausencia de los funcionarios l\u00f3pezobradoristas que se supone, tendr\u00edan que presentarse ante los legisladores a explicar que han hecho contra el robo de combustible que tuvo la grave consecuencia de ocasionar desabasto en varios estados, curiosamente, la mayor\u00eda no gobernados por Morena, solo la Ciudad de M\u00e9xico fue la excepci\u00f3n.<\/p>\n<p>Apenas ayer, los efectos se empezaron a dejar sentir ni m\u00e1s ni menos que en Nuevo Le\u00f3n, donde gobierna <strong>Jaime Rodr\u00edguez Calder\u00f3n<\/strong>, \u201cel Bronco\u201d, que lo \u00fanico que atin\u00f3 a hacer, fue pedirle a \u201cla raza\u201d que no se \u201capanicaran\u201d porque no hay falta de combustible. \u00bfNo que muy bronco?, se preguntaron por aquellos rumbos del pa\u00eds.<\/p>\n<p>Nahle y Romero Oropeza tendr\u00e1n que detallar a los legisladores, adem\u00e1s, el Plan instrumentado por el gobierno de la Cuarta Transformaci\u00f3n para combatir el robo de combustible y la manera en que han intentado subsanar este desabasto mediante la nueva forma de distribuci\u00f3n de energ\u00e9ticos y desde luego, apenas cuatro d\u00edas no les alcanzar\u00e1n para reunir tanta informaci\u00f3n.<\/p>\n<p>Sin embargo y en lo que ese d\u00eda clave llega, el presidente <strong>Andr\u00e9s Manuel L\u00f3pez Obrador<\/strong>, ya empez\u00f3 la tarea de purificar al pa\u00eds y, \u00a1qui\u00e9n lo dir\u00eda!, el tema del robo de combustible le vino al tabasque\u00f1o \u201ccomo anillo al dedo\u201d.<\/p>\n<p>Ayer estuvo en Acambay, Estado de M\u00e9xico, donde plante\u00f3 suplir con ayuda gubernamental el llamado huachicol, esto, enmarcado por un discurso que se acerca m\u00e1s a lo religioso que a una pol\u00edtica social y que entre otras medidas, contempla que \u201cning\u00fan mexicano va a tener la necesidad de dedicarse a esas actividades (el robo de combustible)\u201d, porque se supone que va a contar con apoyo econ\u00f3mico y becas.<\/p>\n<p>\u201c\u00a1Se acaba el huachicol!\u201d,\u00a0 dijo muy enf\u00e1tico el Jefe del Ejecutivo. \u00bfSer\u00e1?<\/p>\n<p>Present\u00f3 entonces un Programa Integral de Desarrollo en Acambay que va enfocado a 91 municipios en los que ha sido detectado como actividad principal el robo de combustible y en los que se implementar\u00e1n ocho programas de beneficio social que contar\u00e1n con recursos por 189 millones de pesos.<\/p>\n<p style=\"text-align: center;\"><strong>Municiones<\/strong><\/p>\n<p>*** En el marco de inicio de la Semana de Campeche en Casa de M\u00e9xico en Espa\u00f1a y la participaci\u00f3n del estado en la Feria Internacional de Turismo 2019, una de las m\u00e1s importantes exposiciones a nivel mundial en el tema de la industria sin chimeneas, el gobernador <strong>Alejandro Moreno C\u00e1rdenas<\/strong> se reuni\u00f3 con empresarios y tour-operadores ib\u00e9ricos con el objetivo de promover a Campeche como uno de los lugares de M\u00e9xico m\u00e1s atractivos para invertir.<\/p>\n<p>El mandatario campechano viaj\u00f3 acompa\u00f1ado por el secretario de Turismo, <strong>Miguel Torruco Marqu\u00e9s<\/strong> y fueron recibidos por la embajadora de M\u00e9xico en Espa\u00f1a, <strong>Roberta Lajous Vargas<\/strong>.<\/p>\n<p>El tambi\u00e9n presidente de la CONAGO, inaugur\u00f3 las exposiciones \u201cM\u00e1scara de Calakmul: universo de jade\u201d y \u201cArte Popular de Campeche\u201d, como parte de los eventos programados durante la semana para difundir la riqueza cultural, folcl\u00f3rica, gastron\u00f3mica y artesanal del estado.<\/p>\n<p>Entre las m\u00faltiples actividades, Moreno C\u00e1rdenas sostuvo una reuni\u00f3n privada con la embajadora Lajous para despu\u00e9s, participar en un foro ante inversionistas donde expuso las principales ventajas que Campeche ofrece para hacer negocios como su clima de seguridad, -por ser el primer lugar en ese rubro-,y paz social; su ubicaci\u00f3n estrat\u00e9gica, infraestructura y conectividad, capital humano, riqueza natural, as\u00ed como los est\u00edmulos en los pol\u00edgonos de su Zona Econ\u00f3mica Especial.<\/p>\n<p>Agreg\u00f3 que su gobierno tiene el compromiso de facilitar, gestionar y apoyar la llegada de inversiones para detonar el crecimiento econ\u00f3mico, generar empleo y mejorar las condiciones de vida de los campechanos. \u201cM\u00e9xico es un pa\u00eds estable para emprender negocios, por eso estamos determinados a establecer alianzas estrat\u00e9gicas con los empresarios, potenciar la riqueza que tienen las diversas regiones del territorio nacional e impulsar la transformaci\u00f3n econ\u00f3mica y social\u201d, sostuvo Moreno C\u00e1rdenas.<\/p>\n<p>*** El severo recorte que sufri\u00f3 el INE, de 950 millones de pesos, obliga al consejero presidente, <strong>Lorenzo C\u00f3rdova<\/strong>, a emprender tres v\u00edas para solucionar esto: una es presentar una controversia ante la Suprema Corte; la otra tomar el ISR\u00a0 para organizar las elecciones de este a\u00f1o o bien, pedir a SHCP un aumento de 619 millones de pesos porque de otra forma, el Instituto no podr\u00e1 cumplir con su labor. Esto, \u00bflo entender\u00e1 el presidente?<\/p>\n<p>*** <strong>Oscar Eduardo Ram\u00edrez<\/strong>, senador por Morena, propuso citar a los secretarios de la Defensa Nacional, <strong>Luis Crescencio Sandoval<\/strong>; de Marina, <strong>Rafael Ojeda<\/strong> y de Seguridad Ciudadana, <strong>Alfonso Durazo<\/strong>, para\u00a0 disipar dudas en torno a la Guardia Nacional, porque en la C\u00e1mara Alta no est\u00e1n de acuerdo con la minuta enviada por la C\u00e1mara de Diputados. \u201cSi existe un consenso, se elaborar\u00e1 un dictamen en el que todos est\u00e9n de acuerdo\u201d, recomend\u00f3 el senador Ram\u00edrez.<\/p>\n<p><u><\/u><a href=\"mailto:morcora@gmail.com\" target=\"_blank\" rel=\"noopener\"><em>morcora@gmail.com<\/em><\/a><\/p>\n","protected":false},"excerpt":{"rendered":"<p><span style=\"color: #005497;\"><strong>Adriana Moreno Cordero<\/strong><\/span><\/p>\n","protected":false},"author":3,"featured_media":0,"comment_status":"open","ping_status":"open","sticky":false,"template":"","format":"standard","meta":{"_monsterinsights_skip_tracking":false,"_monsterinsights_sitenote_active":false,"_monsterinsights_sitenote_note":"","_monsterinsights_sitenote_category":0,"footnotes":""},"categories":[69370],"tags":[69369,69368,43674],"class_list":["post-412008","post","type-post","status-publish","format-standard","hentry","category-adriana-moreno-cordero","tag-adriana-moreno-cordero","tag-la-retaguardia","tag-opinion"],"_links":{"self":[{"href":"https:\/\/www.diarioimagen.net\/index.php?rest_route=\/wp\/v2\/posts\/412008","targetHints":{"allow":["GET"]}}],"collection":[{"href":"https:\/\/www.diarioimagen.net\/index.php?rest_route=\/wp\/v2\/posts"}],"about":[{"href":"https:\/\/www.diarioimagen.net\/index.php?rest_route=\/wp\/v2\/types\/post"}],"author":[{"embeddable":true,"href":"https:\/\/www.diarioimagen.net\/index.php?rest_route=\/wp\/v2\/users\/3"}],"replies":[{"embeddable":true,"href":"https:\/\/www.diarioimagen.net\/index.php?rest_route=%2Fwp%2Fv2%2Fcomments&post=412008"}],"version-history":[{"count":0,"href":"https:\/\/www.diarioimagen.net\/index.php?rest_route=\/wp\/v2\/posts\/412008\/revisions"}],"wp:attachment":[{"href":"https:\/\/www.diarioimagen.net\/index.php?rest_route=%2Fwp%2Fv2%2Fmedia&parent=412008"}],"wp:term":[{"taxonomy":"category","embeddable":true,"href":"https:\/\/www.diarioimagen.net\/index.php?rest_route=%2Fwp%2Fv2%2Fcategories&post=412008"},{"taxonomy":"post_tag","embeddable":true,"href":"https:\/\/www.diarioimagen.net\/index.php?rest_route=%2Fwp%2Fv2%2Ftags&post=412008"}],"curies":[{"name":"wp","href":"https:\/\/api.w.org\/{rel}","templated":true}]}}