{"id":412020,"date":"2019-01-23T00:08:27","date_gmt":"2019-01-23T06:08:27","guid":{"rendered":"https:\/\/www.diarioimagen.net\/?p=412020"},"modified":"2019-01-23T05:39:18","modified_gmt":"2019-01-23T11:39:18","slug":"por-que-urge-la-guardia-nacional","status":"publish","type":"post","link":"https:\/\/www.diarioimagen.net\/?p=412020","title":{"rendered":"Por qu\u00e9 urge la Guardia Nacional"},"content":{"rendered":"<h2>Poder y dinero<\/h2>\n<h5>V\u00edctor S\u00e1nchez Ba\u00f1os<\/h5>\n<p>&nbsp;<\/p>\n<ul>\n<li><strong><em>Debe castigarse al delincuente<\/em><\/strong><\/li>\n<li><strong><em>Tlahuelilpan, la otra impunidad<\/em><\/strong><\/li>\n<li><strong><em>AMLO concilia con gobernadores<\/em><\/strong><\/li>\n<\/ul>\n<p><em>\u00a0<\/em><\/p>\n<div id=\"attachment_412084\" style=\"width: 470px\" class=\"wp-caption aligncenter\"><a href=\"https:\/\/www.diarioimagen.net\/?attachment_id=412084\" rel=\"attachment wp-att-412084\"><img loading=\"lazy\" decoding=\"async\" aria-describedby=\"caption-attachment-412084\" class=\"size-large wp-image-412084\" src=\"https:\/\/www.diarioimagen.net\/wp-content\/uploads\/2019\/01\/OPTIMIZANDO-jose-luis-460x371.jpg\" alt=\"\" width=\"460\" height=\"371\" srcset=\"https:\/\/www.diarioimagen.net\/wp-content\/uploads\/2019\/01\/OPTIMIZANDO-jose-luis-460x371.jpg 460w, https:\/\/www.diarioimagen.net\/wp-content\/uploads\/2019\/01\/OPTIMIZANDO-jose-luis-240x194.jpg 240w, https:\/\/www.diarioimagen.net\/wp-content\/uploads\/2019\/01\/OPTIMIZANDO-jose-luis-768x620.jpg 768w, https:\/\/www.diarioimagen.net\/wp-content\/uploads\/2019\/01\/OPTIMIZANDO-jose-luis.jpg 1200w\" sizes=\"auto, (max-width: 460px) 100vw, 460px\" \/><\/a><p id=\"caption-attachment-412084\" class=\"wp-caption-text\">Optimizando&#8230; | Jos\u00e9 Luis<\/p><\/div>\n<p><em>\u00a0<\/em><\/p>\n<p style=\"text-align: right;\"><strong><em>Al trono lo ilumina un rayo poderoso que puede fulminar a los hombres<br \/>\n<\/em><\/strong><em>Alfred Tennyson, 1809.1892; poeta ingl\u00e9s.<\/em><\/p>\n<p>&nbsp;<\/p>\n<p>#GuardiaNacional #Garant\u00edasConstitucionales #SociedadOfendida #Impunidad #Extorsi\u00f3n #AsaltoCotidiano #LeyDeSeguridadInterior #VenganzasPol\u00edticas #QueremosResultados #DuctosPeligrosos #Tlahuelilpan #SinInformaci\u00f3n #AMLO #Gobernadores #Fayad #Astudillo #DelMazo #RadioCentro #Banxico #BankingPublications #D\u00edazDeLe\u00f3n<\/p>\n<p>&nbsp;<\/p>\n<p>La Guardia Nacional, de un debate pol\u00edtico inocuo se convirti\u00f3 en un asunto de seguridad nacional. Pocos valoran la importancia de los servicios inteligencia polic\u00edaca y antiterrorista. Lo ven lejano.<\/p>\n<p>Lo observan en el Medio Oriente, Estados Unidos o Europa. La clase pol\u00edtica no ve la urgencia de esos sistemas de investigaci\u00f3n que se apliquen en el pa\u00eds contra aquellos que atentan contra la seguridad del Estado Mexicano y de sus habitantes.<\/p>\n<p>Y, no hablamos \u00fanicamente de los huachicoleros o narcotraficantes, sino de mafias que se dedican a la renta de piso (extorsi\u00f3n), secuestro y otros delitos que afectan directamente a la poblaci\u00f3n.<\/p>\n<p>No se trata de militarizar o convertir al pa\u00eds en un Estado polic\u00edaco al estilo cubano o venezolano. Se trata que los polic\u00edas investiguen los delitos que cometen criminales.<\/p>\n<p>No debe perseguirse al opositor o al que no piensa igual al que est\u00e1 en el poder. Se debe perseguir y castigar al asesino, secuestrador, extorsionador, asaltante y a todos aquellos que ofenden a la sociedad. No debe castigarse la pobreza, sino el delito.<\/p>\n<p>No quiero que el gobierno nos de como graciosa concesi\u00f3n nuestros derechos humanos. \u00a1Tiene que protegerlos! Para ello es necesario que, en el ejercicio de su monopolio leg\u00edtimo de la violencia, como reflexion\u00f3 Max Weber. Pero nunca, como menciona Andr\u00e9s Manuel L\u00f3pez Obrador, en contra del pueblo; nunca contra alg\u00fan miembro de la sociedad.<\/p>\n<p>El gobierno debe defender a la sociedad ante lacras que la ofenden. Para ello necesitar\u00eda herramientas. Hoy, AMLO demanda la Guardia Nacional. El a\u00f1o pasado, Morena y el PRD, negaron al gobierno de Pe\u00f1a Nieto, la Ley de Seguridad Nacional. Escatimaron por razones de imagen pol\u00edtica, una herramienta que, en aquel entonces, no pensaron que podr\u00eda utilizar Morena y su gobierno.<\/p>\n<p>El ciudadano, a trav\u00e9s de sus representantes legislativos le dar\u00e1n, como seguramente se plantea, la herramienta de la Guardia Nacional a L\u00f3pez Obrador, pero como generador de recursos fiscales para pagar los salarios de nuestros gobernantes, exigimos resultados inmediatos. No justificaciones pol\u00edticas como ocurri\u00f3 a trav\u00e9s de sexenios con otros gobiernos.<\/p>\n<p>De verdad, que quede claro a Morena y a nuestra dorada clase pol\u00edtica, no es mucho pedir.<\/p>\n<p><strong>PODEROSOS CABALLEROS:<\/strong> Una reflexi\u00f3n m\u00e1s sobre la explosi\u00f3n de Tlahuelilpan, Hidalgo. No podemos dejar de ver que se trat\u00f3 de un acto ilegal el robar gasolina de un ducto. Es un caso que seguramente quedar\u00e1, a pesar de los mexicanos de pensamiento racional, impune.<\/p>\n<p>Hasta el momento, ni se da ninguna informaci\u00f3n de lo que ocurri\u00f3. No se sabe qu\u00e9 fue lo que motiv\u00f3 el flamazo o si se trat\u00f3 de un acto de terrorismo. Nada sabemos. Lo \u00fanico que queda claro que los culpables, que son los que abrieron el boquete por donde se sal\u00eda el combustible, se fueron luego de tomar la gasolina suficiente para venderla en el mercado negro. Impunidad, impunidad y m\u00e1s impunidad.<\/p>\n<p>*** L\u00f3pez Obrador est\u00e1 ahora conciliando pol\u00edticamente con gobernadores. Lo hemos visto que es respetuoso en su trato personal con varios de ellos. Incluso le dice a sus cercanos seguidores que ya se acab\u00f3 la campa\u00f1a y que ahora se deben construir acuerdos.<\/p>\n<p>As\u00ed lo vimos con H\u00e9ctor Astudillo, de Guerrero; Omar Fayad, de Hidalgo y apenas ayer con Alfredo del Mazo, del Estado de M\u00e9xico. Los acuerdos pol\u00edticos son vitales para mejorar la vida de los gobernados.<\/p>\n<p>*** Errores en el manejo de informaci\u00f3n y toma de decisiones laborales, sin avisar previamente a la Bolsa Mexicana de Valores, Radio Centro cay\u00f3 13.8%, en el mercado de valores. Esto, luego de que un grupo de trabajadores anunciaron el cierre temporal de dos frecuencias de AM y el despido de varios de los conductores y personal de producci\u00f3n.<\/p>\n<p>Estos \u201cdetallitos\u201d no caen bien a los inversionistas; llaman la atenci\u00f3n para revisar otros aspectos de la empresa. Hasta el momento, el rendimiento de la radiodifusora con m\u00e1s estaciones en el pa\u00eds, no ha sufrido deterioro. Pero, la informaci\u00f3n puede provocar sobresaltos a los nerviosos inversionistas.<\/p>\n<p><strong>RESPONSABILIDAD SOCIAL CORPORATIVA:<\/strong> Por su buen manejo de estrategias en la administraci\u00f3n de las reservas internacionales, el Banco de M\u00e9xico, bajo el liderazgo de Alejandro D\u00edaz de Le\u00f3n, gan\u00f3 el premio al mejor \u201cAdministrador de Reservas Internacionales del A\u00f1o\u201d, otorgado por Central Banking Publications. Dicha instituci\u00f3n consider\u00f3 que el Banxico est\u00e1 a la vanguardia en la implementaci\u00f3n de estrategias de inversi\u00f3n en la administraci\u00f3n de las reservas internacionales.<\/p>\n<p><em><a href=\"mailto:vsb@poderydinero.mx\" target=\"_blank\" rel=\"noopener\">vsb@poderydinero.mx<\/a><br \/>\n<\/em><em><strong>Twitter:<\/strong><a href=\"https:\/\/twitter.com\/vsanchezbanos\" target=\"_blank\" rel=\"noopener\">@vsanchezbano<br \/>\n<\/a><\/em><em><strong>Facebook:\u00a0<\/strong><a href=\"https:\/\/www.facebook.com\/vsanchezbanos?fref=ts\" target=\"_blank\" rel=\"noopener\">vsanchezbano<\/a><\/em><\/p>\n","protected":false},"excerpt":{"rendered":"<p><span style=\"color: #005497;\"><strong>V\u00edctor S\u00e1nchez Ba\u00f1os<\/strong><\/span><br \/>\n<br \/>\nLa Guardia Nacional, de un debate pol\u00edtico inocuo se convirti\u00f3 en un asunto de seguridad nacional. Pocos valoran la importancia de los servicios inteligencia polic\u00edaca y antiterrorista. Lo ven lejano.<\/p>\n","protected":false},"author":3,"featured_media":412084,"comment_status":"open","ping_status":"open","sticky":false,"template":"","format":"standard","meta":{"_monsterinsights_skip_tracking":false,"_monsterinsights_sitenote_active":false,"_monsterinsights_sitenote_note":"","_monsterinsights_sitenote_category":0,"footnotes":""},"categories":[38844],"tags":[43674,38847,38848],"class_list":["post-412020","post","type-post","status-publish","format-standard","has-post-thumbnail","hentry","category-victor-sanchez-banos","tag-opinion","tag-poder-y-dinero","tag-victor-sanchez-banos"],"_links":{"self":[{"href":"https:\/\/www.diarioimagen.net\/index.php?rest_route=\/wp\/v2\/posts\/412020","targetHints":{"allow":["GET"]}}],"collection":[{"href":"https:\/\/www.diarioimagen.net\/index.php?rest_route=\/wp\/v2\/posts"}],"about":[{"href":"https:\/\/www.diarioimagen.net\/index.php?rest_route=\/wp\/v2\/types\/post"}],"author":[{"embeddable":true,"href":"https:\/\/www.diarioimagen.net\/index.php?rest_route=\/wp\/v2\/users\/3"}],"replies":[{"embeddable":true,"href":"https:\/\/www.diarioimagen.net\/index.php?rest_route=%2Fwp%2Fv2%2Fcomments&post=412020"}],"version-history":[{"count":0,"href":"https:\/\/www.diarioimagen.net\/index.php?rest_route=\/wp\/v2\/posts\/412020\/revisions"}],"wp:featuredmedia":[{"embeddable":true,"href":"https:\/\/www.diarioimagen.net\/index.php?rest_route=\/wp\/v2\/media\/412084"}],"wp:attachment":[{"href":"https:\/\/www.diarioimagen.net\/index.php?rest_route=%2Fwp%2Fv2%2Fmedia&parent=412020"}],"wp:term":[{"taxonomy":"category","embeddable":true,"href":"https:\/\/www.diarioimagen.net\/index.php?rest_route=%2Fwp%2Fv2%2Fcategories&post=412020"},{"taxonomy":"post_tag","embeddable":true,"href":"https:\/\/www.diarioimagen.net\/index.php?rest_route=%2Fwp%2Fv2%2Ftags&post=412020"}],"curies":[{"name":"wp","href":"https:\/\/api.w.org\/{rel}","templated":true}]}}