{"id":412024,"date":"2019-01-23T00:10:46","date_gmt":"2019-01-23T06:10:46","guid":{"rendered":"https:\/\/www.diarioimagen.net\/?p=412024"},"modified":"2019-01-23T05:42:17","modified_gmt":"2019-01-23T11:42:17","slug":"pese-al-cierre-de-ductos-huachicoleros-todavia-se-quedan-con-el-30-de-las-gasolinas","status":"publish","type":"post","link":"https:\/\/www.diarioimagen.net\/?p=412024","title":{"rendered":"Pese al cierre de ductos, huachicoleros todav\u00eda se quedan con el 30% de las gasolinas"},"content":{"rendered":"<h2>Tras la puerta del poder<\/h2>\n<h5>Roberto Vizca\u00edno<\/h5>\n<p>&nbsp;<\/p>\n<div id=\"attachment_412090\" style=\"width: 470px\" class=\"wp-caption aligncenter\"><a href=\"https:\/\/www.diarioimagen.net\/?attachment_id=412090\" rel=\"attachment wp-att-412090\"><img loading=\"lazy\" decoding=\"async\" aria-describedby=\"caption-attachment-412090\" class=\"size-large wp-image-412090\" src=\"https:\/\/www.diarioimagen.net\/wp-content\/uploads\/2019\/01\/huachiducto-LUIS-XAVIER-460x327.jpg\" alt=\"\" width=\"460\" height=\"327\" srcset=\"https:\/\/www.diarioimagen.net\/wp-content\/uploads\/2019\/01\/huachiducto-LUIS-XAVIER-460x327.jpg 460w, https:\/\/www.diarioimagen.net\/wp-content\/uploads\/2019\/01\/huachiducto-LUIS-XAVIER-240x171.jpg 240w, https:\/\/www.diarioimagen.net\/wp-content\/uploads\/2019\/01\/huachiducto-LUIS-XAVIER-768x547.jpg 768w, https:\/\/www.diarioimagen.net\/wp-content\/uploads\/2019\/01\/huachiducto-LUIS-XAVIER-90x65.jpg 90w, https:\/\/www.diarioimagen.net\/wp-content\/uploads\/2019\/01\/huachiducto-LUIS-XAVIER.jpg 1200w\" sizes=\"auto, (max-width: 460px) 100vw, 460px\" \/><\/a><p id=\"caption-attachment-412090\" class=\"wp-caption-text\"><em>Huachiducto<\/em>&#8230; | Luis Xavier<\/p><\/div>\n<p>&nbsp;<\/p>\n<p>El presidente del Senado indic\u00f3 que al menos eso es lo que se\u00f1alan las propias cifras presentadas durante las conferencias ma\u00f1aneras del presidente Andr\u00e9s Manuel L\u00f3pez Obrador.<\/p>\n<p>\u201c\u2026 las cifras globales que ha dado el gobierno federal son cifras muy importantes.<\/p>\n<p>\u201cHay un abatimiento del robo de combustible en m\u00e1s de un 70%. Tan s\u00f3lo en estos d\u00edas de diciembre, en que se tomaron medidas fuertes contra el robo de combustible.<\/p>\n<p>\u201cEntonces, son resultados buenos los que se tienen. Son resultados espectaculares en unos d\u00edas, en contra del robo de combustible.<\/p>\n<p>\u201cAhora bien, habr\u00e1 que ver, estado por estado, cu\u00e1les son los resultados que tenemos, ya de manera mucho m\u00e1s minuciosa\u201d, indic\u00f3.<\/p>\n<p><strong>Batres<\/strong> subray\u00f3 que, en forma adicional al combate del robo de gasolinas, el gobierno del presidente <strong>L\u00f3pez Obrador<\/strong> tiene ahora el reto de reconstruir el tejido social en las poblaciones y regiones afectadas por el llamado huachicoleo.<\/p>\n<p>De entrada, dijo, habr\u00e1 que realizar un gran trabajo para desvincular a importantes n\u00facleos de poblaci\u00f3n cooptados por la delincuencia y que participan en saqueos masivos de hidrocarburos, como lo ocurrido la semana pasada en Tlahuelilpan, Hidalgo.<\/p>\n<p style=\"text-align: center;\"><strong>Morena va por el extraordinario<\/strong><\/p>\n<p>Por lo dem\u00e1s, <strong>Batres<\/strong> se sum\u00f3 a la convocatoria de Ricardo Monreal, coordinador de la bancada de Morena y presidente de la Junta de Coordinaci\u00f3n Pol\u00edtica quien el lunes anunci\u00f3 que buscar\u00eda la realizaci\u00f3n de un per\u00edodo extraordinario para antes de que concluya enero, a fin de aprobar la creaci\u00f3n de la Guardia Nacional.<\/p>\n<p>Por eso <strong>Batres<\/strong> mismo podr\u00eda estar presentando formalmente esa petici\u00f3n hoy en el seno de la sesi\u00f3n semanal de la Comisi\u00f3n Permanente en San L\u00e1zaro..<\/p>\n<p>\u201cInvit\u00f3 a todas las fracciones parlamentarias a tomar en cuenta la posibilidad de que haya un extraordinario para que expresen su pensamiento, su forma de ver las cosas, no tienen por qu\u00e9 coincidir todos en la misma idea, en el mismo punto, pero es importante que tomemos esta discusi\u00f3n\u201d, subray\u00f3 el presidente del Senado.<\/p>\n<p>Record\u00f3 que el tema de la Guardia Nacional ya estuvo presente como algo por aprobar con urgencia, al finalizar en diciembre el primer Periodo Ordinario de la 64 Legislatura.<\/p>\n<p>\u201cVamos a insistir en el di\u00e1logo con los senadores del PRI y con los senadores de todas las fuerzas pol\u00edticas. Me corresponde representar al conjunto del Senado y me interesa que todas las bancadas tengan apertura, disposici\u00f3n al di\u00e1logo y a los acuerdos\u201d.<\/p>\n<p style=\"text-align: center;\"><strong>Convenci\u00f3 a Osorio Chong<\/strong><\/p>\n<p><strong>Batres<\/strong> revel\u00f3 que durante la r\u00edspida discusi\u00f3n para elegir al Fiscal General de la Rep\u00fablica,\u00a0 los senadores del PRI y en particularmente su coordinador, el senador <strong>Miguel \u00c1ngel Osorio Chong<\/strong>, pretend\u00edan que la votaci\u00f3n se fuera a febrero, durante el inicio del segundo per\u00edodo de sesiones.<\/p>\n<p>\u201c\u2026 pero platiqu\u00e9 con \u00e9l, lo encontr\u00e9 muy accesible y, finalmente, estuvo de acuerdo en que de una vez resolvi\u00e9ramos el nombramiento del Fiscal General\u201d.<\/p>\n<p>Y, bajo el principio de \u2018<em>quien puede la primera vez puede la segunda\u2019,<\/em> Batres cree que <strong>Miguel \u00c1ngel Osorio Chong<\/strong> y sus senadores tricolores podr\u00edan terminar aceptando ir al extraordinario en los siguientes d\u00edas.<\/p>\n<p>\u201cPor eso los invitamos a estar abiertos a la posibilidad de un Periodo Extraordinario, antes de llegar al Periodo Ordinario, para concretar la conformaci\u00f3n de la Guardia Nacional\u201d, reiter\u00f3.<\/p>\n<p>Como en lo del Fiscal General de la Naci\u00f3n, los pri\u00edstas comandados por el hidalguense <strong>Miguel \u00c1ngel Osorio Chong<\/strong>, han dicho que no ir\u00e1n al extraordinario, que el tema de la creaci\u00f3n de la Guardia Nacional debe ser analizado sin prisas porque contiene muchos aspectos que deben reflexionarse a profundidad.<\/p>\n<p>Pero la experiencia indica que todo es posible y que por ello el extraordinario pedido por <strong>Monreal <\/strong>y <strong>Batres<\/strong>, bien podr\u00eda estarse realizando dentro de los siguientes 8 d\u00edas.<\/p>\n<p style=\"text-align: center;\"><strong>Monreal al rescate del Cuau<\/strong><\/p>\n<p>Con el argumento de que estaba en Cuernavaca para asistir al informe de labores de los senadores morelenses de Morena <strong>Luc\u00eda <\/strong>\u201c<em>Lucy<\/em>\u201d <strong>Meza Guzm\u00e1n<\/strong> y de <strong>Radam\u00e9s Salazar Solorio<\/strong>, el zacatecano <strong>Ricardo Monreal<\/strong> asumi\u00f3 ayer el papel de apagafuegos pol\u00edtico en un intento por mediar en la confrontaci\u00f3n entre el gobernador <strong>Cuauht\u00e9moc Blanco<\/strong> y el Congreso del Estado liderado por la diputada de Morena <strong>Keila Figueroa Evaristo.<\/strong><\/p>\n<p>El centro de la disputa es el presupuesto de Egresos que suma los casi 25 mil millones de pesos para el ejercicio de 2019 que le fue rechazado a Blanco por los diputados, incluidos los de Morena.<\/p>\n<p>Detr\u00e1s de eso hay versiones que se\u00f1alan a una emboscada lanzada desde el centro del pa\u00eds contra <strong>Blanco<\/strong> por la dirigente nacional de Morena <strong>Yeidckol Polevnsky<\/strong>, quien ha escenificado ya varios encontronazos con el <strong>Cuau.<\/strong><\/p>\n<p>Es en este escenario en el que ayer <strong>Monreal &#8211;<\/strong>-quien dicen tampoco se lleva para nada con <strong>Polevnsky<\/strong> que impulsa en el Senado a <strong>Batres<\/strong> a cada rato a meterle el pie en contra del zacatecano&#8211;, se apareci\u00f3 ante los medios de Morelos para llevar un obvio mensaje de <strong><em>ya saben quien<\/em><\/strong> a fin de reforzar al gobernador y meter en orden a los diputados locales.<\/p>\n<p>Ah\u00ed, <strong>Monreal<\/strong> dijo:<\/p>\n<p>\u201c\u2026 vamos a presentar el informe legislativo de los dos senadores, de <strong>Lucy<\/strong> y de <strong>Radam\u00e9s.<\/strong> Es un informe legislativo de lo que se hizo en el Primer Periodo Ordinario de Sesiones.<\/p>\n<p>\u201cPero tambi\u00e9n quiero decirles que venimos a se\u00f1alarles que en el Senado respaldamos al gobernador (Cuauht\u00e9moc Blanco). Que intentamos construir acuerdos. Que es importante estar juntos. Que no vale la diferencia ni la divisi\u00f3n. Que vamos a intentar caminar porque Morelos necesita la unidad; y porque tenemos una clara visi\u00f3n de que el gobernador es una gente limpia. Es una gente incorruptible y tiene una voluntad f\u00e9rrea para resolver los problemas m\u00e1s importantes de la entidad.<\/p>\n<p><strong>\u201cS\u00e9 que hay problemas, como en todas partes.<\/strong> Yo fui gobernador de una entidad federativa hace muchos a\u00f1os. M\u00e1s de 20 a\u00f1os, y entiendo la labor tan dif\u00edcil a la que se enfrenta uno en momentos de alternancia pol\u00edtica.<\/p>\n<p>\u201cPero <strong>\u00e9l tiene toda la confianza del Presidente de la Rep\u00fablica <\/strong>y tiene toda la confianza del Senado de la Rep\u00fablica. As\u00ed es que intentaremos construir juntos acuerdos para que se beneficie.<\/p>\n<p><strong>\u201cLe dec\u00eda a la coordinadora<\/strong> del Grupo Parlamentario <strong>(Keila Figueroa Evaristo),<\/strong> con respeto, <strong>que intent\u00e1ramos avanzar por la v\u00eda del di\u00e1logo.<\/strong> La prioridad siempre es el di\u00e1logo. A veces hay que dedicarle muchas horas, muchas horas a actuar con tolerancia, actuar con apertura, actuar con pluralidad. Y lo podemos lograr\u201d.<\/p>\n<p>\u00bfM\u00e1s claro el mensaje? El Cuau tiene de su lado a <strong>L\u00f3pez Obrador<\/strong> y <strong>Monreal<\/strong> fue el mensajero de lujo y el m\u00e1s alto nivel para apagar el fuego pol\u00edtico que le estaban atizando desde el Congreso de Morelos\u2026 \u00bfpor <strong>Yeidckol<\/strong>?<\/p>\n<p><em><a href=\"http:\/\/www.endirecto.com.mx\/\" target=\"_blank\" rel=\"noopener\">www.endirecto.com.mx<\/a><\/em><br \/>\n<em><a href=\"https:\/\/twitter.com\/_rvizcaino\" target=\"_blank\" rel=\"noopener\">@_RVizcaino<\/a><\/em><br \/>\n<a href=\"https:\/\/www.facebook.com\/rvizcainoa\" target=\"_blank\" rel=\"noopener\">f<em>acebook.com\/rvizcainoa<\/em><\/a><\/p>\n","protected":false},"excerpt":{"rendered":"<p><span style=\"color: #005497;\"><strong>Roberto Vizca\u00edno<\/strong><\/span><br \/>\n<br \/>\nEl presidente del Senado indic\u00f3 que al menos eso es lo que se\u00f1alan las propias cifras presentadas durante las conferencias ma\u00f1aneras del presidente Andr\u00e9s Manuel L\u00f3pez Obrador.<\/p>\n","protected":false},"author":3,"featured_media":412090,"comment_status":"open","ping_status":"open","sticky":false,"template":"","format":"standard","meta":{"_monsterinsights_skip_tracking":false,"_monsterinsights_sitenote_active":false,"_monsterinsights_sitenote_note":"","_monsterinsights_sitenote_category":0,"footnotes":""},"categories":[136],"tags":[43674,93,94],"class_list":["post-412024","post","type-post","status-publish","format-standard","has-post-thumbnail","hentry","category-roberto-vizcaino-opinion","tag-opinion","tag-roberto-vizcaino","tag-tras-la-puerta-del-poder"],"_links":{"self":[{"href":"https:\/\/www.diarioimagen.net\/index.php?rest_route=\/wp\/v2\/posts\/412024","targetHints":{"allow":["GET"]}}],"collection":[{"href":"https:\/\/www.diarioimagen.net\/index.php?rest_route=\/wp\/v2\/posts"}],"about":[{"href":"https:\/\/www.diarioimagen.net\/index.php?rest_route=\/wp\/v2\/types\/post"}],"author":[{"embeddable":true,"href":"https:\/\/www.diarioimagen.net\/index.php?rest_route=\/wp\/v2\/users\/3"}],"replies":[{"embeddable":true,"href":"https:\/\/www.diarioimagen.net\/index.php?rest_route=%2Fwp%2Fv2%2Fcomments&post=412024"}],"version-history":[{"count":0,"href":"https:\/\/www.diarioimagen.net\/index.php?rest_route=\/wp\/v2\/posts\/412024\/revisions"}],"wp:featuredmedia":[{"embeddable":true,"href":"https:\/\/www.diarioimagen.net\/index.php?rest_route=\/wp\/v2\/media\/412090"}],"wp:attachment":[{"href":"https:\/\/www.diarioimagen.net\/index.php?rest_route=%2Fwp%2Fv2%2Fmedia&parent=412024"}],"wp:term":[{"taxonomy":"category","embeddable":true,"href":"https:\/\/www.diarioimagen.net\/index.php?rest_route=%2Fwp%2Fv2%2Fcategories&post=412024"},{"taxonomy":"post_tag","embeddable":true,"href":"https:\/\/www.diarioimagen.net\/index.php?rest_route=%2Fwp%2Fv2%2Ftags&post=412024"}],"curies":[{"name":"wp","href":"https:\/\/api.w.org\/{rel}","templated":true}]}}