{"id":412098,"date":"2019-01-24T00:07:06","date_gmt":"2019-01-24T06:07:06","guid":{"rendered":"https:\/\/www.diarioimagen.net\/?p=412098"},"modified":"2019-01-24T23:46:58","modified_gmt":"2019-01-25T05:46:58","slug":"janine-otalora-renuncia-a-presidencia-del-tribunal-electoral-federal","status":"publish","type":"post","link":"https:\/\/www.diarioimagen.net\/?p=412098","title":{"rendered":"Janine Ot\u00e1lora renuncia a presidencia del Tribunal Electoral Federal"},"content":{"rendered":"<ul>\n<li><em><strong>Por crisis en la Sala Superior de esa instancia<\/strong><\/em><\/li>\n<\/ul>\n<p>&nbsp;<\/p>\n<div id=\"attachment_412099\" style=\"width: 470px\" class=\"wp-caption aligncenter\"><img loading=\"lazy\" decoding=\"async\" aria-describedby=\"caption-attachment-412099\" class=\"size-large wp-image-412099\" src=\"https:\/\/www.diarioimagen.net\/wp-content\/uploads\/2019\/01\/TEPJF24-portal-460x268.jpg\" alt=\"\" width=\"460\" height=\"268\" srcset=\"https:\/\/www.diarioimagen.net\/wp-content\/uploads\/2019\/01\/TEPJF24-portal-460x268.jpg 460w, https:\/\/www.diarioimagen.net\/wp-content\/uploads\/2019\/01\/TEPJF24-portal-240x140.jpg 240w, https:\/\/www.diarioimagen.net\/wp-content\/uploads\/2019\/01\/TEPJF24-portal.jpg 480w\" sizes=\"auto, (max-width: 460px) 100vw, 460px\" \/><p id=\"caption-attachment-412099\" class=\"wp-caption-text\">Renuncia Janine M. Ot\u00e1lora Malassis al cargo de presidenta del Tribunal Electoral del Poder Judicial de la Federaci\u00f3n.<\/p><\/div>\n<p>&nbsp;<\/p>\n<p>Janine M. Ot\u00e1lora Malassis present\u00f3 este mi\u00e9rcoles su renuncia al cargo de presidenta del Tribunal Electoral del Poder Judicial de la Federaci\u00f3n (TEPJF), al argumentar la reciente crisis en que se ha visto inmersa la Sala Superior de esa instancia.<\/p>\n<p>A trav\u00e9s de su cuenta de Twitter @JanineOtalora apunt\u00f3: \u00abpor ello asumiendo mi responsabilidad de juez constitucional, en aras de facilitar la transici\u00f3n en el tribunal, he tomado la decisi\u00f3n personal, \u00e9tica y pol\u00edtica de presentar mi renuncia al cargo de presidenta del Tribunal Electoral\u00bb.<\/p>\n<p>Asever\u00f3 que las cuentas que entrega al t\u00e9rmino de estos dos a\u00f1os, son claras y transparentes, \u00abcada uno de mis votos ha sido argumentado y fundado exclusivamente en las pruebas y en el derecho\u201d, subray\u00f3.<\/p>\n<p>Ot\u00e1lora Malassis agreg\u00f3 que el ejercicio del presupuesto puede ser revisado y auditado en cualquier momento, as\u00ed como sus cuentas personales.<\/p>\n<p>En varios mensajes en esa red social agreg\u00f3 que \u201cla reciente crisis en la que se ha visto inmersa la Sala Superior del Tribunal se inscribe en la tensi\u00f3n a la que este \u00f3rgano se ve sometido al resolver conflictos pol\u00edticos entre los diversos actores. Esta crisis fue resuelta en su momento por el propio pleno\u201d.<\/p>\n<p>Janine M. Ot\u00e1lora expuso que \u201csabemos que hoy, la vida institucional de M\u00e9xico vive una nueva \u00e9poca y el Tribunal Electoral como \u00f3rgano del Poder Judicial de la Federaci\u00f3n debe saber adaptarse a los cambios\u201d.<\/p>\n<p>Asimismo reconoci\u00f3 y agradeci\u00f3 a todas las personas que desde diversos \u00e1mbitos: pol\u00edtico, acad\u00e9mico, period\u00edstico, institucional y de la sociedad civil, confiaron en ella y la acompa\u00f1aron y apoyaron en el desempe\u00f1o de sus funciones durante estos dos a\u00f1os.<\/p>\n<p>Record\u00f3 que el 4 de noviembre de 2016, el pleno de la Sala Superior la eligi\u00f3 como presidenta del Tribunal Electoral del Poder Judicial de la Federaci\u00f3n, y \u00abal tomar posesi\u00f3n de este honroso encargo, me compromet\u00ed a resolver las controversias de manera justa y legal, con mesura y prudencia, y a administrar los recursos p\u00fablicos con racionalidad y honestidad, compromisos que asum\u00ed plenamente\u201d.<\/p>\n","protected":false},"excerpt":{"rendered":"<p>Janine M. Ot\u00e1lora Malassis present\u00f3 este mi\u00e9rcoles su renuncia al cargo de presidenta del Tribunal Electoral del Poder Judicial de la Federaci\u00f3n (TEPJF), al argumentar la reciente crisis en que se ha visto inmersa la Sala Superior de esa instancia.<\/p>\n","protected":false},"author":5,"featured_media":412099,"comment_status":"open","ping_status":"open","sticky":false,"template":"","format":"standard","meta":{"_monsterinsights_skip_tracking":false,"_monsterinsights_sitenote_active":false,"_monsterinsights_sitenote_note":"","_monsterinsights_sitenote_category":0,"footnotes":""},"categories":[3],"tags":[82154,82155,10332],"class_list":["post-412098","post","type-post","status-publish","format-standard","has-post-thumbnail","hentry","category-nacional","tag-janine-otalora","tag-sala-superior-de-esa-instancia","tag-tribunal-electoral-federal"],"_links":{"self":[{"href":"https:\/\/www.diarioimagen.net\/index.php?rest_route=\/wp\/v2\/posts\/412098","targetHints":{"allow":["GET"]}}],"collection":[{"href":"https:\/\/www.diarioimagen.net\/index.php?rest_route=\/wp\/v2\/posts"}],"about":[{"href":"https:\/\/www.diarioimagen.net\/index.php?rest_route=\/wp\/v2\/types\/post"}],"author":[{"embeddable":true,"href":"https:\/\/www.diarioimagen.net\/index.php?rest_route=\/wp\/v2\/users\/5"}],"replies":[{"embeddable":true,"href":"https:\/\/www.diarioimagen.net\/index.php?rest_route=%2Fwp%2Fv2%2Fcomments&post=412098"}],"version-history":[{"count":0,"href":"https:\/\/www.diarioimagen.net\/index.php?rest_route=\/wp\/v2\/posts\/412098\/revisions"}],"wp:featuredmedia":[{"embeddable":true,"href":"https:\/\/www.diarioimagen.net\/index.php?rest_route=\/wp\/v2\/media\/412099"}],"wp:attachment":[{"href":"https:\/\/www.diarioimagen.net\/index.php?rest_route=%2Fwp%2Fv2%2Fmedia&parent=412098"}],"wp:term":[{"taxonomy":"category","embeddable":true,"href":"https:\/\/www.diarioimagen.net\/index.php?rest_route=%2Fwp%2Fv2%2Fcategories&post=412098"},{"taxonomy":"post_tag","embeddable":true,"href":"https:\/\/www.diarioimagen.net\/index.php?rest_route=%2Fwp%2Fv2%2Ftags&post=412098"}],"curies":[{"name":"wp","href":"https:\/\/api.w.org\/{rel}","templated":true}]}}