{"id":412147,"date":"2019-01-24T00:10:10","date_gmt":"2019-01-24T06:10:10","guid":{"rendered":"https:\/\/www.diarioimagen.net\/?p=412147"},"modified":"2019-01-24T06:50:48","modified_gmt":"2019-01-24T12:50:48","slug":"reciben-mas-de-14-mil-familias-mexiquenses-apoyos-invernales","status":"publish","type":"post","link":"https:\/\/www.diarioimagen.net\/?p=412147","title":{"rendered":"Reciben m\u00e1s de 14 mil familias mexiquenses apoyos invernales"},"content":{"rendered":"<ul>\n<li><strong><em>Para mitigar el fr\u00edo de la temporada<\/em><\/strong><\/li>\n<\/ul>\n<p>&nbsp;<\/p>\n<div id=\"attachment_412213\" style=\"width: 470px\" class=\"wp-caption aligncenter\"><a href=\"https:\/\/www.diarioimagen.net\/?attachment_id=412213\" rel=\"attachment wp-att-412213\"><img loading=\"lazy\" decoding=\"async\" aria-describedby=\"caption-attachment-412213\" class=\"size-large wp-image-412213\" src=\"https:\/\/www.diarioimagen.net\/wp-content\/uploads\/2019\/01\/APOYOS24-460x259.jpg\" alt=\"\" width=\"460\" height=\"259\" srcset=\"https:\/\/www.diarioimagen.net\/wp-content\/uploads\/2019\/01\/APOYOS24-460x259.jpg 460w, https:\/\/www.diarioimagen.net\/wp-content\/uploads\/2019\/01\/APOYOS24-240x135.jpg 240w, https:\/\/www.diarioimagen.net\/wp-content\/uploads\/2019\/01\/APOYOS24-235x132.jpg 235w, https:\/\/www.diarioimagen.net\/wp-content\/uploads\/2019\/01\/APOYOS24-202x114.jpg 202w, https:\/\/www.diarioimagen.net\/wp-content\/uploads\/2019\/01\/APOYOS24-350x196.jpg 350w, https:\/\/www.diarioimagen.net\/wp-content\/uploads\/2019\/01\/APOYOS24-220x123.jpg 220w, https:\/\/www.diarioimagen.net\/wp-content\/uploads\/2019\/01\/APOYOS24-237x132.jpg 237w, https:\/\/www.diarioimagen.net\/wp-content\/uploads\/2019\/01\/APOYOS24.jpg 480w\" sizes=\"auto, (max-width: 460px) 100vw, 460px\" \/><\/a><p id=\"caption-attachment-412213\" class=\"wp-caption-text\">Entregan art\u00edculos para mitigar el fr\u00edo de la temporada a m\u00e1s de 7 mil familias de Villa de Allende.<\/p><\/div>\n<p>&nbsp;<\/p>\n<p><strong>Villa de Allende, Estado de M\u00e9xico<\/strong>.- Acompa\u00f1ada por su nieta Rosita, Juana recibi\u00f3 el paquete invernal con el que mitigar\u00e1 el impacto de la temporada invernal en Villa de Allende, uno de los siete municipios mexiquenses declarados en contingencia por las bajas temperaturas a causa de la temporada invernal.<\/p>\n<p>En la comunidad de Bosencheves, en Villa de Allende, el secretario de Comunicaciones, Luis Gilberto Lim\u00f3n Ch\u00e1vez, y el coordinador general de Protecci\u00f3n Civil, Luis Felipe Puente Espinosa, entregaron paquetes con cobertores, colchonetas y despensas otorgados con recursos del Fondo para la Atenci\u00f3n de Emergencias (FONDEN).<\/p>\n<p>Lo anterior, luego de que la Coordinaci\u00f3n Nacional de Protecci\u00f3n Civil, a trav\u00e9s de la Secretar\u00eda de Gobernaci\u00f3n, emitiera Declaratoria de Emergencia extraordinaria para los municipios de Villa Victoria, Villa de Allende, San Jos\u00e9 del Rinc\u00f3n, Ixtapan del Oro, San Felipe del Progreso, Temascaltepec y Donato Guerra.<\/p>\n<p>Es as\u00ed como el gobierno estatal emprende acciones en esta materia para beneficiar a m\u00e1s de 14 mil familias de Villa Victoria, Villa de Allende, San Jos\u00e9 del Rinc\u00f3n, Ixtapan del Oro, San Felipe del Progreso y Temascaltepec, quienes ya han recibido cobertores, colchonetas y despensas, as\u00ed como Donato Guerra, donde est\u00e1n por entregar dicho apoyo.<\/p>\n<p>La de Juana es una de las 7 mil 390 familias de Villa de Allende que ser\u00e1n apoyadas esta temporada, debido a que habita en uno de los municipios donde la poblaci\u00f3n enfrenta condiciones de vulnerabilidad por las bajas temperaturas.<\/p>\n<p>\u201cQue bueno que nos traigan apoyos, porque as\u00ed podemos utilizar las cobijas para dormir m\u00e1s calientitas, porque despu\u00e9s de las seis de la tarde se siente mucho el fr\u00edo y por las ma\u00f1anas salimos despu\u00e9s de las 10 para poder hacer nuestro quehacer\u201d, coment\u00f3 Juana, de 69 a\u00f1os de edad, quien lleg\u00f3 acompa\u00f1ada por su hija y su nieta.<\/p>\n<p>\u201cEl Gobierno del Estado dispuso de 13 mil 821 colchonetas e igual n\u00famero de cobertores, as\u00ed como de 7 mil despensas; adem\u00e1s, de la mano de la Coordinaci\u00f3n de Protecci\u00f3n Civil se realiza el monitoreo de las comunidades todos los d\u00edas para atender cualquier fen\u00f3meno climatol\u00f3gico\u201d, explic\u00f3 Lim\u00f3n Ch\u00e1vez.<\/p>\n<p>El funcionario expuso en entrevista que tambi\u00e9n se realizar\u00e1n jornadas de informaci\u00f3n a los pobladores sobre la prevenci\u00f3n de accidentes o siniestros derivados de las condiciones de la temporada, entre ellas la hipotermia, la intoxicaci\u00f3n por encender anafres dentro de las viviendas, quemaduras y riesgo de incendio.<\/p>\n<p>El Secretario de Comunicaciones pidi\u00f3 a la poblaci\u00f3n seguir las recomendaciones que emite la Secretar\u00eda de Salud para evitar cambios bruscos de temperatura y poner especial cuidado en la salud de menores y adultos mayores.<\/p>\n<p>Por su parte, Puente Espinosa exhort\u00f3 a los mexiquenses a no bajar la guardia en este periodo invernal, al se\u00f1alar que si utilizan calefactores, calentadores o anafres para mantener su hogar c\u00e1lido, es importante que exista una ventilaci\u00f3n adecuada y as\u00ed evitar intoxicaciones por mon\u00f3xido de carbono.<\/p>\n<p>Estas acciones cumplen con las instrucciones del Gobernador del Estado de M\u00e9xico, Alfredo Del Mazo Maza, para que las familias mexiquenses est\u00e9n protegidas en esta temporada.<\/p>\n","protected":false},"excerpt":{"rendered":"<p>Acompa\u00f1ada por su nieta Rosita, Juana recibi\u00f3 el paquete invernal con el que mitigar\u00e1 el impacto de la temporada invernal en Villa de Allende, uno de los<\/p>\n","protected":false},"author":3,"featured_media":412213,"comment_status":"open","ping_status":"open","sticky":false,"template":"","format":"standard","meta":{"_monsterinsights_skip_tracking":false,"_monsterinsights_sitenote_active":false,"_monsterinsights_sitenote_note":"","_monsterinsights_sitenote_category":0,"footnotes":""},"categories":[5],"tags":[2701,43675,23757],"class_list":["post-412147","post","type-post","status-publish","format-standard","has-post-thumbnail","hentry","category-estado-de-mexico","tag-apoyo","tag-estado-de-mexico","tag-villa-de-allende"],"_links":{"self":[{"href":"https:\/\/www.diarioimagen.net\/index.php?rest_route=\/wp\/v2\/posts\/412147","targetHints":{"allow":["GET"]}}],"collection":[{"href":"https:\/\/www.diarioimagen.net\/index.php?rest_route=\/wp\/v2\/posts"}],"about":[{"href":"https:\/\/www.diarioimagen.net\/index.php?rest_route=\/wp\/v2\/types\/post"}],"author":[{"embeddable":true,"href":"https:\/\/www.diarioimagen.net\/index.php?rest_route=\/wp\/v2\/users\/3"}],"replies":[{"embeddable":true,"href":"https:\/\/www.diarioimagen.net\/index.php?rest_route=%2Fwp%2Fv2%2Fcomments&post=412147"}],"version-history":[{"count":0,"href":"https:\/\/www.diarioimagen.net\/index.php?rest_route=\/wp\/v2\/posts\/412147\/revisions"}],"wp:featuredmedia":[{"embeddable":true,"href":"https:\/\/www.diarioimagen.net\/index.php?rest_route=\/wp\/v2\/media\/412213"}],"wp:attachment":[{"href":"https:\/\/www.diarioimagen.net\/index.php?rest_route=%2Fwp%2Fv2%2Fmedia&parent=412147"}],"wp:term":[{"taxonomy":"category","embeddable":true,"href":"https:\/\/www.diarioimagen.net\/index.php?rest_route=%2Fwp%2Fv2%2Fcategories&post=412147"},{"taxonomy":"post_tag","embeddable":true,"href":"https:\/\/www.diarioimagen.net\/index.php?rest_route=%2Fwp%2Fv2%2Ftags&post=412147"}],"curies":[{"name":"wp","href":"https:\/\/api.w.org\/{rel}","templated":true}]}}