{"id":412149,"date":"2019-01-24T00:11:57","date_gmt":"2019-01-24T06:11:57","guid":{"rendered":"https:\/\/www.diarioimagen.net\/?p=412149"},"modified":"2019-01-24T06:49:13","modified_gmt":"2019-01-24T12:49:13","slug":"certifican-transparencia-del-instituto-de-funcion-registral","status":"publish","type":"post","link":"https:\/\/www.diarioimagen.net\/?p=412149","title":{"rendered":"Certifican transparencia del Instituto de Funci\u00f3n Registral"},"content":{"rendered":"<h2>Arco Norte<\/h2>\n<h5>Jos\u00e9 Luis Monta\u00f1ez Aguilar<\/h5>\n<p>&nbsp;<\/p>\n<p><a href=\"https:\/\/www.diarioimagen.net\/?attachment_id=412216\" rel=\"attachment wp-att-412216\"><img loading=\"lazy\" decoding=\"async\" class=\"aligncenter size-large wp-image-412216\" src=\"https:\/\/www.diarioimagen.net\/wp-content\/uploads\/2019\/01\/arco-5-460x259.jpg\" alt=\"\" width=\"460\" height=\"259\" srcset=\"https:\/\/www.diarioimagen.net\/wp-content\/uploads\/2019\/01\/arco-5-460x259.jpg 460w, https:\/\/www.diarioimagen.net\/wp-content\/uploads\/2019\/01\/arco-5-240x135.jpg 240w, https:\/\/www.diarioimagen.net\/wp-content\/uploads\/2019\/01\/arco-5-235x132.jpg 235w, https:\/\/www.diarioimagen.net\/wp-content\/uploads\/2019\/01\/arco-5-202x114.jpg 202w, https:\/\/www.diarioimagen.net\/wp-content\/uploads\/2019\/01\/arco-5-350x196.jpg 350w, https:\/\/www.diarioimagen.net\/wp-content\/uploads\/2019\/01\/arco-5-220x123.jpg 220w, https:\/\/www.diarioimagen.net\/wp-content\/uploads\/2019\/01\/arco-5-237x132.jpg 237w, https:\/\/www.diarioimagen.net\/wp-content\/uploads\/2019\/01\/arco-5.jpg 480w\" sizes=\"auto, (max-width: 460px) 100vw, 460px\" \/><\/a><\/p>\n<p>&nbsp;<\/p>\n<p>El Instituto de la Funci\u00f3n Registral del Estado de M\u00e9xico (IFREM) recibi\u00f3 el certificado del est\u00e1ndar de competencia laboral \u201cEC 1057\u201d, que garantiza a la poblaci\u00f3n el derecho de acceso a la informaci\u00f3n p\u00fablica.<\/p>\n<p>La titular del IFREM, Tania Lugo Paz, destac\u00f3 la importancia de la certificaci\u00f3n entregada por el Instituto de Transparencia, Acceso a la Informaci\u00f3n P\u00fablica y Protecci\u00f3n de Datos Personales del Estado (INFOEM).<\/p>\n<p>Para ello, se ha buscado un equilibrio en el manejo de informaci\u00f3n p\u00fablica y la protecci\u00f3n de los datos personales.\u201cHemos tenido que involucrarnos para buscar justamente la forma en la que podemos proteger los datos personales sin que se contraponga con nuestra funci\u00f3n de brindar acceso a la informaci\u00f3n y justamente a los datos que se encuentran registrados con nosotros\u201d, manifest\u00f3 Lugo Paz.Record\u00f3 que el Instituto, sectorizado a la Secretar\u00eda de Justicia y Derechos Humanos, fue el primero en su tipo en contar con un aviso de Tratamiento de los Datos Personales.<\/p>\n<p>Esto consiste en integrar el Registro P\u00fablico de la Propiedad y del Comercio estatal, aunque todos aquellos datos personales que otorguen los usuarios con la finalidad de ser notificados del estado de su tr\u00e1mite, son considerados informaci\u00f3n privada.El proceso de certificaci\u00f3n fue gratuito, basado en elementos de educaci\u00f3n a distancia y cont\u00f3 con varias evaluaciones.<\/p>\n<p>Se simularon escenarios donde se priorizaron los valores de atenci\u00f3n a los usuarios como respeto, amabilidad y\u00a0 claridad.<\/p>\n<p>\u201cTambi\u00e9n trabajamos en desarrollar un procedimiento de c\u00f3mo atendemos d\u00eda a d\u00eda, las solicitudes de informaci\u00f3n que nos llegan a la unidad de transparencia.<\/p>\n<p>Cu\u00e1l es el procedimiento que llevamos a cabo dentro del Instituto, y que ese procedimiento sea eficiente y sea capaz de darle atenci\u00f3n en tiempo al ciudadano\u201d, coment\u00f3 Esmeralda Col\u00edn, encargada de la Unidad de Transparencia del IFREM y quien se ubic\u00f3 entre los 15 mejores promedios.<\/p>\n<p>La convocatoria para el proceso de certificaci\u00f3n de los titulares de las Unidades de Transparencia de los sujetos obligados, as\u00ed como de los servidores p\u00fablicos estatales y municipales, registr\u00f3 una amplia participaci\u00f3n por lo que, en breve, el INFOEM lanzar\u00e1 otras convocatorias.<\/p>\n<p><em><a href=\"mailto:montanezaguilar@gmail.com\" target=\"_blank\" rel=\"noopener\">montanezaguilar@gmail.com<\/a><\/em><\/p>\n","protected":false},"excerpt":{"rendered":"<p><span style=\"color: #005497;\">Jos\u00e9 Luis Monta\u00f1ez Aguilar<\/span><br \/>\n<br \/>\nEl Instituto de la Funci\u00f3n Registral del Estado de M\u00e9xico (IFREM) recibi\u00f3 el certificado del est\u00e1ndar de competencia<\/p>\n","protected":false},"author":3,"featured_media":412216,"comment_status":"open","ping_status":"open","sticky":false,"template":"","format":"standard","meta":{"_monsterinsights_skip_tracking":false,"_monsterinsights_sitenote_active":false,"_monsterinsights_sitenote_note":"","_monsterinsights_sitenote_category":0,"footnotes":""},"categories":[5],"tags":[13284,43704,43674],"class_list":["post-412149","post","type-post","status-publish","format-standard","has-post-thumbnail","hentry","category-estado-de-mexico","tag-arco-norte","tag-jose-luis-montanez-aguilar","tag-opinion"],"_links":{"self":[{"href":"https:\/\/www.diarioimagen.net\/index.php?rest_route=\/wp\/v2\/posts\/412149","targetHints":{"allow":["GET"]}}],"collection":[{"href":"https:\/\/www.diarioimagen.net\/index.php?rest_route=\/wp\/v2\/posts"}],"about":[{"href":"https:\/\/www.diarioimagen.net\/index.php?rest_route=\/wp\/v2\/types\/post"}],"author":[{"embeddable":true,"href":"https:\/\/www.diarioimagen.net\/index.php?rest_route=\/wp\/v2\/users\/3"}],"replies":[{"embeddable":true,"href":"https:\/\/www.diarioimagen.net\/index.php?rest_route=%2Fwp%2Fv2%2Fcomments&post=412149"}],"version-history":[{"count":0,"href":"https:\/\/www.diarioimagen.net\/index.php?rest_route=\/wp\/v2\/posts\/412149\/revisions"}],"wp:featuredmedia":[{"embeddable":true,"href":"https:\/\/www.diarioimagen.net\/index.php?rest_route=\/wp\/v2\/media\/412216"}],"wp:attachment":[{"href":"https:\/\/www.diarioimagen.net\/index.php?rest_route=%2Fwp%2Fv2%2Fmedia&parent=412149"}],"wp:term":[{"taxonomy":"category","embeddable":true,"href":"https:\/\/www.diarioimagen.net\/index.php?rest_route=%2Fwp%2Fv2%2Fcategories&post=412149"},{"taxonomy":"post_tag","embeddable":true,"href":"https:\/\/www.diarioimagen.net\/index.php?rest_route=%2Fwp%2Fv2%2Ftags&post=412149"}],"curies":[{"name":"wp","href":"https:\/\/api.w.org\/{rel}","templated":true}]}}