{"id":412153,"date":"2019-01-24T00:09:04","date_gmt":"2019-01-24T06:09:04","guid":{"rendered":"https:\/\/www.diarioimagen.net\/?p=412153"},"modified":"2019-01-24T05:53:22","modified_gmt":"2019-01-24T11:53:22","slug":"trabajan-edomex-y-gobierno-federal-para-regularizar-abasto-de-gasolina","status":"publish","type":"post","link":"https:\/\/www.diarioimagen.net\/?p=412153","title":{"rendered":"Trabajan Edomex y gobierno federal para regularizar abasto de gasolina"},"content":{"rendered":"<p><a href=\"https:\/\/www.diarioimagen.net\/?attachment_id=412222\" rel=\"attachment wp-att-412222\"><img loading=\"lazy\" decoding=\"async\" class=\"aligncenter size-large wp-image-412222\" src=\"https:\/\/www.diarioimagen.net\/wp-content\/uploads\/2019\/01\/GASOLINA24-460x259.jpg\" alt=\"\" width=\"460\" height=\"259\" srcset=\"https:\/\/www.diarioimagen.net\/wp-content\/uploads\/2019\/01\/GASOLINA24-460x259.jpg 460w, https:\/\/www.diarioimagen.net\/wp-content\/uploads\/2019\/01\/GASOLINA24-240x135.jpg 240w, https:\/\/www.diarioimagen.net\/wp-content\/uploads\/2019\/01\/GASOLINA24-235x132.jpg 235w, https:\/\/www.diarioimagen.net\/wp-content\/uploads\/2019\/01\/GASOLINA24-202x114.jpg 202w, https:\/\/www.diarioimagen.net\/wp-content\/uploads\/2019\/01\/GASOLINA24-350x196.jpg 350w, https:\/\/www.diarioimagen.net\/wp-content\/uploads\/2019\/01\/GASOLINA24-220x123.jpg 220w, https:\/\/www.diarioimagen.net\/wp-content\/uploads\/2019\/01\/GASOLINA24-237x132.jpg 237w, https:\/\/www.diarioimagen.net\/wp-content\/uploads\/2019\/01\/GASOLINA24.jpg 480w\" sizes=\"auto, (max-width: 460px) 100vw, 460px\" \/><\/a><\/p>\n<p>&nbsp;<\/p>\n<p><strong>Toluca, Estado de M\u00e9xico<\/strong>.- El gobernador Alfredo Del Mazo Maza se\u00f1al\u00f3 que la administraci\u00f3n estatal trabaja conjuntamente con el gobierno de M\u00e9xico para regularizar el abasto de gasolina en la entidad, principalmente en los municipios del Valle de Toluca, zona que\u00a0 ha sido la m\u00e1s afectada.<\/p>\n<p>En entrevista, Del Mazo Maza inform\u00f3 que en el Estado de M\u00e9xico se cuenta con mil 85 gasolineras y existe un desabasto de combustible en 375, las cuales en su mayor\u00eda se encuentran en el Valle de Toluca.<\/p>\n<p>\u201cHemos estado trabajando de manera coordinada con el Gobierno federal, sobre todo para el apoyo en el resguardo de algunos de los ductos, la respuesta inmediata para avisar si perforan alguno de los ductos y tambi\u00e9n en el patrullaje de pipas de gasolina, que nos puedan abastecer, incluso, directamente desde Tula, hasta las estaciones de servicio del Estado de M\u00e9xico, con lo cual se ha mejorado el abasto, pero todav\u00eda seguimos en situaciones en algunas gasolineras, donde no hay abasto\u201d.<\/p>\n<p>El gobernador mexiquense indic\u00f3 que la escasez de gasolina en el Valle de Toluca ocurri\u00f3 por el cierre del ducto Tula-Toluca, el cual abastece de combustible a esta zona.\u00a0 En el caso del Valle de M\u00e9xico, dijo, el ducto Tuxpan-Azcapotzalco fue abierto m\u00e1s r\u00e1pido y opera de manera constante.<\/p>\n<p>&nbsp;<\/p>\n","protected":false},"excerpt":{"rendered":"<p>El gobernador Alfredo Del Mazo Maza se\u00f1al\u00f3 que la administraci\u00f3n estatal trabaja conjuntamente con el gobierno de M\u00e9xico para regularizar el abasto de gasolina en la entidad, principalmente en los municipios del Valle de Toluca, zona que  ha sido la m\u00e1s afectada.<\/p>\n","protected":false},"author":3,"featured_media":412222,"comment_status":"open","ping_status":"open","sticky":false,"template":"","format":"standard","meta":{"_monsterinsights_skip_tracking":false,"_monsterinsights_sitenote_active":false,"_monsterinsights_sitenote_note":"","_monsterinsights_sitenote_category":0,"footnotes":""},"categories":[35155],"tags":[45868,43675,198,292,452,9438],"class_list":["post-412153","post","type-post","status-publish","format-standard","has-post-thumbnail","hentry","category-estado-de-mexico-estado-de-mexico","tag-abasto","tag-estado-de-mexico","tag-gasolina","tag-pemex","tag-toluca","tag-tula"],"_links":{"self":[{"href":"https:\/\/www.diarioimagen.net\/index.php?rest_route=\/wp\/v2\/posts\/412153","targetHints":{"allow":["GET"]}}],"collection":[{"href":"https:\/\/www.diarioimagen.net\/index.php?rest_route=\/wp\/v2\/posts"}],"about":[{"href":"https:\/\/www.diarioimagen.net\/index.php?rest_route=\/wp\/v2\/types\/post"}],"author":[{"embeddable":true,"href":"https:\/\/www.diarioimagen.net\/index.php?rest_route=\/wp\/v2\/users\/3"}],"replies":[{"embeddable":true,"href":"https:\/\/www.diarioimagen.net\/index.php?rest_route=%2Fwp%2Fv2%2Fcomments&post=412153"}],"version-history":[{"count":0,"href":"https:\/\/www.diarioimagen.net\/index.php?rest_route=\/wp\/v2\/posts\/412153\/revisions"}],"wp:featuredmedia":[{"embeddable":true,"href":"https:\/\/www.diarioimagen.net\/index.php?rest_route=\/wp\/v2\/media\/412222"}],"wp:attachment":[{"href":"https:\/\/www.diarioimagen.net\/index.php?rest_route=%2Fwp%2Fv2%2Fmedia&parent=412153"}],"wp:term":[{"taxonomy":"category","embeddable":true,"href":"https:\/\/www.diarioimagen.net\/index.php?rest_route=%2Fwp%2Fv2%2Fcategories&post=412153"},{"taxonomy":"post_tag","embeddable":true,"href":"https:\/\/www.diarioimagen.net\/index.php?rest_route=%2Fwp%2Fv2%2Ftags&post=412153"}],"curies":[{"name":"wp","href":"https:\/\/api.w.org\/{rel}","templated":true}]}}