{"id":412170,"date":"2019-01-24T00:07:05","date_gmt":"2019-01-24T06:07:05","guid":{"rendered":"https:\/\/www.diarioimagen.net\/?p=412170"},"modified":"2019-01-24T06:00:59","modified_gmt":"2019-01-24T12:00:59","slug":"inician-la-construccion-de-nueva-celda-del-relleno-sanitario-de-tultepec","status":"publish","type":"post","link":"https:\/\/www.diarioimagen.net\/?p=412170","title":{"rendered":"Inician la construcci\u00f3n de nueva celda del relleno sanitario de Tultepec"},"content":{"rendered":"<ul>\n<li><strong><em>Le dar\u00e1n 3 a\u00f1os m\u00e1s de vida al tiradero<\/em><\/strong><\/li>\n<\/ul>\n<p>&nbsp;<\/p>\n<div id=\"attachment_412233\" style=\"width: 470px\" class=\"wp-caption aligncenter\"><a href=\"https:\/\/www.diarioimagen.net\/?attachment_id=412233\" rel=\"attachment wp-att-412233\"><img loading=\"lazy\" decoding=\"async\" aria-describedby=\"caption-attachment-412233\" class=\"size-large wp-image-412233\" src=\"https:\/\/www.diarioimagen.net\/wp-content\/uploads\/2019\/01\/TULTEPEC-24-460x259.jpg\" alt=\"\" width=\"460\" height=\"259\" srcset=\"https:\/\/www.diarioimagen.net\/wp-content\/uploads\/2019\/01\/TULTEPEC-24-460x259.jpg 460w, https:\/\/www.diarioimagen.net\/wp-content\/uploads\/2019\/01\/TULTEPEC-24-240x135.jpg 240w, https:\/\/www.diarioimagen.net\/wp-content\/uploads\/2019\/01\/TULTEPEC-24-235x132.jpg 235w, https:\/\/www.diarioimagen.net\/wp-content\/uploads\/2019\/01\/TULTEPEC-24-202x114.jpg 202w, https:\/\/www.diarioimagen.net\/wp-content\/uploads\/2019\/01\/TULTEPEC-24-350x196.jpg 350w, https:\/\/www.diarioimagen.net\/wp-content\/uploads\/2019\/01\/TULTEPEC-24-220x123.jpg 220w, https:\/\/www.diarioimagen.net\/wp-content\/uploads\/2019\/01\/TULTEPEC-24-237x132.jpg 237w, https:\/\/www.diarioimagen.net\/wp-content\/uploads\/2019\/01\/TULTEPEC-24.jpg 480w\" sizes=\"auto, (max-width: 460px) 100vw, 460px\" \/><\/a><p id=\"caption-attachment-412233\" class=\"wp-caption-text\">El gobierno de Tultepec decidi\u00f3 realizar la construcci\u00f3n de una nueva celda de confinamiento en el relleno sanitario municipal.<\/p><\/div>\n<p>&nbsp;<\/p>\n<p><strong>Tultepec, Estado de M\u00e9xico<\/strong>.- Debido al crecimiento poblacional que ha tenido Tultepec en los \u00faltimos a\u00f1os, que actualmente supera los 150 mil habitantes, el tema para el dep\u00f3sito de los desechos s\u00f3lidos diariamente se ha convertido en un problema al cual contribuyen todos los tultepequenses.<\/p>\n<p>Ante este problema, la administraci\u00f3n 2019-2021, preocupada por esa circunstancia, decidi\u00f3 realizar la construcci\u00f3n de una nueva celda de confinamiento en el relleno sanitario municipal, la cual tendr\u00e1 95 metros de largo por 35 de ancho y una profundidad de 20 metros; lo que equivale a un volumen de 40,450 m c\u00fabicos y una vida \u00fatil de alrededor de tres a\u00f1os.<\/p>\n<p>As\u00ed lo inform\u00f3 \u00d3scar Ram\u00edrez Peralta, director de Obras P\u00fablicas, quien explic\u00f3 que todas las caras de esta celda ser\u00e1n cubiertas con geomembrana Tipo HDPE de 1.5 mm. de espesor, la cual ir\u00e1 termo fusionada para que impida el paso de los lixiviados al terreno natural, para evitar con ello la posible contaminaci\u00f3n de los mantos fre\u00e1ticos.<\/p>\n<p>De igual forma, dijo, con los trabajos que realiza la direcci\u00f3n de Obras P\u00fablicas en la zona, se dispondr\u00e1 de una fosa o c\u00e1rcamo para recolectar estos lixiviados, as\u00ed como la colocaci\u00f3n de chimeneas para la captaci\u00f3n de los gases generados por la descomposici\u00f3n de los residuos org\u00e1nicos depositados en el lugar. \u00a0Afirm\u00f3 que trabajadores de esta dependencia trabajar\u00e1n a marchas forzadas al menos durante los pr\u00f3ximos cuatro meses, para anticipar su correcto funcionamiento durante la temporada de lluvias, \u201clo cual podr\u00eda complicar las maniobras de excavaci\u00f3n y colocaci\u00f3n de geomembrana\u201d. El funcionario afirm\u00f3 que una vez terminada esta celda, se clausurar\u00e1 la que actualmente est\u00e1 en uso, bajo los criterios que establece la Secretar\u00eda del Medio Ambiente.<\/p>\n","protected":false},"excerpt":{"rendered":"<p>Debido al crecimiento poblacional que ha tenido Tultepec en los \u00faltimos a\u00f1os, que actualmente supera los 150 mil habitantes, el tema para el dep\u00f3sito de los desechos s\u00f3lidos diariamente se ha convertido en un problema al cual contribuyen todos los tultepequenses.<\/p>\n","protected":false},"author":3,"featured_media":412233,"comment_status":"open","ping_status":"open","sticky":false,"template":"","format":"standard","meta":{"_monsterinsights_skip_tracking":false,"_monsterinsights_sitenote_active":false,"_monsterinsights_sitenote_note":"","_monsterinsights_sitenote_category":0,"footnotes":""},"categories":[35155],"tags":[43675,82174,82175,3802],"class_list":["post-412170","post","type-post","status-publish","format-standard","has-post-thumbnail","hentry","category-estado-de-mexico-estado-de-mexico","tag-estado-de-mexico","tag-relleno","tag-sanitario","tag-tultepec"],"_links":{"self":[{"href":"https:\/\/www.diarioimagen.net\/index.php?rest_route=\/wp\/v2\/posts\/412170","targetHints":{"allow":["GET"]}}],"collection":[{"href":"https:\/\/www.diarioimagen.net\/index.php?rest_route=\/wp\/v2\/posts"}],"about":[{"href":"https:\/\/www.diarioimagen.net\/index.php?rest_route=\/wp\/v2\/types\/post"}],"author":[{"embeddable":true,"href":"https:\/\/www.diarioimagen.net\/index.php?rest_route=\/wp\/v2\/users\/3"}],"replies":[{"embeddable":true,"href":"https:\/\/www.diarioimagen.net\/index.php?rest_route=%2Fwp%2Fv2%2Fcomments&post=412170"}],"version-history":[{"count":0,"href":"https:\/\/www.diarioimagen.net\/index.php?rest_route=\/wp\/v2\/posts\/412170\/revisions"}],"wp:featuredmedia":[{"embeddable":true,"href":"https:\/\/www.diarioimagen.net\/index.php?rest_route=\/wp\/v2\/media\/412233"}],"wp:attachment":[{"href":"https:\/\/www.diarioimagen.net\/index.php?rest_route=%2Fwp%2Fv2%2Fmedia&parent=412170"}],"wp:term":[{"taxonomy":"category","embeddable":true,"href":"https:\/\/www.diarioimagen.net\/index.php?rest_route=%2Fwp%2Fv2%2Fcategories&post=412170"},{"taxonomy":"post_tag","embeddable":true,"href":"https:\/\/www.diarioimagen.net\/index.php?rest_route=%2Fwp%2Fv2%2Ftags&post=412170"}],"curies":[{"name":"wp","href":"https:\/\/api.w.org\/{rel}","templated":true}]}}