{"id":412193,"date":"2019-01-24T00:03:30","date_gmt":"2019-01-24T06:03:30","guid":{"rendered":"https:\/\/www.diarioimagen.net\/?p=412193"},"modified":"2019-01-24T03:04:55","modified_gmt":"2019-01-24T09:04:55","slug":"adios-al-1110-am","status":"publish","type":"post","link":"https:\/\/www.diarioimagen.net\/?p=412193","title":{"rendered":"Adi\u00f3s al 1110 AM"},"content":{"rendered":"<h2>Folclor urbano<\/h2>\n<h5>Salvador Estrada<\/h5>\n<p>&nbsp;<\/p>\n<p>De lunes a viernes Lupita Ju\u00e1rez y Sergio Sarmiento, a partir de las cinco con cuarenta y cinco de la ma\u00f1ana\u00a0y hasta las diez horas te informaban por la radio del acontecer nacional y extranjero, en el 1110 de AM.<\/p>\n<p>Y desde el pasado lunes s\u00f3lo escuchas \u00a0en esa misma estaci\u00f3n el sssssssssss,\u00a0que es el \u201csonido del silencio\u201d y aunque \u00a0trates de sintonizarla \u00a0y muevas de un lado a otro, la aguja del cuadrante ya no est\u00e1 \u201cal aire\u201d.<\/p>\n<p>Radio Red y Formato 21, la estaci\u00f3n de las noticias, \u201csalieron del aire\u201d por orden de Francisco Aguirre, quien tom\u00f3 esa decisi\u00f3n, para \u201creconfigurar la plataforma de producci\u00f3n de contenidos\u201d, en las estaciones, y \u201cla contrataci\u00f3n de nuevos \u00a0talentos\u201d , seg\u00fan un comunicado de la empresa.<\/p>\n<p>Y el gran auditorio con el que contaban las estaciones \u00a0no import\u00f3 a la familia Aguirre. Los radioescuchas, fieles a los conductores de los programas se han quejado y hablado a la estaci\u00f3n para pedir que regresen los programas de Radio Red \u00a0en el 1110 de AM.<\/p>\n<p>Esa estaci\u00f3n despu\u00e9s del noticiero de Lupita y Sarmiento segu\u00eda el doctor \u00a0Guiseppe Amara y la doctora Mar\u00eda Elena Micher,\u00a0con su programa <em>Parejas Disparejas y la Familia<\/em>, \u00a0luego entraba al aire Talina Fern\u00e1ndez con diversos invitados, \u00a0como el doctor Eric Estrada y sus recetas de herbolaria y de frutas curativas, que captaba la atenci\u00f3n del auditorio.<\/p>\n<p>Al mediod\u00eda empezaba \u00a0el noticiario de 1 A 3, que hizo tan popular y el de mayor rating Jacobo Zabludowsky y que ahora conduc\u00edan Antonio Corona y Juan Francisco \u00a0Casta\u00f1eda.<\/p>\n<p>El s\u00e1bado de 1 a 3 entraba al aire el reportero y conductor Rafael Flores Mart\u00ednez, quien gozaba de amplia audiencia por ser el noticiario non de los s\u00e1bados.<\/p>\n<p>Y los radioescuchas de los domingos no aceptan que se vayan del aire los programas culturales que empezaban a las nueve con el programa de Jos\u00e9 Antonio Mendiz\u00e1bal \u00a0sobre lugares interesantes y poco conocidos de la Rep\u00fablica. Luego a las diez de la ma\u00f1ana el profesor, periodista y cronista Alberto Barranco Chavarr\u00eda, \u00a0iniciaba <em>Leyenda Urbana<\/em>, quien daba a conocer \u00a0leyendas de la gran ciudad \u00a0y \u00a0sus \u00a0secretos, recuerdos e historias. \u00a0Y al t\u00e9rmino, m\u00e1s cultura en el 1110, con la <em>Rep\u00fablica de las Letras<\/em>, con el periodista y escritor Humberto Musacchio.<\/p>\n<p>Ahora, las familias mexicanas, amantes del <em>Fon\u00f3grafo del Recuerdo<\/em>, est\u00e1n molestas y tristes porque, en esta \u00e9poca de consulta al pueblo, a ellas nunca les preguntaron su opini\u00f3n sobre sus preferencias y reclaman que regresen sus programas favoritos y los contenidos de la semana en el 1110, porque no se resignan a decirle adi\u00f3s.<\/p>\n<p>Pero hay otras familias que tambi\u00e9n est\u00e1n tristes y preocupadas, porque 97 trabajadores de Radio Red y Formato se quedaron sin empleo. Fueron despedidos y algunos empleados, con a\u00f1os de laborar en esa cadena radiof\u00f3nica, han llorado por esa decisi\u00f3n familiar de los Aguirre. Salieron conductores, productores, operadores y locutores.<\/p>\n<p>La empresa est\u00e1 negociando con los \u201cdespedidos\u201d y a unos les ofrece el cincuenta por ciento de liquidaci\u00f3n, a otros una parte y el \u00a0resto en pagos diferidos y \u00a0como el sindicato no estaba informado de esa medida, algunos trabajadores por su cuenta ya demandaron a la familia Aguirre en los tribunales laborales. Ahora, el sindicato ya meti\u00f3 las manos y pide que se les liquide conforme a lo que dice la ley laboral y no como quieren los Aguirre.<\/p>\n<p><em><a href=\"mailto:chavasec@yahoo.com.mx\" target=\"_blank\" rel=\"noopener\">chavasec@yahoo.com.mx<\/a><\/em><\/p>\n","protected":false},"excerpt":{"rendered":"<p><span style=\"color: #005497;\"><strong>Salvador Estrada<\/strong><\/span><\/p>\n","protected":false},"author":3,"featured_media":0,"comment_status":"open","ping_status":"open","sticky":false,"template":"","format":"standard","meta":{"_monsterinsights_skip_tracking":false,"_monsterinsights_sitenote_active":false,"_monsterinsights_sitenote_note":"","_monsterinsights_sitenote_category":0,"footnotes":""},"categories":[41601],"tags":[41599,43674,41600],"class_list":["post-412193","post","type-post","status-publish","format-standard","hentry","category-salvador-estrada-opinion","tag-folclor-urbano","tag-opinion","tag-salvador-estrada"],"_links":{"self":[{"href":"https:\/\/www.diarioimagen.net\/index.php?rest_route=\/wp\/v2\/posts\/412193","targetHints":{"allow":["GET"]}}],"collection":[{"href":"https:\/\/www.diarioimagen.net\/index.php?rest_route=\/wp\/v2\/posts"}],"about":[{"href":"https:\/\/www.diarioimagen.net\/index.php?rest_route=\/wp\/v2\/types\/post"}],"author":[{"embeddable":true,"href":"https:\/\/www.diarioimagen.net\/index.php?rest_route=\/wp\/v2\/users\/3"}],"replies":[{"embeddable":true,"href":"https:\/\/www.diarioimagen.net\/index.php?rest_route=%2Fwp%2Fv2%2Fcomments&post=412193"}],"version-history":[{"count":0,"href":"https:\/\/www.diarioimagen.net\/index.php?rest_route=\/wp\/v2\/posts\/412193\/revisions"}],"wp:attachment":[{"href":"https:\/\/www.diarioimagen.net\/index.php?rest_route=%2Fwp%2Fv2%2Fmedia&parent=412193"}],"wp:term":[{"taxonomy":"category","embeddable":true,"href":"https:\/\/www.diarioimagen.net\/index.php?rest_route=%2Fwp%2Fv2%2Fcategories&post=412193"},{"taxonomy":"post_tag","embeddable":true,"href":"https:\/\/www.diarioimagen.net\/index.php?rest_route=%2Fwp%2Fv2%2Ftags&post=412193"}],"curies":[{"name":"wp","href":"https:\/\/api.w.org\/{rel}","templated":true}]}}