{"id":412195,"date":"2019-01-24T00:04:09","date_gmt":"2019-01-24T06:04:09","guid":{"rendered":"https:\/\/www.diarioimagen.net\/?p=412195"},"modified":"2019-01-24T03:06:59","modified_gmt":"2019-01-24T09:06:59","slug":"el-inmaduro-maduro","status":"publish","type":"post","link":"https:\/\/www.diarioimagen.net\/?p=412195","title":{"rendered":"El inmaduro Maduro"},"content":{"rendered":"<h2>Espacio Electoral<\/h2>\n<h5>Eleazar Flores<\/h5>\n<p>&nbsp;<\/p>\n<p><strong>M\u00c9XICO VA CON \u00c9L.<\/strong>&#8211; Mientras la mayor\u00eda del pueblo venezolano est\u00e1 de fiesta por la ca\u00edda del presidente Nicol\u00e1s Maduro, hay lazos de resistencia interna, pero la que m\u00e1s pesar\u00e1 ser\u00e1 la de las potencias mundiales, como China y Rusia, cuya postura definir\u00e1 la suerte de don Nicol\u00e1s.<\/p>\n<p>Entre secretario de Relaciones Exteriores, vicepresidencia y presidencia de su pa\u00eds, Nicol\u00e1s Maduro lleva casi tres lustros ganando buena plata. Empez\u00f3 en 2006 y de no ser derrocado, llegar\u00eda hasta el 2025 como mandatario, sin preocuparse por llenar su canasta b\u00e1sica, angustia constante de buena parte de los 32 millones de habitantes de este pa\u00eds sudamericano.<\/p>\n<p>De escasos 57 a\u00f1os de edad, Maduro Moros lleg\u00f3 hasta donde est\u00e1 gracias a su actitud institucional,\u00a0 -\u00bfo incondicional?- hacia el presidente Hugo Ch\u00e1vez, otro mandatario producto de elecci\u00f3n, golpe de Estado y elecci\u00f3n nuevamente. Este ambiente hace que los venezolanos lleven casi todo lo que va del siglo sufriendo una galopante inflaci\u00f3n que llega a la escasez de alimentos.<\/p>\n<p>Igual que en muchos pa\u00edses como el nuestro, hay filias y fobias hacia sus gobernantes, aun cuando se estima una mayor\u00eda la que est\u00e1 en contra del r\u00e9gimen de Maduro. Obvio que hay defensores de su gobierno, incluso en M\u00e9xico, -adem\u00e1s de Noro\u00f1a-, pues hay quienes piensan que no todo lo que se dice de la crisis es cierto, adjudicando un pro yanquismo a este tipo de pensadores.<\/p>\n<p>Los actuales cr\u00edticos y opinadores olvidan que Venezuela lleg\u00f3 a ser una potencia, no s\u00f3lo petrolera, pero tambi\u00e9n con presidentes populistas como Carlos Andr\u00e9s P\u00e9rez, amigo del ex presidente Luis Echeverr\u00eda, con lo que est\u00e1 dicho todo. Se dir\u00e1 que no se denunciaba tanta escasez de alimentos, y menos de papel higi\u00e9nico, y est\u00e1n en lo cierto.<\/p>\n<p><strong>M\u00c9XICO<\/strong>.- Lo que el mismo pueblo mexicano extra\u00f1a es la postura del gobierno de la cuarta transformaci\u00f3n que sigue reconociendo a Nicol\u00e1s Maduro como presidente, no obstante el desconocimiento de otras naciones de peso,\u00a0 como los integrantes de la Uni\u00f3n Europea, adem\u00e1s de Jap\u00f3n y obvio Canad\u00e1 y Estados Unidos, pa\u00eds que casi hace fiesta ante el derrocamiento.<\/p>\n<p>En campa\u00f1a presidencial de nuestro pa\u00eds se especul\u00f3 mucho por el acercamiento de Morena con el r\u00e9gimen de Maduro, las huestes de AMLO siempre lo negaron, no obstante evidencias, siendo la m\u00e1s visible la del \u201cizquierdista\u201d Fern\u00e1ndez Noro\u00f1a, quien viaja al pa\u00eds sudamericano para asistir a las fechas pol\u00edticas importantes en las que no falta Nicol\u00e1s Maduro.<\/p>\n<p>Con esas inclinaciones ideol\u00f3gicas del morenismo, prepar\u00e9monos para lo que nos pudiera suceder en el 2023, pero recuerde que siendo una clase pol\u00edtica madrugadora, nos enteraremos desde antes.<\/p>\n<p><a href=\"mailto:elefa44@gmail.com\" target=\"_blank\" rel=\"noopener\"><em>elefa44@gmail.com<\/em><\/a><\/p>\n","protected":false},"excerpt":{"rendered":"<p><span style=\"color: #005497;\"><strong>Eleazar Flores<\/strong><\/span><\/p>\n","protected":false},"author":3,"featured_media":0,"comment_status":"open","ping_status":"open","sticky":false,"template":"","format":"standard","meta":{"_monsterinsights_skip_tracking":false,"_monsterinsights_sitenote_active":false,"_monsterinsights_sitenote_note":"","_monsterinsights_sitenote_category":0,"footnotes":""},"categories":[81743],"tags":[81744,81776,43674],"class_list":["post-412195","post","type-post","status-publish","format-standard","hentry","category-eleazar-flores","tag-eleazar-flores","tag-espacio-electoral","tag-opinion"],"_links":{"self":[{"href":"https:\/\/www.diarioimagen.net\/index.php?rest_route=\/wp\/v2\/posts\/412195","targetHints":{"allow":["GET"]}}],"collection":[{"href":"https:\/\/www.diarioimagen.net\/index.php?rest_route=\/wp\/v2\/posts"}],"about":[{"href":"https:\/\/www.diarioimagen.net\/index.php?rest_route=\/wp\/v2\/types\/post"}],"author":[{"embeddable":true,"href":"https:\/\/www.diarioimagen.net\/index.php?rest_route=\/wp\/v2\/users\/3"}],"replies":[{"embeddable":true,"href":"https:\/\/www.diarioimagen.net\/index.php?rest_route=%2Fwp%2Fv2%2Fcomments&post=412195"}],"version-history":[{"count":0,"href":"https:\/\/www.diarioimagen.net\/index.php?rest_route=\/wp\/v2\/posts\/412195\/revisions"}],"wp:attachment":[{"href":"https:\/\/www.diarioimagen.net\/index.php?rest_route=%2Fwp%2Fv2%2Fmedia&parent=412195"}],"wp:term":[{"taxonomy":"category","embeddable":true,"href":"https:\/\/www.diarioimagen.net\/index.php?rest_route=%2Fwp%2Fv2%2Fcategories&post=412195"},{"taxonomy":"post_tag","embeddable":true,"href":"https:\/\/www.diarioimagen.net\/index.php?rest_route=%2Fwp%2Fv2%2Ftags&post=412195"}],"curies":[{"name":"wp","href":"https:\/\/api.w.org\/{rel}","templated":true}]}}