{"id":412203,"date":"2019-01-24T00:08:36","date_gmt":"2019-01-24T06:08:36","guid":{"rendered":"https:\/\/www.diarioimagen.net\/?p=412203"},"modified":"2019-01-24T06:58:05","modified_gmt":"2019-01-24T12:58:05","slug":"ebrard-momento-de-definiciones","status":"publish","type":"post","link":"https:\/\/www.diarioimagen.net\/?p=412203","title":{"rendered":"Ebrard, momento de definiciones"},"content":{"rendered":"<h2>Poder y dinero<\/h2>\n<h5>V\u00edctor S\u00e1nchez Ba\u00f1os<\/h5>\n<p><em>\u00a0<\/em><\/p>\n<ul>\n<li><strong><em>Rusia, China e Ir\u00e1n apoyan a Venezuela<\/em><\/strong><\/li>\n<li><strong><em>Maduro, la puerta de una guerra civil<\/em><\/strong><\/li>\n<li><strong><em>Fallan polic\u00edas en derechos humanos<\/em><\/strong><\/li>\n<\/ul>\n<p><em>\u00a0<\/em><\/p>\n<p><em>\u00a0<\/em><\/p>\n<div id=\"attachment_412262\" style=\"width: 470px\" class=\"wp-caption aligncenter\"><a href=\"https:\/\/www.diarioimagen.net\/?attachment_id=412262\" rel=\"attachment wp-att-412262\"><img loading=\"lazy\" decoding=\"async\" aria-describedby=\"caption-attachment-412262\" class=\"size-large wp-image-412262\" src=\"https:\/\/www.diarioimagen.net\/wp-content\/uploads\/2019\/01\/SORPRENDIDOS-jose-luis-460x379.jpg\" alt=\"\" width=\"460\" height=\"379\" srcset=\"https:\/\/www.diarioimagen.net\/wp-content\/uploads\/2019\/01\/SORPRENDIDOS-jose-luis-460x379.jpg 460w, https:\/\/www.diarioimagen.net\/wp-content\/uploads\/2019\/01\/SORPRENDIDOS-jose-luis-240x198.jpg 240w, https:\/\/www.diarioimagen.net\/wp-content\/uploads\/2019\/01\/SORPRENDIDOS-jose-luis-768x633.jpg 768w, https:\/\/www.diarioimagen.net\/wp-content\/uploads\/2019\/01\/SORPRENDIDOS-jose-luis.jpg 1200w\" sizes=\"auto, (max-width: 460px) 100vw, 460px\" \/><\/a><p id=\"caption-attachment-412262\" class=\"wp-caption-text\">Sorprendidos&#8230; | Jos\u00e9 Luis<\/p><\/div>\n<p>&nbsp;<\/p>\n<p style=\"text-align: right;\"><strong><em>No hay microscopio m\u00e1s sutil <\/em><\/strong><em>que la inteligencia<br \/>\nFelipe Picatose, 1834-1924; escritor<\/em><em>\u00a0y pol\u00edtico espa\u00f1ol.<\/em><\/p>\n<p>&nbsp;<\/p>\n<p>#VenezuelaCrisis #Maduro #Guaid\u00f3 #M\u00e9xico #AMLO #Ej\u00e9rcitoVenezolano #Trump #EstadosUnidos #GuerraCivil #DoctrinaEstrada #LibreAutodeterminaci\u00f3nDeLosPueblos #SalidaNegociada #MarceloEbrard #Gonz\u00e1lezP\u00e9rez #CNDH #DerechosHumanos #Polic\u00edasImpreparadas #Fintech #PagoF\u00e1cil<\/p>\n<p>&nbsp;<\/p>\n<p>Nicol\u00e1s Maduro, presidente de Venezuela, no pudo contener la presi\u00f3n social, la corrupci\u00f3n y perpetuarse en el poder, as\u00ed como las alucinaciones p\u00fablicas del pol\u00edtico, rompieron el c\u00e1ntaro. El pueblo venezolano acept\u00f3 todo. Un dictador, un ignorante, procesos electorales ama\u00f1ados, abusos, asesinatos, hambre, marginaci\u00f3n, s\u00f3lo mov\u00edan a la gente a algunas manifestaciones p\u00fablicas.<\/p>\n<p>Ante el mundo civilizado, la imagen de Venezuela era de un pa\u00eds secuestrado por un gobierno que, mediante un fraude electoral, se perpetuaba en el poder.<\/p>\n<p>As\u00ed, la mayor\u00eda de las naciones del grupo de Lima, formado por Argentina, Brasil, Canad\u00e1, Chile, Colombia, Costa Rica, Guatemala, Honduras, M\u00e9xico, Panam\u00e1, Paraguay, Per\u00fa, Guyana y Santa Luc\u00eda. Pero, en el mundo, dos superpotencias apoyan al dictador: China, Rusia e Ir\u00e1n. No es f\u00e1cil el derrocamiento de Maduro. Se necesita el apoyo del Ej\u00e9rcito, entrenado en su mayor\u00eda en el llamado Nivel 5, que es antiterrorista.M\u00e9xico mantiene la misma pol\u00edtica exterior con Venezuela. Despu\u00e9s de la autoproclamaci\u00f3n de Juan Guaid\u00f3, como presidente encargado, el gobierno de Andr\u00e9s Manuel L\u00f3pez Obrador, tom\u00f3 la decisi\u00f3n de mantener relaciones con el gobierno \u201cdemocr\u00e1ticamente electo\u201d de Maduro.\u00a0 El conflicto venezolano pone a prueba la pol\u00edtica exterior mexicana, ahora en el marco de la 4\u00aa Transformaci\u00f3n. Ante el reconocimiento de Guaid\u00f3, por Estados Unidos, Brasil y Argentina, ponen a prueba a la canciller\u00eda mexicana. Por ello, el canciller Marcelo Ebrard, a nombre de AMLO, seguramente se amparar\u00e1 en la \u201cDoctrina Estrada\u201d, que da forma al ideal central de la pol\u00edtica exterior mexicana, que defiende la libre autodeterminaci\u00f3n de los pueblos.<\/p>\n<p>Sin embargo, Maduro aferrado al poder a sangre y fuego. Ayer murieron varios venezolanos y Guaid\u00f3, se mantiene en resguardo en Caracas. El aspirante presidencial que seguramente participar\u00e1 en las pr\u00f3ximas elecciones, en caso que caiga Maduro, ser\u00e1 Leopoldo L\u00f3pez quien ha pasado gran parte de su vida en los \u00faltimos a\u00f1os, en la c\u00e1rcel perseguido por el r\u00e9gimen actual.<\/p>\n<p>Guaid\u00f3 tom\u00f3 el control del pa\u00eds, basado en el art\u00edculo 232 de la Constituci\u00f3n Venezolana, la destituci\u00f3n de Maduro.\u00a0 Es legal, seg\u00fan los abogados venezolanos. El no puede ejercer ese rol pol\u00edtico sin el apoyo pol\u00edtico del pueblo y las fuerzas armadas. Las manifestaciones p\u00fablicas son multitudinarias y los opositores tienen el apoyo de pa\u00edses y organismos internacionales de derechos humanos.<\/p>\n<p>Los venezolanos ya no soportan la inflaci\u00f3n de m\u00e1s de un mill\u00f3n por ciento; el desabasto de alimentos y medicinas, as\u00ed como los altos costos de todo. La moneda de curso com\u00fan es el d\u00f3lar, en un fortalecido mercado negro fortalecido.<\/p>\n<p>Hoy jueves, el Ej\u00e9rcito dar\u00e1 a conocer su posici\u00f3n en Caracas, sobre esta crisis. Se sabe, de acuerdo a analistas venezolanos consultados por este reportero, que las opiniones entre las fuerzas castrenses son contradictorias, pero dif\u00edcilmente abandonar\u00eda su zona de confort con Maduro. Momentos de decisiones y M\u00e9xico espera lo que ocurra en los pr\u00f3ximos d\u00edas.<\/p>\n<p><strong>PODEROSOS CABALLEROS<\/strong>: En su comparecencia ante la Comisi\u00f3n Permanente del Congreso, el presidente de la Comisi\u00f3n Nacional de Derechos Humanos, Ra\u00fal Gonz\u00e1lez P\u00e9rez, dijo algo que es fundamental para el an\u00e1lisis de los derechos fundamentales de los mexicanos. Si la CNDH cuestiona y logra la salida de delincuentes, no se debe a una defensa a ultranza a los delincuentes, sino a las fallas graves en que incurren polic\u00edas y ministerios p\u00fablicos en la elaboraci\u00f3n de las denuncias. Urge una polic\u00eda entrenada y que utilice m\u00e9todos cient\u00edficos. No la fuerza bruta.<\/p>\n<p><strong>RESPONSABILIDAD SOCIAL CORPORATIVA<\/strong>: La fintech PagoF\u00e1cil anunci\u00f3 un crecimiento de m\u00e1s de 120 por ciento para el 2018 en comparaci\u00f3n del 2017, e inici\u00f3 este 2019 con m\u00e1s de 8000 empresas que usan hoy su servicio para aceptar millones de pesos de pagos con tarjeta de cr\u00e9dito o d\u00e9bito (Visa, American Express y MasterCARD), entre las que destacan Expo Cerveza, Marcqo, El tren Barrancas del Cobre, Gaia Design, Franquiciatarios de Carls Jr, STK, Expo H\u00e1bitat, Diako ABC, Expo Belleza, Ruedda Bikes, Clubes Deportivos Sportway, Lamundi, Restaurante Los Girasoles, The Melting Pot y Texas Ribs, por mencionar algunas.<\/p>\n<p>Pago F\u00e1cil, filial de GINgroup, que lidera Ra\u00fal Beyruti, procesa pagos con tarjetas de cr\u00e9dito y d\u00e9bito en l\u00ednea y en puntos de venta. Adem\u00e1s, ofrece la plataforma para pagos on line. El sistema de prevenci\u00f3n de fraude de PagoF\u00e1cil es robusto. Cuenta con la m\u00e1s alta certificaci\u00f3n de seguridad en la industria; la PCI Nivel 1, que recibi\u00f3 el a\u00f1o pasado.<\/p>\n<p><em><a href=\"mailto:vsb@poderydinero.mx\" target=\"_blank\" rel=\"noopener\">vsb@poderydinero.mx<\/a><br \/>\n<\/em><em><strong>Twitter:<\/strong><a href=\"https:\/\/twitter.com\/vsanchezbanos\" target=\"_blank\" rel=\"noopener\">@vsanchezbano<br \/>\n<\/a><\/em><em><strong>Facebook:\u00a0<\/strong><a href=\"https:\/\/www.facebook.com\/vsanchezbanos?fref=ts\" target=\"_blank\" rel=\"noopener\">vsanchezbano<\/a><\/em><\/p>\n","protected":false},"excerpt":{"rendered":"<p><span style=\"color: #005497;\"><strong>V\u00edctor S\u00e1nchez Ba\u00f1os<\/strong><\/span><br \/>\n<br \/>\nNicol\u00e1s Maduro, presidente de Venezuela, no pudo contener la presi\u00f3n social, la corrupci\u00f3n y perpetuarse en el poder, as\u00ed como las alucinaciones p\u00fablicas del pol\u00edtico, rompieron el c\u00e1ntaro. El pueblo venezolano acept\u00f3 todo. Un dictador, un ignorante, procesos electorales ama\u00f1ados, abusos, asesinatos, hambre, marginaci\u00f3n, s\u00f3lo mov\u00edan a la gente a algunas manifestaciones p\u00fablicas.<\/p>\n","protected":false},"author":3,"featured_media":412262,"comment_status":"open","ping_status":"open","sticky":false,"template":"","format":"standard","meta":{"_monsterinsights_skip_tracking":false,"_monsterinsights_sitenote_active":false,"_monsterinsights_sitenote_note":"","_monsterinsights_sitenote_category":0,"footnotes":""},"categories":[38844],"tags":[43674,38847,38848],"class_list":["post-412203","post","type-post","status-publish","format-standard","has-post-thumbnail","hentry","category-victor-sanchez-banos","tag-opinion","tag-poder-y-dinero","tag-victor-sanchez-banos"],"_links":{"self":[{"href":"https:\/\/www.diarioimagen.net\/index.php?rest_route=\/wp\/v2\/posts\/412203","targetHints":{"allow":["GET"]}}],"collection":[{"href":"https:\/\/www.diarioimagen.net\/index.php?rest_route=\/wp\/v2\/posts"}],"about":[{"href":"https:\/\/www.diarioimagen.net\/index.php?rest_route=\/wp\/v2\/types\/post"}],"author":[{"embeddable":true,"href":"https:\/\/www.diarioimagen.net\/index.php?rest_route=\/wp\/v2\/users\/3"}],"replies":[{"embeddable":true,"href":"https:\/\/www.diarioimagen.net\/index.php?rest_route=%2Fwp%2Fv2%2Fcomments&post=412203"}],"version-history":[{"count":0,"href":"https:\/\/www.diarioimagen.net\/index.php?rest_route=\/wp\/v2\/posts\/412203\/revisions"}],"wp:featuredmedia":[{"embeddable":true,"href":"https:\/\/www.diarioimagen.net\/index.php?rest_route=\/wp\/v2\/media\/412262"}],"wp:attachment":[{"href":"https:\/\/www.diarioimagen.net\/index.php?rest_route=%2Fwp%2Fv2%2Fmedia&parent=412203"}],"wp:term":[{"taxonomy":"category","embeddable":true,"href":"https:\/\/www.diarioimagen.net\/index.php?rest_route=%2Fwp%2Fv2%2Fcategories&post=412203"},{"taxonomy":"post_tag","embeddable":true,"href":"https:\/\/www.diarioimagen.net\/index.php?rest_route=%2Fwp%2Fv2%2Ftags&post=412203"}],"curies":[{"name":"wp","href":"https:\/\/api.w.org\/{rel}","templated":true}]}}