{"id":412207,"date":"2019-01-24T00:10:58","date_gmt":"2019-01-24T06:10:58","guid":{"rendered":"https:\/\/www.diarioimagen.net\/?p=412207"},"modified":"2019-01-25T00:45:54","modified_gmt":"2019-01-25T06:45:54","slug":"la-publicidad-no-es-un-favor-los-medios-de-comunicacion-son-de-interes-social-amlo","status":"publish","type":"post","link":"https:\/\/www.diarioimagen.net\/?p=412207","title":{"rendered":"La publicidad no es un favor; los medios de comunicaci\u00f3n son de inter\u00e9s social: AMLO"},"content":{"rendered":"<h2>Tras la puerta del poder<\/h2>\n<h5>Roberto Vizca\u00edno<\/h5>\n<p>&nbsp;<\/p>\n<div id=\"attachment_412260\" style=\"width: 470px\" class=\"wp-caption aligncenter\"><a href=\"https:\/\/www.diarioimagen.net\/?attachment_id=412260\" rel=\"attachment wp-att-412260\"><img loading=\"lazy\" decoding=\"async\" aria-describedby=\"caption-attachment-412260\" class=\"size-large wp-image-412260\" src=\"https:\/\/www.diarioimagen.net\/wp-content\/uploads\/2019\/01\/triste-realidad-LUIS-XAVIER-460x340.jpg\" alt=\"\" width=\"460\" height=\"340\" srcset=\"https:\/\/www.diarioimagen.net\/wp-content\/uploads\/2019\/01\/triste-realidad-LUIS-XAVIER-460x340.jpg 460w, https:\/\/www.diarioimagen.net\/wp-content\/uploads\/2019\/01\/triste-realidad-LUIS-XAVIER-240x177.jpg 240w, https:\/\/www.diarioimagen.net\/wp-content\/uploads\/2019\/01\/triste-realidad-LUIS-XAVIER-768x568.jpg 768w, https:\/\/www.diarioimagen.net\/wp-content\/uploads\/2019\/01\/triste-realidad-LUIS-XAVIER.jpg 1200w\" sizes=\"auto, (max-width: 460px) 100vw, 460px\" \/><\/a><p id=\"caption-attachment-412260\" class=\"wp-caption-text\">Triste realidad&#8230; | Luis Xavier<\/p><\/div>\n<p>&nbsp;<\/p>\n<p>Luego de crear incertidumbre en el medio period\u00edstico durante meses al afirmar que desaparecer\u00eda las oficinas de prensa del Gobierno Federal y de que reducir\u00eda en un 50% el gasto publicitario, <strong>Andr\u00e9s Manuel L\u00f3pez Obrador<\/strong> aclar\u00f3 ayer que los diputados le aprobaron 4,200 millones para este rubro los cuales se aplicar\u00e1n con absoluta transparencia.<\/p>\n<p>A pesar de que \u00e9l afirma que esta cantidad es la mitad de lo ejercido en medios por el gobierno anterior, la verdad es que lo que le autorizaron es quiz\u00e1 un 30% mayor que lo aplicado por <strong>Enrique Pe\u00f1a Nieto<\/strong>, quien, seg\u00fan el Presupuesto anterior, s\u00f3lo recibi\u00f3 unos 3 mil 500 millones de pesos para este gasto.<\/p>\n<p>\u201cEse dinero se va a utilizar para la publicidad del gobierno y se va a transparentar para que todos sepan c\u00f3mo se est\u00e1 distribuyendo ese recurso, con qu\u00e9 criterios\u201d, indic\u00f3.<\/p>\n<p>Y aclar\u00f3 que, para \u00e9l, el pago de publicidad \u201cno es un favor a los medios\u201d, ya que estos tienen una funci\u00f3n social y son entidades de inter\u00e9s p\u00fablico.<\/p>\n<p>\u201cLo que est\u00e1 mal es la corrupci\u00f3n, emplear mal el presupuesto, que se use de manera tendenciosa, que se d\u00e9 el presupuesto a quienes hablan bien del gobierno y no entregar apoyos a los opositores; eso es lo que est\u00e1 mal\u201d, afirm\u00f3.<\/p>\n<p>Ayer, en su conferencia madrugadora, <strong>L\u00f3pez Obrador<\/strong> finalmente present\u00f3 sus propuestas a encabezar los siguientes medios del Estado: <strong>Armando Casas<\/strong> en Canal 22; <strong>Gabriel Sosa Platas<\/strong> en Radio Educaci\u00f3n; <strong>Aleida Calleja<\/strong> en el Instituto Mexicano de la Radio-IMER; <strong>Lidia Camacho <\/strong>en la Direcci\u00f3n General de Televisi\u00f3n Educativa; <strong>Sanjuana Mart\u00ednez <\/strong>en Notimex; <strong>Rodolfo Gonz\u00e1lez,<\/strong> en RTC; <strong>Jos\u00e9 Antonio \u00c1lvarez Lima<\/strong> en Canal 11 y <strong>Fernando Coca <\/strong>en Canal 14.<\/p>\n<p>Para ocupar la titularidad del Sistema de Radio y Televisi\u00f3n el Presidente propondr\u00e1 a <strong>Genaro Villamil <\/strong>ante el Senado.<\/p>\n<p>Previo a todos estos anuncios, trascendi\u00f3 que el lunes anterior en Palacio Nacional se realiz\u00f3 un encuentro con todos los coordinadores de Comunicaci\u00f3n Social del Gobierno Federal, donde se les inform\u00f3 que la estrategia de Comunicaci\u00f3n de la 4ta Transformaci\u00f3n se aplicar\u00e1 esencialmente a trav\u00e9s de los medios digitales y de las redes sociales.<\/p>\n<p>Los medios tradicionales \u2013diarios, radio y TV- ya no ser\u00e1n la prioridad en esta estrategia debido a la p\u00e9rdida masiva de audiencias.<\/p>\n<p>S\u00f3lo falta definir los mecanismos para comenzar a hacer fluir campa\u00f1as, anuncios y mensajes gubernamentales.<\/p>\n<p style=\"text-align: center;\"><strong>Se desecha el extraordinario<\/strong><\/p>\n<p><strong>Ricardo Monreal<\/strong>, presidente de la Junta de Coordinaci\u00f3n Pol\u00edtica del Senado y coordinador de la fracci\u00f3n de Morena, anunci\u00f3 ayer que<strong> retir\u00f3 su propuesta para realizar un periodo extraordinario<\/strong> en que se buscar\u00eda aprobar la reforma que crea la Guardia Nacional.<\/p>\n<p>Con ello se evita, dijo, una confrontaci\u00f3n con la oposici\u00f3n representada por PRI, PAN, PRD, MC y PVEM, quienes pidieron posponer este debate al per\u00edodo ordinario que inicia el 1 de febrero y concluye a fines de abril.<\/p>\n<p>Previamente, inform\u00f3, un grupo plural de legisladores revisar\u00e1 la minuta sobre la Guardia Nacional para definir posibles cambios y se conversar\u00e1 con los titulares de la Defensa, Marina, Seguridad P\u00fablica y con el Fiscal General, para que presenten sus puntos de vista y respondan algunas interrogantes. Una vez aprobado se regresar\u00e1 a la C\u00e1mara de Diputados para su conclusi\u00f3n.<\/p>\n<p style=\"text-align: center;\"><strong>Precisiones en la agenda<\/strong><\/p>\n<p>Monreal \u00c1vila aprovech\u00f3 y puntualiz\u00f3 que la Agenda Legislativa del pr\u00f3ximo Periodo Ordinario se integrar\u00e1 de la reforma sobre la \u00a0Guardia Nacional; la Ley de Confianza Ciudadana; modificaciones al C\u00f3digo Nacional de Procedimientos Penales, relativo a la flagrancia en la comisi\u00f3n de delitos; adecuaciones al C\u00f3digo Penal Federal, en materia de encubrimiento; reformas al C\u00f3digo Nacional de Procedimientos Penales, en materia de Ley Federal de Armas de Fuego y Explosivos; la Ley Federal para Prevenir y Sancionar los delitos cometidos en materia de hidrocarburos.<\/p>\n<p>Adem\u00e1s, la Ley General en materia de Delitos Electorales y la reducci\u00f3n de prerrogativas a los partidos pol\u00edticos; el C\u00f3digo Agrario; la nueva Ley Agraria; reformas a la Ley del ISSSTE; la reducci\u00f3n de las comisiones bancarias; el uso recreativo y despenalizaci\u00f3n sobre el uso de la mariguana; la regulaci\u00f3n del call-center, que son oficinas donde se brinda atenci\u00f3n al p\u00fablico a trav\u00e9s del servicio telef\u00f3nico; as\u00ed como el combate a empresas fantasma.<\/p>\n<p>Tan-tan<\/p>\n<p style=\"text-align: center;\"><strong>Alarma renuncia sorpresiva<\/strong><\/p>\n<p>En forma por dem\u00e1s sorpresiva, la presidenta del Tribunal Electoral del Poder Judicial de la Federaci\u00f3n,<strong> Janine M. Ot\u00e1lora Malassis,<\/strong> present\u00f3 ayer su renuncia al cargo.<\/p>\n<p>V\u00eda su cuenta en Twitter, explic\u00f3 que \u201cla reciente crisis en la que se ha visto inmersa la Sala Superior del Tribunal se inscribe en la tensi\u00f3n a la que este \u00f3rgano se ve sometido al resolver conflictos pol\u00edticos entre los diversos actores. Esta crisis fue resuelta en su momento por el propio pleno\u201d.<\/p>\n<p>La crisis referida se inici\u00f3 luego de que su voto ratific\u00f3 a Martha Erika Alonso como gobernadora de Puebla:<\/p>\n<p>&#8211;\u00a0\u00a0\u00a0\u00a0\u00a0\u00a0 \u201cPor ello asumiendo mi responsabilidad de juez constitucional, en aras de facilitar la transici\u00f3n en el tribunal, he tomado la decisi\u00f3n personal, \u00e9tica y pol\u00edtica de presentar mi renuncia al cargo de presidenta del Tribunal Electoral\u201d.<\/p>\n<p>Coment\u00f3: \u201csabemos que hoy, la vida institucional de M\u00e9xico vive una nueva \u00e9poca y el Tribunal Electoral como \u00f3rgano del Poder Judicial de la Federaci\u00f3n debe saber adaptarse a los cambios\u201d.<\/p>\n<p>La magistrada continuar\u00e1 como un miembro m\u00e1s del Tribunal.<\/p>\n<p>En su renuncia enumera los alcances de su gesti\u00f3n de dos a\u00f1os y subraya que, \u201ccada uno de mis votos ha sido argumentado y fundado exclusivamente en las pruebas y en el derecho\u201d.<\/p>\n<p>Varios legisladores y dirigentes pol\u00edticos de la oposici\u00f3n consideraron lamentable y muy preocupante esta renuncia.<\/p>\n<p>Es un indicio m\u00e1s de que podr\u00edamos estar transitando a un r\u00e9gimen autoritario que no respeta instituciones esenciales de la democracia, se\u00f1alaron varios.<\/p>\n<p style=\"text-align: center;\"><strong>No se descarta nada<\/strong><\/p>\n<p>El secretario de Comunicaciones y Transportes, ingeniero Javier Jim\u00e9nez Espri\u00fa, lanz\u00f3 ayer de nuevo la moneda de la duda al aire.<\/p>\n<p>En la investigaci\u00f3n de la ca\u00edda del helic\u00f3ptero donde murieron la gobernadora de Puebla y su marido, <strong>Martha Erika Alonso<\/strong> y el senador <strong>Rafael Moreno Valle,<\/strong> dijo, <strong>no se descarta ninguna hip\u00f3tesis.<\/strong><\/p>\n<p>Y abri\u00f3 una enorme interrogante al se\u00f1alar que:<\/p>\n<p>\u00abTodo pudo haber ocurrido; no queremos especular\u201d, pero, explic\u00f3, la aeronave cay\u00f3 en forma inusual, en posici\u00f3n invertida a 60 grados, de acuerdo con el cr\u00e1ter que dej\u00f3 tras su impacto.<\/p>\n<p>En buen espa\u00f1ol eso significa que casi dio un giro y entro de cabeza al piso, como si hubiera tropezado con algo. Una posici\u00f3n que nunca ocurre en un helic\u00f3ptero, naves que suelen desplomarse.<\/p>\n<p>En conferencia reiter\u00f3 lo ya sabido: que esa nave no cuenta con caja negra y que por lo tanto s\u00f3lo queda la deducci\u00f3n que hagan los expertos.<\/p>\n<p>En fin, si no se descarta nada, entonces incluso podr\u00eda haber sido provocado. As\u00ed de cruda la conclusi\u00f3n.<\/p>\n<p><em><a href=\"http:\/\/www.endirecto.com.mx\/\" target=\"_blank\" rel=\"noopener\">www.endirecto.com.mx<\/a><\/em><br \/>\n<em><a href=\"https:\/\/twitter.com\/_rvizcaino\" target=\"_blank\" rel=\"noopener\">@_RVizcaino<\/a><\/em><br \/>\n<a href=\"https:\/\/www.facebook.com\/rvizcainoa\" target=\"_blank\" rel=\"noopener\">f<em>acebook.com\/rvizcainoa<\/em><\/a><\/p>\n","protected":false},"excerpt":{"rendered":"<p><span style=\"color: #005497;\"><strong>Roberto Vizca\u00edno<\/strong><\/span><br \/>\n<br \/>\nLuego de crear incertidumbre en el medio period\u00edstico durante meses al afirmar que desaparecer\u00eda las oficinas de prensa del Gobierno Federal y de que reducir\u00eda en un 50% el gasto publicitario, <strong>Andr\u00e9s Manuel L\u00f3pez Obrador<\/strong> aclar\u00f3 ayer que los diputados le aprobaron 4,200 millones para este rubro los cuales se aplicar\u00e1n con absoluta transparencia.<\/p>\n","protected":false},"author":3,"featured_media":412260,"comment_status":"open","ping_status":"open","sticky":false,"template":"","format":"standard","meta":{"_monsterinsights_skip_tracking":false,"_monsterinsights_sitenote_active":false,"_monsterinsights_sitenote_note":"","_monsterinsights_sitenote_category":0,"footnotes":""},"categories":[136],"tags":[43674,93,94],"class_list":["post-412207","post","type-post","status-publish","format-standard","has-post-thumbnail","hentry","category-roberto-vizcaino-opinion","tag-opinion","tag-roberto-vizcaino","tag-tras-la-puerta-del-poder"],"_links":{"self":[{"href":"https:\/\/www.diarioimagen.net\/index.php?rest_route=\/wp\/v2\/posts\/412207","targetHints":{"allow":["GET"]}}],"collection":[{"href":"https:\/\/www.diarioimagen.net\/index.php?rest_route=\/wp\/v2\/posts"}],"about":[{"href":"https:\/\/www.diarioimagen.net\/index.php?rest_route=\/wp\/v2\/types\/post"}],"author":[{"embeddable":true,"href":"https:\/\/www.diarioimagen.net\/index.php?rest_route=\/wp\/v2\/users\/3"}],"replies":[{"embeddable":true,"href":"https:\/\/www.diarioimagen.net\/index.php?rest_route=%2Fwp%2Fv2%2Fcomments&post=412207"}],"version-history":[{"count":0,"href":"https:\/\/www.diarioimagen.net\/index.php?rest_route=\/wp\/v2\/posts\/412207\/revisions"}],"wp:featuredmedia":[{"embeddable":true,"href":"https:\/\/www.diarioimagen.net\/index.php?rest_route=\/wp\/v2\/media\/412260"}],"wp:attachment":[{"href":"https:\/\/www.diarioimagen.net\/index.php?rest_route=%2Fwp%2Fv2%2Fmedia&parent=412207"}],"wp:term":[{"taxonomy":"category","embeddable":true,"href":"https:\/\/www.diarioimagen.net\/index.php?rest_route=%2Fwp%2Fv2%2Fcategories&post=412207"},{"taxonomy":"post_tag","embeddable":true,"href":"https:\/\/www.diarioimagen.net\/index.php?rest_route=%2Fwp%2Fv2%2Ftags&post=412207"}],"curies":[{"name":"wp","href":"https:\/\/api.w.org\/{rel}","templated":true}]}}