{"id":412269,"date":"2019-01-25T00:10:34","date_gmt":"2019-01-25T06:10:34","guid":{"rendered":"https:\/\/www.diarioimagen.net\/?p=412269"},"modified":"2019-01-24T23:57:41","modified_gmt":"2019-01-25T05:57:41","slug":"presentan-en-edomex-plan-de-actividades-2019-para-erradicar-trabajo-infantil","status":"publish","type":"post","link":"https:\/\/www.diarioimagen.net\/?p=412269","title":{"rendered":"Presentan plan de actividades para erradicar trabajo infantil"},"content":{"rendered":"<ul>\n<li><strong><em>Coordinaci\u00f3n estado y municipios<\/em><\/strong><\/li>\n<\/ul>\n<p>&nbsp;<\/p>\n<div id=\"attachment_412270\" style=\"width: 470px\" class=\"wp-caption aligncenter\"><img loading=\"lazy\" decoding=\"async\" aria-describedby=\"caption-attachment-412270\" class=\"wp-image-412270 size-large\" src=\"https:\/\/www.diarioimagen.net\/wp-content\/uploads\/2019\/01\/TRABAJO25-PORTAL-460x268.jpg\" alt=\"\" width=\"460\" height=\"268\" srcset=\"https:\/\/www.diarioimagen.net\/wp-content\/uploads\/2019\/01\/TRABAJO25-PORTAL-460x268.jpg 460w, https:\/\/www.diarioimagen.net\/wp-content\/uploads\/2019\/01\/TRABAJO25-PORTAL-240x140.jpg 240w, https:\/\/www.diarioimagen.net\/wp-content\/uploads\/2019\/01\/TRABAJO25-PORTAL.jpg 480w\" sizes=\"auto, (max-width: 460px) 100vw, 460px\" \/><p id=\"caption-attachment-412270\" class=\"wp-caption-text\">Rinde protesta la Comisi\u00f3n Interinstitucional para la Erradicaci\u00f3n del Trabajo Infantil del municipio de Lerma.<\/p><\/div>\n<p>&nbsp;<\/p>\n<p><strong>Lerma, Estado de M\u00e9xico<\/strong>.- Durante la D\u00e9cima Octava Sesi\u00f3n de la Comisi\u00f3n Interinstitucional para la Erradicaci\u00f3n del Trabajo Infantil, encabezada por el director general de Pol\u00edtica e Inclusi\u00f3n Laboral, Rom\u00e1n Ortega Gonz\u00e1lez, y el presidente municipal de Lerma, Jaime Cervantes S\u00e1nchez, se present\u00f3 el programa de actividades para este a\u00f1o, que tiene como objetivo implementar acciones para disminuir la tasa de ocupaci\u00f3n de ni\u00f1as, ni\u00f1os y adolescentes en el Estado de M\u00e9xico.<\/p>\n<p>En el encuentro, Ortega Gonz\u00e1lez dio a conocer que el programa de este a\u00f1o tiene como prop\u00f3sito coordinar, de manera interinstitucional e integral, los esfuerzos que realizan las dependencias que conforman el gobierno estatal y los 125 ayuntamientos, en beneficio de este sector de la poblaci\u00f3n.<\/p>\n<p>Luego de tomar protesta a la Comisi\u00f3n Municipal para la Erradicaci\u00f3n del Trabajo Infantil de Lerma, expres\u00f3 que su trabajo ser\u00e1 fundamental para proteger a las ni\u00f1as, ni\u00f1os y adolescentes, garantizando el ejercicio pleno de sus derechos humanos.<\/p>\n<p>El documento est\u00e1 dise\u00f1ado para orientar las acciones de las diferentes dependencias que conforman la administraci\u00f3n p\u00fablica estatal y los 125 gobiernos municipales, a partir de la definici\u00f3n de objetivos, estrategias, l\u00edneas de acci\u00f3n, indicadores y metas, encaminadas a la prevenci\u00f3n de las causas que detonan el trabajo infantil y las consecuencias negativas que \u00e9ste produce en el desarrollo integral de los menores de edad.<\/p>\n<p>Por su parte, el alcalde de Lerma, Jaime Cervantes S\u00e1nchez, destac\u00f3 que en 2017 recibieron por parte del gobierno federal el premio M\u00e9xico sin Trabajo Infantil, derivado de los programas, acciones y pr\u00e1cticas laborales implementadas por el DIF municipal, que contribuyen a la prevenci\u00f3n y erradicaci\u00f3n de esta actividad.<\/p>\n<p>Indic\u00f3 que durante este trienio se trabajar\u00e1 para erradicar la pobreza en el municipio, en beneficio de las ni\u00f1as, ni\u00f1os y adolescentes de Lerma.<\/p>\n<p>\u201cHagamos realidad los derechos de nuestros ni\u00f1os, que jueguen, estudien, aprendan y convivan en familia, es decir, que disfruten de su infancia y que su desarrollo sea pleno e \u00edntegro\u201d.<\/p>\n<p>Finalmente, agreg\u00f3 que desde el Comit\u00e9 Municipal para la Erradicaci\u00f3n del Trabajo Infantil trabajar\u00e1n para generar mayor bienestar para las familias y, principalmente, para los menores de Lerma.<\/p>\n","protected":false},"excerpt":{"rendered":"<p>Durante la D\u00e9cima Octava Sesi\u00f3n de la Comisi\u00f3n Interinstitucional para la Erradicaci\u00f3n del Trabajo Infantil, encabezada por el director general de Pol\u00edtica e Inclusi\u00f3n Laboral, Rom\u00e1n Ortega Gonz\u00e1lez, y el presidente municipal de Lerma, Jaime Cervantes S\u00e1nchez, se present\u00f3 el programa de actividades para este a\u00f1o, que tiene como objetivo implementar acciones para disminuir la tasa de ocupaci\u00f3n de ni\u00f1as, ni\u00f1os y adolescentes en el Estado de M\u00e9xico.<\/p>\n","protected":false},"author":5,"featured_media":412270,"comment_status":"open","ping_status":"open","sticky":false,"template":"","format":"standard","meta":{"_monsterinsights_skip_tracking":false,"_monsterinsights_sitenote_active":false,"_monsterinsights_sitenote_note":"","_monsterinsights_sitenote_category":0,"footnotes":""},"categories":[5],"tags":[43675,1050],"class_list":["post-412269","post","type-post","status-publish","format-standard","has-post-thumbnail","hentry","category-estado-de-mexico","tag-estado-de-mexico","tag-lerma"],"_links":{"self":[{"href":"https:\/\/www.diarioimagen.net\/index.php?rest_route=\/wp\/v2\/posts\/412269","targetHints":{"allow":["GET"]}}],"collection":[{"href":"https:\/\/www.diarioimagen.net\/index.php?rest_route=\/wp\/v2\/posts"}],"about":[{"href":"https:\/\/www.diarioimagen.net\/index.php?rest_route=\/wp\/v2\/types\/post"}],"author":[{"embeddable":true,"href":"https:\/\/www.diarioimagen.net\/index.php?rest_route=\/wp\/v2\/users\/5"}],"replies":[{"embeddable":true,"href":"https:\/\/www.diarioimagen.net\/index.php?rest_route=%2Fwp%2Fv2%2Fcomments&post=412269"}],"version-history":[{"count":0,"href":"https:\/\/www.diarioimagen.net\/index.php?rest_route=\/wp\/v2\/posts\/412269\/revisions"}],"wp:featuredmedia":[{"embeddable":true,"href":"https:\/\/www.diarioimagen.net\/index.php?rest_route=\/wp\/v2\/media\/412270"}],"wp:attachment":[{"href":"https:\/\/www.diarioimagen.net\/index.php?rest_route=%2Fwp%2Fv2%2Fmedia&parent=412269"}],"wp:term":[{"taxonomy":"category","embeddable":true,"href":"https:\/\/www.diarioimagen.net\/index.php?rest_route=%2Fwp%2Fv2%2Fcategories&post=412269"},{"taxonomy":"post_tag","embeddable":true,"href":"https:\/\/www.diarioimagen.net\/index.php?rest_route=%2Fwp%2Fv2%2Ftags&post=412269"}],"curies":[{"name":"wp","href":"https:\/\/api.w.org\/{rel}","templated":true}]}}