{"id":412273,"date":"2019-01-25T00:04:13","date_gmt":"2019-01-25T06:04:13","guid":{"rendered":"https:\/\/www.diarioimagen.net\/?p=412273"},"modified":"2019-01-25T03:10:20","modified_gmt":"2019-01-25T09:10:20","slug":"realiza-sedagro-primera-entrega-regional-del-seguro-agricola-catastrofico","status":"publish","type":"post","link":"https:\/\/www.diarioimagen.net\/?p=412273","title":{"rendered":"Realiza Sedagro primera entrega regional del Seguro Agr\u00edcola Catastr\u00f3fico"},"content":{"rendered":"<ul>\n<li><em><strong>Beneficia a m\u00e1s de mil peque\u00f1os productores mexiquenses<\/strong><\/em><\/li>\n<\/ul>\n<p>&nbsp;<\/p>\n<div id=\"attachment_412274\" style=\"width: 460px\" class=\"wp-caption aligncenter\"><img loading=\"lazy\" decoding=\"async\" aria-describedby=\"caption-attachment-412274\" class=\"size-large wp-image-412274\" src=\"https:\/\/www.diarioimagen.net\/wp-content\/uploads\/2019\/01\/SEGURO24-POORTAL-450x460.jpg\" alt=\"\" width=\"450\" height=\"460\" srcset=\"https:\/\/www.diarioimagen.net\/wp-content\/uploads\/2019\/01\/SEGURO24-POORTAL-450x460.jpg 450w, https:\/\/www.diarioimagen.net\/wp-content\/uploads\/2019\/01\/SEGURO24-POORTAL-235x240.jpg 235w, https:\/\/www.diarioimagen.net\/wp-content\/uploads\/2019\/01\/SEGURO24-POORTAL-50x50.jpg 50w, https:\/\/www.diarioimagen.net\/wp-content\/uploads\/2019\/01\/SEGURO24-POORTAL.jpg 700w\" sizes=\"auto, (max-width: 450px) 100vw, 450px\" \/><p id=\"caption-attachment-412274\" class=\"wp-caption-text\">Sedagro puso en marcha el Programa Seguro Agr\u00edcola Catastr\u00f3fico con el que indemnizar\u00e1 a un total de 10 mil 500 campesinos mexiquenses.<\/p><\/div>\n<p>&nbsp;<\/p>\n<p><strong>Atlacomulco, Estado de M\u00e9xico<\/strong>.- Para atenuar las afectaciones que los fen\u00f3menos meteorol\u00f3gicos extremos provocan en las cosechas de los peque\u00f1os productores del Estado de M\u00e9xico, el Gobierno de Alfredo Del Mazo Maza, a trav\u00e9s de la Secretar\u00eda de Desarrollo Agropecuario (Sedagro), puso en marcha el Programa Seguro Agr\u00edcola Catastr\u00f3fico con el que indemnizar\u00e1 a un total de 10 mil 500 campesinos mexiquenses que sufrieron la p\u00e9rdida de sus cosechas o parte de ellas durante el 2018.<\/p>\n<p>Como parte de este trabajo y por instrucciones del Gobernador mexiquense, el titular de la Sedagro, Dar\u00edo Zacar\u00edas Capuchino, realiz\u00f3 la primera entrega regional de indemnizaciones a un total de mil 140 productores de la regi\u00f3n norte del Estado de M\u00e9xico, cuya inversi\u00f3n en esta edici\u00f3n fue de un total de 2 millones 653 mil 200 pesos.<\/p>\n<p>En el evento, que se llev\u00f3 a cabo en el municipio de Atlacomulco, el funcionario estatal dijo que el objetivo de la implementaci\u00f3n de este Seguro Agr\u00edcola Catastr\u00f3fico es el de indemnizar a los peque\u00f1os productores de la entidad que fueron afectados por la inclemencias climatol\u00f3gicas suscitadas en 2018.<\/p>\n<p>\u201cA muchos de ustedes se les echaron a perder sus cosechas, por heladas, mucha agua, o por sequ\u00eda; de una u otra manera, las inclemencias climatol\u00f3gicas afectaron a nuestros hermanos campesinos. Aqu\u00ed es cuando el Gobierno de Alfredo Del Mazo, a trav\u00e9s de la Sedagro, le tiende la mano a las mujeres y los hombres del campo para que con este recurso puedan recuperar algo de lo que han perdido\u201d, dijo.<\/p>\n<p>Ante m\u00e1s de mil campesinos originarios de los municipios de Acambay, Atlacomulco, El Oro, Ixtlahuaca, Jocotitl\u00e1n, San Felipe del Progreso, San Jos\u00e9 del Rinc\u00f3n y Temascalcingo, Zacar\u00edas Capuchino refrend\u00f3 el compromiso del Gobernador para seguir brindando el apoyo a los productores del campo.<\/p>\n<p>En esta oportunidad, Dar\u00edo Zacar\u00edas comprometi\u00f3 herramienta, maquinaria, implementos agr\u00edcolas, semillas, fertilizantes y poner al servicio de los hombres y las mujeres del campo todos los recursos de la Sedagro.<\/p>\n","protected":false},"excerpt":{"rendered":"<p>Para atenuar las afectaciones que los fen\u00f3menos meteorol\u00f3gicos extremos provocan en las cosechas de los peque\u00f1os productores del Estado de M\u00e9xico, el Gobierno de Alfredo Del Mazo Maza, a trav\u00e9s de la Secretar\u00eda de Desarrollo Agropecuario (Sedagro), puso en marcha el Programa Seguro Agr\u00edcola Catastr\u00f3fico con el que indemnizar\u00e1 a un total de 10 mil 500 campesinos mexiquenses que sufrieron la p\u00e9rdida de sus cosechas o parte de ellas durante el 2018.<\/p>\n","protected":false},"author":5,"featured_media":412275,"comment_status":"open","ping_status":"open","sticky":false,"template":"","format":"standard","meta":{"_monsterinsights_skip_tracking":false,"_monsterinsights_sitenote_active":false,"_monsterinsights_sitenote_note":"","_monsterinsights_sitenote_category":0,"footnotes":""},"categories":[35155],"tags":[2505,81871],"class_list":["post-412273","post","type-post","status-publish","format-standard","has-post-thumbnail","hentry","category-estado-de-mexico-estado-de-mexico","tag-alfredo-del-mazo-maza","tag-seguro-agricola-catastrofico"],"_links":{"self":[{"href":"https:\/\/www.diarioimagen.net\/index.php?rest_route=\/wp\/v2\/posts\/412273","targetHints":{"allow":["GET"]}}],"collection":[{"href":"https:\/\/www.diarioimagen.net\/index.php?rest_route=\/wp\/v2\/posts"}],"about":[{"href":"https:\/\/www.diarioimagen.net\/index.php?rest_route=\/wp\/v2\/types\/post"}],"author":[{"embeddable":true,"href":"https:\/\/www.diarioimagen.net\/index.php?rest_route=\/wp\/v2\/users\/5"}],"replies":[{"embeddable":true,"href":"https:\/\/www.diarioimagen.net\/index.php?rest_route=%2Fwp%2Fv2%2Fcomments&post=412273"}],"version-history":[{"count":0,"href":"https:\/\/www.diarioimagen.net\/index.php?rest_route=\/wp\/v2\/posts\/412273\/revisions"}],"wp:featuredmedia":[{"embeddable":true,"href":"https:\/\/www.diarioimagen.net\/index.php?rest_route=\/wp\/v2\/media\/412275"}],"wp:attachment":[{"href":"https:\/\/www.diarioimagen.net\/index.php?rest_route=%2Fwp%2Fv2%2Fmedia&parent=412273"}],"wp:term":[{"taxonomy":"category","embeddable":true,"href":"https:\/\/www.diarioimagen.net\/index.php?rest_route=%2Fwp%2Fv2%2Fcategories&post=412273"},{"taxonomy":"post_tag","embeddable":true,"href":"https:\/\/www.diarioimagen.net\/index.php?rest_route=%2Fwp%2Fv2%2Ftags&post=412273"}],"curies":[{"name":"wp","href":"https:\/\/api.w.org\/{rel}","templated":true}]}}