{"id":412289,"date":"2019-01-25T00:01:14","date_gmt":"2019-01-25T06:01:14","guid":{"rendered":"https:\/\/www.diarioimagen.net\/?p=412289"},"modified":"2019-01-25T01:01:54","modified_gmt":"2019-01-25T07:01:54","slug":"firman-convenio-para-promocionar-bahias-de-huatulco","status":"publish","type":"post","link":"https:\/\/www.diarioimagen.net\/?p=412289","title":{"rendered":"Firman convenio para promocionar Bah\u00edas de Huatulco"},"content":{"rendered":"<h2>De cinco estrellas<\/h2>\n<h5>Victoria Gonz\u00e1lez Prado<\/h5>\n<p>&nbsp;<\/p>\n<ul>\n<li><em><strong>Giovanne Gonz\u00e1lez Garc\u00eda, alcalde de Bah\u00edas de Huatulco, firm\u00f3 convenio con Conamit, COTAL y AMAV Ciudad de M\u00e9xico para promocionar el destino entre sus organizaciones y empresas afiliadas<\/strong><\/em><\/li>\n<li><em><strong>Anko van der Werff, anunci\u00f3 en el marco de la Fitur 2019, el vuelo directo Ciudad de M\u00e9xico-Barcelona<\/strong><\/em><\/li>\n<li><em><strong>Madrid, colapsada por la huelga de los taxistas y a pesar de ello los profesionales del turismo, agentes de viajes, operadores tur\u00edsticos y prensa del mundo no han interrumpido sus actividades <span class=\"Apple-converted-space\">\u00a0<\/span><\/strong><\/em><\/li>\n<li><em><strong>Pedro S\u00e1nchez, presidente del gobierno de Espa\u00f1a, anunci\u00f3 que pondr\u00e1 a disposici\u00f3n de la OMT espacio en el Palacio de Congresos de Madrid para albergar su sede<\/strong><\/em><\/li>\n<\/ul>\n<div id=\"attachment_412290\" style=\"width: 470px\" class=\"wp-caption aligncenter\"><a href=\"https:\/\/www.diarioimagen.net\/?attachment_id=412290\" rel=\"attachment wp-att-412290\"><img loading=\"lazy\" decoding=\"async\" aria-describedby=\"caption-attachment-412290\" class=\"size-large wp-image-412290\" src=\"https:\/\/www.diarioimagen.net\/wp-content\/uploads\/2019\/01\/turismo-5-460x358.jpg\" alt=\"\" width=\"460\" height=\"358\" srcset=\"https:\/\/www.diarioimagen.net\/wp-content\/uploads\/2019\/01\/turismo-5-460x358.jpg 460w, https:\/\/www.diarioimagen.net\/wp-content\/uploads\/2019\/01\/turismo-5-240x187.jpg 240w, https:\/\/www.diarioimagen.net\/wp-content\/uploads\/2019\/01\/turismo-5.jpg 700w\" sizes=\"auto, (max-width: 460px) 100vw, 460px\" \/><\/a><p id=\"caption-attachment-412290\" class=\"wp-caption-text\">Luego de la firma del convenio para promover Bah\u00edas de Huatulco.<\/p><\/div>\n<p>&nbsp;<\/p>\n<p><b>Madrid, Espa\u00f1a<\/b>.- El alcalde de Bah\u00edas de Huatulco, <b>Giovanne Gonz\u00e1lez Garc\u00eda,<\/b> firm\u00f3 convenio con el Consejo Nacional Mexicano de la Industria Tur\u00edstica (Conamit), organismo que preside <b>Fidel Ovando<\/b>; con el aval y el compromiso de la Confederaci\u00f3n de Organizaciones Tur\u00edsticas de Am\u00e9rica Latina (COTAL), presidida por <b>Guillermo Schneider<\/b> y la Asociaci\u00f3n Mexicana de Agencias de Viajes de la Ciudad de M\u00e9xico, presidida por <b>Juli\u00e1n Arroyo<\/b>; para promocionar el destino entre sus organizaciones y empresas afiliadas en el \u00e1mbito de la Ciudad de M\u00e9xico, de la Rep\u00fablica mexicana y de Am\u00e9rica Latina.<span class=\"Apple-converted-space\">\u00a0<\/span><\/p>\n<p>Huatulco es el primer destino sustentable de M\u00e9xico, certificado por <i>Earth Check<\/i> y el primero tambi\u00e9n con vocaci\u00f3n tur\u00edstica, dirigido hacia el descanso y la relajaci\u00f3n en familia, con especial \u00e9nfasis en el turismo inclusivo, ligado a las personas de la tercera edad y las personas con discapacidad y el mercado de la tercera edad.<\/p>\n<p>Los firmantes se comprometen a estructurar una oferta dirigida hacia estos segmentos, incluyendo programas y paquetes para el mercado de las personas con discapacidad y movilidad reducida, dado que Huatulco ser\u00e1 la sede del Foro Nacional de Turismo Accesible en mayo pr\u00f3ximo, evento previo a la realizaci\u00f3n de la Cumbre Iberoamericana de Turismo Accesible, donde tambi\u00e9n participar\u00e1 como destino invitado.<\/p>\n<p><b>Giovanne Gonz\u00e1lez Garc\u00eda <\/b>asume el compromiso de la mejora en la infraestructura hotelera y de servicios, anunciando adicionalmente que se adaptar\u00e1 una playa para que sea totalmente accesible.<\/p>\n<p>Como testigos de honor, estuvieron presentes: <b>Ver\u00f3nica G\u00f3mez<\/b>, directora para las Am\u00e9ricas de la Organizaci\u00f3n Internacional de Turismo Social, (OITS), y <b>V\u00edctor Cort\u00e9s<\/b>, gerente corporativo de Producto Tur\u00edstico de <i>Mobility ADO. <\/i><span class=\"Apple-converted-space\">\u00a0<\/span><\/p>\n<p>\u2730\u2730\u2730\u2730\u2730 <b>Anko van der Werff<\/b>, vicepresidente ejecutivo comercial Aerom\u00e9xico, anunci\u00f3, en presencia del secretario de Turismo federal, <b>Miguel Torruco Marqu\u00e9s<\/b>, que a partir del pr\u00f3ximo 16 de junio, iniciar\u00e1 la ruta directa de la Ciudad de M\u00e9xico a Barcelona con tres vuelos semanales en aviones <i>Boeing 787-8 Dreamliner.<span class=\"Apple-converted-space\">\u00a0<\/span><\/i><\/p>\n<p>Luego de que el vuelo directo fuera cancelado el a\u00f1o pasado, ayer jueves en el marco de la Feria Internacional de Turismo (Fitur 2019), se dio a conocer la buena nueva que llevar\u00e1 m\u00e1s turistas de M\u00e9xico a Barcelona y viceversa.<\/p>\n<p>Pero esto no fue todo, <b>Anko<\/b>, dijo que durante este a\u00f1o sumar\u00e1 frecuencias a la Ciudad de M\u00e9xico, saliendo de Madrid-Barajas y Par\u00eds-Charles de Gaulle.<span class=\"Apple-converted-space\">\u00a0<\/span><\/p>\n<p>En los vuelos desde Madrid, Aerom\u00e9xico ofrecer\u00e1 hasta 18 vuelos directos semanales, mientras que desde Par\u00eds, habr\u00e1 hasta 11 vuelos semanales, que corresponden a un 22 por ciento de crecimiento.<\/p>\n<p>Barcelona es el quinto destino de la aerol\u00ednea en Europa, lo que, asegur\u00f3 <b>Anko<\/b> \u201cconsolida la presencia de la compa\u00f1\u00eda a\u00e9rea mexicana en ese continente. Adem\u00e1s, con el incremento de oferta, nuestros clientes tendr\u00e1n m\u00e1s opciones para conectar con 43 pa\u00edses en M\u00e9xico y 18 ciudades en Latinoam\u00e9rica\u201d.<\/p>\n<p>El directivo record\u00f3 que \u201cAerom\u00e9xico transport\u00f3 en 2018, cerca de 22 millones de pasajeros en 90 destinos nacionales e internacionales, lo que represent\u00f3 crecimiento de 5,9 por ciento en comparaci\u00f3n con 2017\u201d.<\/p>\n<p>\u2730\u2730\u2730\u2730\u2730 Madrid est\u00e1 literalmente colapsada por la huelga de los taxistas. A pesar de ello los profesionales del turismo, agentes de viajes, operadores tur\u00edsticos y prensa de distintos pa\u00edses del mundo no han interrumpido sus actividades y buscan la mejor forma para llegar a IFEMA.<\/p>\n<p>El metro no ha dejado de estar \u201ca reventar\u201d y los vagones parecen \u201clatas de sardinas\u201d del amontonamiento que se produce en las estaciones cercanas a la Feria de Madrid\u201d, no ha importado la huelga y aunque hay algunas personas \u201cmolestas\u201d al final lo toman con filosof\u00eda.<span class=\"Apple-converted-space\">\u00a0<\/span><\/p>\n<p>\u2730\u2730\u2730\u2730\u2730 <b>Pedro S\u00e1nchez<\/b>, presidente del gobierno de Espa\u00f1a, anunci\u00f3 que pondr\u00e1 a disposici\u00f3n de la Organizaci\u00f3n Mundial del Turismo (OMT), espacio en el Palacio de Congresos de Madrid para albergar su sede, ubicada en Espa\u00f1a desde su creaci\u00f3n en 1976.<span class=\"Apple-converted-space\">\u00a0<\/span><\/p>\n<p>Situado en el Paseo de la Castellana es, a juicio de <b>S\u00e1nchez<\/b>, espacio emblem\u00e1tico, acorde con la relevancia de una organizaci\u00f3n de Naciones Unidas, que se recupera para la ciudad de Madrid, y que supondr\u00e1 un impulso para el turismo de congresos y negocios.<\/p>\n<p>La presencia del Presidente del gobierno ante mandatarios y personalidades del sector tur\u00edstico a nivel mundial es prueba del compromiso del gobierno de Espa\u00f1a por un turismo sostenible que contribuya al crecimiento econ\u00f3mico, clave en el marco de la Agenda 2030 y refleja el apoyo del gobierno espa\u00f1ol a la OMT, la \u00fanica agencia de las Naciones Unidas con sede permanente en Espa\u00f1a y da cuenta de la importancia del sector tur\u00edstico para este pa\u00eds, como su principal sector econ\u00f3mico.<\/p>\n<p>Al hacer uso de la palabra, el secretario general de la OMT, <b>Zurab Pololikashvili<\/b>, indic\u00f3 \u201cel apoyo institucional recibido por Espa\u00f1a, que siempre ha demostrado ser un firme partidario de nuestros esfuerzos, es fundamental para el desarrollo de la OMT y sus actividades\u201d. <span class=\"Apple-converted-space\">\u00a0<\/span><\/p>\n<p>El presidente <b>Pedro S\u00e1nchez<\/b>, defendi\u00f3 un modelo tur\u00edstico \u201cabierto\u201d y \u201csostenible\u201d, que respete el crecimiento e identidad de las ciudades, el medio ambiente y la convivencia, y que no genere disfunciones econ\u00f3micas ni sociales.<span class=\"Apple-converted-space\">\u00a0<\/span><\/p>\n<p>Es el camino que quiere marcar la Estrategia de Turismo Sostenible 2030 sobre la que trabaja el gobierno, y una apuesta, por un turismo \u201cno de calidad, sino de excelencia. Mantener la actual posici\u00f3n de liderazgo es una tarea de todos, no solo del gobierno, sino tambi\u00e9n de las corporaciones locales, las comunidades aut\u00f3nomas y la ciudadan\u00eda\u201d.<\/p>\n<p>La OMT design\u00f3 este 2019 como a\u00f1o dedicado a la \u201ceducaci\u00f3n, las habilidades y el empleo\u201d, precisamente porque como sector l\u00edder en crecimiento en el mundo, es gran generador de empleo, dando trabajo a una de cada 10 personas en el mundo.<span class=\"Apple-converted-space\">\u00a0<\/span><\/p>\n<p>Seg\u00fan datos del gobierno espa\u00f1ol, en 2018 el turismo gener\u00f3 100 mil<span class=\"Apple-converted-space\">\u00a0 <\/span>empleos en el pa\u00eds.<\/p>\n<p>Ante las perspectivas de crecimiento continuado del turismo, la capacitaci\u00f3n laboral se destaca como uno de los ejes para que el turismo contin\u00fae generando las oportunidades que su\u00a0 naturaleza transversal encierra.<span class=\"Apple-converted-space\">\u00a0<\/span><\/p>\n<p><em><a href=\"mailto:victoriagprado@gmail.com\" target=\"_blank\" rel=\"noopener\">victoriagprado@gmail.com<\/a><\/em><br \/>\n<em>Twitter: <a href=\"https:\/\/twitter.com\/victoriagprado\" target=\"_blank\" rel=\"noopener\">@victoriagprado<\/a><\/em><\/p>\n","protected":false},"excerpt":{"rendered":"<p>Madrid, Espa\u00f1a.- El alcalde de Bah\u00edas de Huatulco, Giovanne Gonz\u00e1lez Garc\u00eda, firm\u00f3 convenio con el Consejo Nacional Mexicano de la Industria Tur\u00edstica (Conamit), organismo que preside Fidel Ovando; con el aval y el compromiso de la Confederaci\u00f3n de Organizaciones Tur\u00edsticas de Am\u00e9rica Latina (COTAL), presidida por Guillermo Schneider y la Asociaci\u00f3n Mexicana de Agencias de Viajes de la Ciudad de M\u00e9xico, presidida por Juli\u00e1n Arroyo; para promocionar el destino entre sus organizaciones y empresas afiliadas en el \u00e1mbito de la Ciudad de M\u00e9xico, de la Rep\u00fablica mexicana y de Am\u00e9rica Latina.\u00a0<\/p>\n","protected":false},"author":1,"featured_media":412291,"comment_status":"open","ping_status":"open","sticky":false,"template":"","format":"standard","meta":{"_monsterinsights_skip_tracking":false,"_monsterinsights_sitenote_active":false,"_monsterinsights_sitenote_note":"","_monsterinsights_sitenote_category":0,"footnotes":""},"categories":[11],"tags":[107,43681,106],"class_list":["post-412289","post","type-post","status-publish","format-standard","has-post-thumbnail","hentry","category-turismo","tag-de-cinco-estrellas","tag-turismo","tag-victoria-gonzalez-prado"],"_links":{"self":[{"href":"https:\/\/www.diarioimagen.net\/index.php?rest_route=\/wp\/v2\/posts\/412289","targetHints":{"allow":["GET"]}}],"collection":[{"href":"https:\/\/www.diarioimagen.net\/index.php?rest_route=\/wp\/v2\/posts"}],"about":[{"href":"https:\/\/www.diarioimagen.net\/index.php?rest_route=\/wp\/v2\/types\/post"}],"author":[{"embeddable":true,"href":"https:\/\/www.diarioimagen.net\/index.php?rest_route=\/wp\/v2\/users\/1"}],"replies":[{"embeddable":true,"href":"https:\/\/www.diarioimagen.net\/index.php?rest_route=%2Fwp%2Fv2%2Fcomments&post=412289"}],"version-history":[{"count":0,"href":"https:\/\/www.diarioimagen.net\/index.php?rest_route=\/wp\/v2\/posts\/412289\/revisions"}],"wp:featuredmedia":[{"embeddable":true,"href":"https:\/\/www.diarioimagen.net\/index.php?rest_route=\/wp\/v2\/media\/412291"}],"wp:attachment":[{"href":"https:\/\/www.diarioimagen.net\/index.php?rest_route=%2Fwp%2Fv2%2Fmedia&parent=412289"}],"wp:term":[{"taxonomy":"category","embeddable":true,"href":"https:\/\/www.diarioimagen.net\/index.php?rest_route=%2Fwp%2Fv2%2Fcategories&post=412289"},{"taxonomy":"post_tag","embeddable":true,"href":"https:\/\/www.diarioimagen.net\/index.php?rest_route=%2Fwp%2Fv2%2Ftags&post=412289"}],"curies":[{"name":"wp","href":"https:\/\/api.w.org\/{rel}","templated":true}]}}