{"id":412353,"date":"2019-01-25T00:08:25","date_gmt":"2019-01-25T06:08:25","guid":{"rendered":"https:\/\/www.diarioimagen.net\/?p=412353"},"modified":"2019-01-28T00:09:43","modified_gmt":"2019-01-28T06:09:43","slug":"nuevos-titulares-en-desarrollo-economico-y-desarrollo-urbano","status":"publish","type":"post","link":"https:\/\/www.diarioimagen.net\/?p=412353","title":{"rendered":"Nuevos titulares en Desarrollo Econ\u00f3mico y Desarrollo Urbano"},"content":{"rendered":"<h2>Arco Norte<\/h2>\n<h5>Jos\u00e9 Luis Monta\u00f1ez Aguilar<\/h5>\n<p>&nbsp;<\/p>\n<p><a href=\"https:\/\/www.diarioimagen.net\/?attachment_id=412406\" rel=\"attachment wp-att-412406\"><img loading=\"lazy\" decoding=\"async\" class=\"aligncenter size-large wp-image-412406\" src=\"https:\/\/www.diarioimagen.net\/wp-content\/uploads\/2019\/01\/arco-6-460x259.jpg\" alt=\"\" width=\"460\" height=\"259\" srcset=\"https:\/\/www.diarioimagen.net\/wp-content\/uploads\/2019\/01\/arco-6-460x259.jpg 460w, https:\/\/www.diarioimagen.net\/wp-content\/uploads\/2019\/01\/arco-6-240x135.jpg 240w, https:\/\/www.diarioimagen.net\/wp-content\/uploads\/2019\/01\/arco-6-235x132.jpg 235w, https:\/\/www.diarioimagen.net\/wp-content\/uploads\/2019\/01\/arco-6-202x114.jpg 202w, https:\/\/www.diarioimagen.net\/wp-content\/uploads\/2019\/01\/arco-6-350x196.jpg 350w, https:\/\/www.diarioimagen.net\/wp-content\/uploads\/2019\/01\/arco-6-220x123.jpg 220w, https:\/\/www.diarioimagen.net\/wp-content\/uploads\/2019\/01\/arco-6-237x132.jpg 237w, https:\/\/www.diarioimagen.net\/wp-content\/uploads\/2019\/01\/arco-6.jpg 480w\" sizes=\"auto, (max-width: 460px) 100vw, 460px\" \/><\/a><\/p>\n<p>&nbsp;<\/p>\n<p>Alfredo Del Mazo Maza tom\u00f3 protesta a los nuevos titulares de las Secretar\u00edas de Desarrollo Econ\u00f3mico y de Desarrollo Urbano y Metropolitano, a quienes dese\u00f3 el mayor de los \u00e9xitos en esta nueva responsabilidad, y los instruy\u00f3 a trabajar con honestidad y compromiso para sacar adelante los retos que estas dependencias tienen en la entidad mexiquense.<\/p>\n<p>En el Sal\u00f3n \u201cAdolfo L\u00f3pez Mateos\u201d de Palacio de Gobierno, el mandatario mexiquense tom\u00f3 protesta a Andr\u00e9s Massieu Fern\u00e1ndez como nuevo Secretario de Desarrollo Urbano y Metropolitano, en sustituci\u00f3n de Enrique Jacob Rocha, quien, por su parte, rindi\u00f3 protesta para ocupar el cargo de Secretario de Desarrollo Econ\u00f3mico estatal.<\/p>\n<p>\u201cDos nuevos nombramientos que estamos haciendo en el Gabinete del Gobierno del Estado de M\u00e9xico, en donde estar\u00e1n entrando a servir a los mexiquenses, en la Secretar\u00eda de Desarrollo Urbano y Metropolitano, el Maestro Andr\u00e9s Massieu Fern\u00e1ndez, que se incorpora como Secretario, como titular de la Secretar\u00eda de\u00a0 Desarrollo Urbano y Metropolitano del Gobierno del Estado de M\u00e9xico, y en la Secretar\u00eda de Desarrollo Econ\u00f3mico, el Maestro Enrique Jacob Rocha\u201d, se\u00f1al\u00f3 el mandatario estatal.<\/p>\n<p>Asimismo, Del Mazo reconoci\u00f3 el trabajo que realiz\u00f3 el Ingeniero Alberto Curi Naime al frente de la Secretar\u00eda de Desarrollo Econ\u00f3mico, desde el inicio de la actual administraci\u00f3n.<\/p>\n<p style=\"text-align: center;\"><strong>Seguro para los peque\u00f1os productores mexiquenses<\/strong><\/p>\n<p>Para atenuar las afectaciones que los fen\u00f3menos meteorol\u00f3gicos extremos provocan en las cosechas de los peque\u00f1os productores del Estado de M\u00e9xico, el gobierno estatal, a trav\u00e9s de la Secretar\u00eda de Desarrollo Agropecuario (Sedagro), puso en marcha el Programa Seguro Agr\u00edcola Catastr\u00f3fico con el que indemnizar\u00e1 a un total de 10 mil 500 campesinos mexiquenses que sufrieron la p\u00e9rdida de sus cosechas o parte de ellas durante el 2018.<\/p>\n<p>Como parte de este trabajo y por instrucciones del gobernador mexiquense, el titular de la Sedagro, Dar\u00edo Zacar\u00edas Capuchino, realiz\u00f3 la primera entrega regional de indemnizaciones a un total de mil 140 productores de la regi\u00f3n norte del Estado de M\u00e9xico, cuya inversi\u00f3n en esta edici\u00f3n fue de un total de 2 millones 653 mil 200 pesos.<\/p>\n<p><em><a href=\"mailto:montanezaguilar@gmail.com\" target=\"_blank\" rel=\"noopener\">montanezaguilar@gmail.com<\/a><\/em><\/p>\n","protected":false},"excerpt":{"rendered":"<p><span style=\"color: #005497;\">Jos\u00e9 Luis Monta\u00f1ez Aguilar<\/span><br \/>\n<br \/>\nAlfredo Del Mazo Maza tom\u00f3 protesta a los nuevos titulares de las Secretar\u00edas de Desarrollo Econ\u00f3mico y de Desarrollo Urbano y Metropolitano, a quienes dese\u00f3 el mayor de los \u00e9xitos en esta nueva responsabilidad, y los instruy\u00f3 a trabajar con honestidad y compromiso para sacar adelante los retos que estas dependencias tienen en la entidad mexiquense.<\/p>\n","protected":false},"author":3,"featured_media":412406,"comment_status":"open","ping_status":"open","sticky":false,"template":"","format":"standard","meta":{"_monsterinsights_skip_tracking":false,"_monsterinsights_sitenote_active":false,"_monsterinsights_sitenote_note":"","_monsterinsights_sitenote_category":0,"footnotes":""},"categories":[5],"tags":[13284,43704,43674],"class_list":["post-412353","post","type-post","status-publish","format-standard","has-post-thumbnail","hentry","category-estado-de-mexico","tag-arco-norte","tag-jose-luis-montanez-aguilar","tag-opinion"],"_links":{"self":[{"href":"https:\/\/www.diarioimagen.net\/index.php?rest_route=\/wp\/v2\/posts\/412353","targetHints":{"allow":["GET"]}}],"collection":[{"href":"https:\/\/www.diarioimagen.net\/index.php?rest_route=\/wp\/v2\/posts"}],"about":[{"href":"https:\/\/www.diarioimagen.net\/index.php?rest_route=\/wp\/v2\/types\/post"}],"author":[{"embeddable":true,"href":"https:\/\/www.diarioimagen.net\/index.php?rest_route=\/wp\/v2\/users\/3"}],"replies":[{"embeddable":true,"href":"https:\/\/www.diarioimagen.net\/index.php?rest_route=%2Fwp%2Fv2%2Fcomments&post=412353"}],"version-history":[{"count":0,"href":"https:\/\/www.diarioimagen.net\/index.php?rest_route=\/wp\/v2\/posts\/412353\/revisions"}],"wp:featuredmedia":[{"embeddable":true,"href":"https:\/\/www.diarioimagen.net\/index.php?rest_route=\/wp\/v2\/media\/412406"}],"wp:attachment":[{"href":"https:\/\/www.diarioimagen.net\/index.php?rest_route=%2Fwp%2Fv2%2Fmedia&parent=412353"}],"wp:term":[{"taxonomy":"category","embeddable":true,"href":"https:\/\/www.diarioimagen.net\/index.php?rest_route=%2Fwp%2Fv2%2Fcategories&post=412353"},{"taxonomy":"post_tag","embeddable":true,"href":"https:\/\/www.diarioimagen.net\/index.php?rest_route=%2Fwp%2Fv2%2Ftags&post=412353"}],"curies":[{"name":"wp","href":"https:\/\/api.w.org\/{rel}","templated":true}]}}