{"id":412372,"date":"2019-01-25T00:10:56","date_gmt":"2019-01-25T06:10:56","guid":{"rendered":"https:\/\/www.diarioimagen.net\/?p=412372"},"modified":"2019-01-25T21:04:38","modified_gmt":"2019-01-26T03:04:38","slug":"temen-rupturas-en-trife-y-amlo-dice-que-vigilara-eleccion-de-puebla","status":"publish","type":"post","link":"https:\/\/www.diarioimagen.net\/?p=412372","title":{"rendered":"Temen rupturas en Trife y AMLO dice que vigilar\u00e1 elecci\u00f3n de Puebla"},"content":{"rendered":"<h2>Tras la puerta del poder<\/h2>\n<h5>Roberto Vizca\u00edno<\/h5>\n<p>&nbsp;<\/p>\n<div id=\"attachment_412418\" style=\"width: 470px\" class=\"wp-caption aligncenter\"><a href=\"https:\/\/www.diarioimagen.net\/?attachment_id=412418\" rel=\"attachment wp-att-412418\"><img loading=\"lazy\" decoding=\"async\" aria-describedby=\"caption-attachment-412418\" class=\"size-large wp-image-412418\" src=\"https:\/\/www.diarioimagen.net\/wp-content\/uploads\/2019\/01\/mas-vale-LUIS-XAVIER-460x345.jpg\" alt=\"\" width=\"460\" height=\"345\" srcset=\"https:\/\/www.diarioimagen.net\/wp-content\/uploads\/2019\/01\/mas-vale-LUIS-XAVIER-460x345.jpg 460w, https:\/\/www.diarioimagen.net\/wp-content\/uploads\/2019\/01\/mas-vale-LUIS-XAVIER-240x180.jpg 240w, https:\/\/www.diarioimagen.net\/wp-content\/uploads\/2019\/01\/mas-vale-LUIS-XAVIER-768x576.jpg 768w, https:\/\/www.diarioimagen.net\/wp-content\/uploads\/2019\/01\/mas-vale-LUIS-XAVIER.jpg 1200w\" sizes=\"auto, (max-width: 460px) 100vw, 460px\" \/><\/a><p id=\"caption-attachment-412418\" class=\"wp-caption-text\">M\u00e1s vale&#8230; | Luis Xavier<\/p><\/div>\n<p>&nbsp;<\/p>\n<p>La inesperada dimisi\u00f3n de la magistrada <strong>Janine Madeline Ot\u00e1lora Malassis<\/strong> a la presidencia del Tribunal Electoral del Poder Judicial de la Federaci\u00f3n caus\u00f3 inquietudes en la clase pol\u00edtica, que vio en esa renuncia posibles rupturas internas en ese cuerpo colegiado esencial para la democracia mexicana.<\/p>\n<p>Esas inquietudes se acentuaron ante la declaraci\u00f3n ayer en Huachinango, Puebla, del presidente Andr\u00e9s Manuel L\u00f3pez Obrador, para se\u00f1alar que \u00e9l, personalmente, estar\u00e1 vigilante a trav\u00e9s de la Fiscal\u00eda General de la Rep\u00fablica y la FEPADE de que las elecciones extraordinarias en Puebla para elegir un nuevo gobernador, no incurran en corruptelas y fraudes.<\/p>\n<p>\u00abVoy a estar pendiente como jefe del estado mexicano para que haya democracia y, respetando las autonom\u00edas del fiscal general como del fiscal electoral, pedir\u00e9 que cuiden el proceso electoral en Puebla y que no permita ninguna irregularidad, ning\u00fan fraude\u00bb, indic\u00f3.<\/p>\n<p>Y, en su primera visita a Puebla desde que asumi\u00f3 la Presidencia, L\u00f3pez Obrador insisti\u00f3 en que la elecci\u00f3n de la que sali\u00f3 ganadora la panista <strong>Martha Erika Alonso <\/strong>no fue limpia y confront\u00f3 a los poblanos.<\/p>\n<p>Estas declaraciones advierten, dijeron opositores, una abierta injerencia en un proceso electoral en curso que adem\u00e1s crear\u00e1 tensi\u00f3n en INE y Tribunal Electoral, indicaron.<\/p>\n<p>El escenario no s\u00f3lo provoca dudas entre opositores, sino que para Ricardo Monreal, l\u00edder de la mayor\u00eda de Morena en el Senado,\u00a0 la renuncia de la presidenta del Trife \u201cresult\u00f3 extra\u00f1a\u201d.<\/p>\n<p>Consider\u00f3 que su relevo \u201ctendr\u00e1 el reto de evitar la divisi\u00f3n, mantener la unidad institucional y que sus integrantes se alejen de cualquier tentaci\u00f3n partidista o de torcer la ley\u00a0 en beneficio de intereses y en perjuicio de la Constituci\u00f3n Pol\u00edtica\u201d.<\/p>\n<p>Dijo tener una buena opini\u00f3n de la ahora ex presidenta del Trife.<\/p>\n<p>\u201cEs una mujer honesta, proba y me result\u00f3 extra\u00f1a su renuncia.<\/p>\n<p>La respeto. Tendr\u00e1 sus motivos\u2026 y para quien haya sido designado nuevo presidente de ese \u00f3rgano colegiado, es un gran reto\u201d, subray\u00f3.<\/p>\n<p>A unas cuantas horas de la renuncia de <strong>Janine Ot\u00e1lora<\/strong> a la presidencia del Trife, los otros magistrados eligieron por unanimidad como sustituto al magistrado <strong>Felipe Alfredo Fuentes.<\/strong><\/p>\n<p><strong>Monreal <\/strong>dese\u00f3 lo mejor a Janine Ot\u00e1lora, quien continuar\u00e1 como un magistrado m\u00e1s dentro del TEPJF.<\/p>\n<p>Y dijo hacer votos porque el Tribunal Electoral \u201cno se aleje del principio de legalidad, ni de los principios rectores del proceso electoral\u2026<\/p>\n<p>\u201cDeseo que el Tribunal Electoral no se divida. Deseo que pueda mantener la unidad institucional. Deseo que se alejen de cualquier tentaci\u00f3n partidista o de torcer la ley en beneficio de intereses y en perjuicio de la Constituci\u00f3n. Hoy, el Tribunal tiene una gran responsabilidad\u201d, se\u00f1al\u00f3.<\/p>\n<p>Agreg\u00f3:<\/p>\n<p>\u201cPero en efecto, yo creo que frente a decisiones dif\u00edciles que se tomaron en el Tribunal, debemos saber qu\u00e9 sucedi\u00f3 en su momento (como en la elecci\u00f3n de gobernador en el estado de Puebla). Vamos a estar muy atentos\u201d.<\/p>\n<p>Dijo que, en su calidad de presidente de la Junta de Coordinaci\u00f3n Pol\u00edtica del Senado, le interesa mucho que las instituciones, como el Tribunal Electoral, funcionen de manera correcta, y \u201cnos interesa cuidar mucho el funcionamiento de las instancias jurisdiccionales, pero tambi\u00e9n del Ejecutivo Federal, con total respeto a ellas\u201d.<\/p>\n<p style=\"text-align: center;\"><strong>Inicia el desmantelamiento de la educativa<\/strong><\/p>\n<p>La presidenta de la Comisi\u00f3n de Educaci\u00f3n de la C\u00e1mara de Diputados, <strong>Adela Pi\u00f1a Bernal,<\/strong> de Morena, encabez\u00f3 a las Comisiones Unidas de Educaci\u00f3n y de Puntos Constitucionales donde se aprob\u00f3 el procedimiento para el an\u00e1lisis, discusi\u00f3n y elaboraci\u00f3n del proyecto de dictamen a la iniciativa que reforma los art\u00edculos 3\u00ba, 31 y 73 de la Constituci\u00f3n Pol\u00edtica, que derogar\u00e1 la Reforma Educativa de <strong>Enrique Pe\u00f1a Nieto<\/strong> y dar\u00e1 una nueva orientaci\u00f3n y estructura a la educaci\u00f3n en M\u00e9xico.<\/p>\n<p>De inicio se acord\u00f3 que el jueves 21 de febrero se distribuir\u00e1 el dictamen de la nueva reforma educativa para as\u00ed iniciar el nuevo debate educativo.<\/p>\n<p>\u201cEstamos pensando, si los tiempos nos dan y est\u00e1n marcados, si no hay contratiempos, estar\u00edamos hablando de que en el periodo ordinario que viene, se estar\u00eda aprobando el dictamen y se estar\u00eda aprobando esta reforma a mediados de marzo, quiz\u00e1s, o abril\u201d, indic\u00f3.<\/p>\n<p>Los trabajos se iniciar\u00e1n con un encuentro, el lunes 28 de enero, a las 17:00 horas, con el secretario de Educaci\u00f3n <strong>Esteban Moctezuma<\/strong> y el mi\u00e9rcoles 6 de febrero comenzar\u00e1n las audiencias p\u00fablicas, con docentes y con representantes sindicales.<\/p>\n<p>El viernes 8, estar\u00e1n especialistas y acad\u00e9micos; el s\u00e1bado 9 expondr\u00e1n sus puntos de vista representantes de las escuelas Normales y universidades.<\/p>\n<p>El lunes 11 de febrero toca el turno a diputadas y diputados locales y federales, senadoras y senadores de la Rep\u00fablica; el mi\u00e9rcoles 13, organizaciones de la sociedad civil y organismos nacionales e internacionales del \u00e1mbito educativo.<\/p>\n<p>El viernes 15, asociaciones de padres y madres de familia y alumnos de diferentes tipos y niveles educativos, y el s\u00e1bado 16, autoridades educativas federales, estatales y otros organismos.<\/p>\n<p>A propuesta de la presidenta de la Comisi\u00f3n de Puntos Constitucionales, <strong>Miroslava Carrillo Mart\u00ednez,<\/strong> se invitar\u00e1 a los senadores integrantes de las comisiones respectivas, \u201cpara que si tienen alguna sugerencia, analizarla y aprovechar que si este ejercicio se va a hacer en C\u00e1mara, que ellos valoren si pueden hacer la misma r\u00e9plica all\u00e1 en el Senado; es pertinente que se sumen desde ahora para eficientar el tiempo y que ambas C\u00e1maras est\u00e9n informadas\u201d.<\/p>\n<p style=\"text-align: center;\"><strong>Sucedi\u00f3<\/strong><\/p>\n<p><strong>Porfirio Mu\u00f1oz Ledo<\/strong>, presidente de la C\u00e1mara de Diputados, se <strong>desvaneci\u00f3<\/strong> durante la tarde de ayer justo a las puertas de Palacio Nacional. Iba a la reuni\u00f3n del presidente <strong>Andr\u00e9s Manuel L\u00f3pez Obrador <\/strong>sobre seguridad.<\/p>\n<p>Apenas baj\u00f3 de su auto y tuvo que ser cargado lastimosamente por sus auxiliares. Momentos despu\u00e9s, v\u00eda redes sociales, explic\u00f3 que antes hab\u00eda tenido dos intervenciones dentales y que las anestesias y otros tratamientos influyeron en su desvanecimiento, pero que casi inmediatamente se recuper\u00f3.<\/p>\n<p>Con 85 a\u00f1os a cuestas y una vida llena de algunos excesos, <strong>Mu\u00f1oz Ledo<\/strong> vive limitaciones que le obligan a ser asistido por auxiliares sin los cuales no puede caminar ni desarrollar sus responsabilidades personales y legislativas.<\/p>\n<p>Por ello no pocos han temido desde que inici\u00f3 esta Legislatura lo ocurrido ayer, o algo m\u00e1s grave.<\/p>\n<p style=\"text-align: center;\"><strong>Estrategia integral necesaria<\/strong><\/p>\n<p><strong>Jos\u00e9 Luis Calder\u00f3n Gonz\u00e1lez,<\/strong> vicepresidente de la Asociaci\u00f3n Mexicana de Empresas de Seguridad Privada considera que el desaf\u00edo de pacificar el pa\u00eds que enfrenta el gobierno del presidente Andr\u00e9s Manuel L\u00f3pez Obrador requiere de una estrategia integral.<\/p>\n<p>Una, dice, que no excluya a la seguridad privada, sector que hoy interviene en el traslado y protecci\u00f3n de m\u00e1s del 90 % del efectivo del pa\u00eds.<\/p>\n<p>Y que es esencial en la seguridad de la red de aeropuertos y otras infraestructuras, as\u00ed como la comercializaci\u00f3n y venta\u00a0 de dispositivos tecnol\u00f3gicos de protecci\u00f3n como c\u00e1maras, enrejados, blindajes y otros que hoy sirven como componentes de las estrategias de seguridad en organismos p\u00fablicos y privados.<\/p>\n<p><strong>Calder\u00f3n <\/strong>inform\u00f3 que la seguridad privada da ocupaci\u00f3n hoy a m\u00e1s de 500 mil personas y uno de los retos es poderles dar a estas mejores salarios, prestaciones sociales y capacitaci\u00f3n.<\/p>\n<p>Se requiere ya, indic\u00f3, crear la C\u00e1mara Nacional de la Industria de la Seguridad Privada lo que permitir\u00eda dar un mejor servicio.<\/p>\n<p><em><a href=\"http:\/\/endirecto.mx\" target=\"_blank\" rel=\"noopener\">www.endirecto.mx<\/a><\/em><br \/>\n<em><a href=\"https:\/\/twitter.com\/_rvizcaino\" target=\"_blank\" rel=\"noopener\">@_RVizcaino<\/a><\/em><br \/>\n<a href=\"https:\/\/www.facebook.com\/rvizcainoa\" target=\"_blank\" rel=\"noopener\">f<em>acebook.com\/rvizcainoa<\/em><\/a><\/p>\n","protected":false},"excerpt":{"rendered":"<p><span style=\"color: #005497;\"><strong>Roberto Vizca\u00edno<\/strong><\/span><br \/>\n<br \/>\nLa inesperada dimisi\u00f3n de la magistrada <strong>Janine Madeline Ot\u00e1lora Malassis<\/strong> a la presidencia del Tribunal Electoral del Poder Judicial de la Federaci\u00f3n caus\u00f3 inquietudes en la clase pol\u00edtica, que vio en esa renuncia posibles rupturas internas en ese cuerpo colegiado esencial para la democracia mexicana.<\/p>\n","protected":false},"author":3,"featured_media":412418,"comment_status":"open","ping_status":"open","sticky":false,"template":"","format":"standard","meta":{"_monsterinsights_skip_tracking":false,"_monsterinsights_sitenote_active":false,"_monsterinsights_sitenote_note":"","_monsterinsights_sitenote_category":0,"footnotes":""},"categories":[136],"tags":[43674,93,94],"class_list":["post-412372","post","type-post","status-publish","format-standard","has-post-thumbnail","hentry","category-roberto-vizcaino-opinion","tag-opinion","tag-roberto-vizcaino","tag-tras-la-puerta-del-poder"],"_links":{"self":[{"href":"https:\/\/www.diarioimagen.net\/index.php?rest_route=\/wp\/v2\/posts\/412372","targetHints":{"allow":["GET"]}}],"collection":[{"href":"https:\/\/www.diarioimagen.net\/index.php?rest_route=\/wp\/v2\/posts"}],"about":[{"href":"https:\/\/www.diarioimagen.net\/index.php?rest_route=\/wp\/v2\/types\/post"}],"author":[{"embeddable":true,"href":"https:\/\/www.diarioimagen.net\/index.php?rest_route=\/wp\/v2\/users\/3"}],"replies":[{"embeddable":true,"href":"https:\/\/www.diarioimagen.net\/index.php?rest_route=%2Fwp%2Fv2%2Fcomments&post=412372"}],"version-history":[{"count":0,"href":"https:\/\/www.diarioimagen.net\/index.php?rest_route=\/wp\/v2\/posts\/412372\/revisions"}],"wp:featuredmedia":[{"embeddable":true,"href":"https:\/\/www.diarioimagen.net\/index.php?rest_route=\/wp\/v2\/media\/412418"}],"wp:attachment":[{"href":"https:\/\/www.diarioimagen.net\/index.php?rest_route=%2Fwp%2Fv2%2Fmedia&parent=412372"}],"wp:term":[{"taxonomy":"category","embeddable":true,"href":"https:\/\/www.diarioimagen.net\/index.php?rest_route=%2Fwp%2Fv2%2Fcategories&post=412372"},{"taxonomy":"post_tag","embeddable":true,"href":"https:\/\/www.diarioimagen.net\/index.php?rest_route=%2Fwp%2Fv2%2Ftags&post=412372"}],"curies":[{"name":"wp","href":"https:\/\/api.w.org\/{rel}","templated":true}]}}