{"id":412381,"date":"2019-01-25T00:09:22","date_gmt":"2019-01-25T06:09:22","guid":{"rendered":"https:\/\/www.diarioimagen.net\/?p=412381"},"modified":"2019-01-25T03:43:17","modified_gmt":"2019-01-25T09:43:17","slug":"expertos-de-cuatro-paises-en-congreso-sobre-resiliencia-territorios-y-gobernanza-de-uaem","status":"publish","type":"post","link":"https:\/\/www.diarioimagen.net\/?p=412381","title":{"rendered":"Expertos de cuatro pa\u00edses, en Congreso sobre Resiliencia, Territorios y Gobernanza de UAEM"},"content":{"rendered":"<ul>\n<li><strong><em>Abordaron temas como el proyecto del Tren Maya<\/em><\/strong><\/li>\n<\/ul>\n<p>&nbsp;<\/p>\n<div id=\"attachment_412443\" style=\"width: 470px\" class=\"wp-caption aligncenter\"><a href=\"https:\/\/www.diarioimagen.net\/?attachment_id=412443\" rel=\"attachment wp-att-412443\"><img loading=\"lazy\" decoding=\"async\" aria-describedby=\"caption-attachment-412443\" class=\"size-large wp-image-412443\" src=\"https:\/\/www.diarioimagen.net\/wp-content\/uploads\/2019\/01\/UAEM-25-460x259.jpg\" alt=\"\" width=\"460\" height=\"259\" srcset=\"https:\/\/www.diarioimagen.net\/wp-content\/uploads\/2019\/01\/UAEM-25-460x259.jpg 460w, https:\/\/www.diarioimagen.net\/wp-content\/uploads\/2019\/01\/UAEM-25-240x135.jpg 240w, https:\/\/www.diarioimagen.net\/wp-content\/uploads\/2019\/01\/UAEM-25-235x132.jpg 235w, https:\/\/www.diarioimagen.net\/wp-content\/uploads\/2019\/01\/UAEM-25-202x114.jpg 202w, https:\/\/www.diarioimagen.net\/wp-content\/uploads\/2019\/01\/UAEM-25-350x196.jpg 350w, https:\/\/www.diarioimagen.net\/wp-content\/uploads\/2019\/01\/UAEM-25-220x123.jpg 220w, https:\/\/www.diarioimagen.net\/wp-content\/uploads\/2019\/01\/UAEM-25-237x132.jpg 237w, https:\/\/www.diarioimagen.net\/wp-content\/uploads\/2019\/01\/UAEM-25.jpg 480w\" sizes=\"auto, (max-width: 460px) 100vw, 460px\" \/><\/a><p id=\"caption-attachment-412443\" class=\"wp-caption-text\">La UAEM llev\u00f3 a cabo el Cuarto Congreso Internacional sobre Resiliencia, Territorios y Gobernanza. Vinculaci\u00f3n con la sociedad.<\/p><\/div>\n<p>&nbsp;<\/p>\n<p><strong>Toluca, Estado de M\u00e9xico<\/strong>.\u2013 Con la participaci\u00f3n de especialistas de Polonia, Argentina, Colombia y M\u00e9xico, la Universidad Aut\u00f3noma del Estado de M\u00e9xico llev\u00f3 a cabo el Cuarto Congreso Internacional sobre Resiliencia, Territorios y Gobernanza. Vinculaci\u00f3n con la sociedad.<\/p>\n<p>En este marco, expertos en la materia abordaron temas, como el proyecto del Tren Maya, estudios acerca de los sismos del 19 de septiembre de 1985 y 2017, ciudades inteligentes, gobernanza ambiental, as\u00ed como los impactos territoriales y ambientales en el Valle de Toluca.<\/p>\n<p>Durante tres d\u00edas, investigadores de la Universidad de Varsovia, la Universidad Nacional de Luj\u00e1n, la Universidad de Buenos Aires, la Universidad del Valle de Colombia, as\u00ed como la Universidad de Quintana Roo, la Universidad Aut\u00f3noma de Guerrero y la Universidad Aut\u00f3noma Metropolitana compartieron los trabajos de investigaci\u00f3n que realizan sobre el territorio y su vinculaci\u00f3n con el sector p\u00fablico.<\/p>\n<p>Con respecto a este ejercicio acad\u00e9mico, organizado de manera conjunta por las facultades de Geograf\u00eda y Planeaci\u00f3n Urbana y Regional, el director de este \u00faltimo espacio acad\u00e9mico, Juan Roberto Calder\u00f3n Maya, destac\u00f3 el convenio de colaboraci\u00f3n que tiene la Aut\u00f3noma mexiquense con la Universidad de Varsovia desde hace cuatro d\u00e9cadas, el cual impulsa la internacionalizaci\u00f3n de la instituci\u00f3n.<\/p>\n<p>Ante la coordinadora de Investigaci\u00f3n y Posgrado, Marcela Virginia Santana Ju\u00e1rez, y la coordinadora de Planeaci\u00f3n de la Facultad de Geograf\u00eda, Nancy Sierra L\u00f3pez, enfatiz\u00f3 que el Congreso se realiz\u00f3 en coordinaci\u00f3n con la Red Internacional de Territorios, Sustentabilidad y Gobernanza en M\u00e9xico y Polonia (RETESyG) y la Red Iberoamericana de Sistemas de Informaci\u00f3n Geogr\u00e1fica (REDISIG).<\/p>\n<p>Adem\u00e1s de presentaciones de ponencias, en este marco se realizaron mesas de vinculaci\u00f3n con el sector p\u00fablico en las que participaron miembros del Instituto Nacional Electoral, la Secretar\u00eda del Medio Ambiente estatal, as\u00ed como el Centro del Cambio Global y la Sustentabilidad, con el objetivo de crear lazos de cooperaci\u00f3n que permitan implementar pol\u00edticas p\u00fablicas.<\/p>\n","protected":false},"excerpt":{"rendered":"<p>Con la participaci\u00f3n de especialistas de Polonia, Argentina, Colombia y M\u00e9xico, la Universidad Aut\u00f3noma del Estado de M\u00e9xico llev\u00f3 a cabo el Cuarto Congreso Internacional sobre Resiliencia, Territorios y Gobernanza. Vinculaci\u00f3n con la sociedad.<\/p>\n","protected":false},"author":3,"featured_media":412443,"comment_status":"open","ping_status":"open","sticky":false,"template":"","format":"standard","meta":{"_monsterinsights_skip_tracking":false,"_monsterinsights_sitenote_active":false,"_monsterinsights_sitenote_note":"","_monsterinsights_sitenote_category":0,"footnotes":""},"categories":[35155],"tags":[406,43675,452,1491],"class_list":["post-412381","post","type-post","status-publish","format-standard","has-post-thumbnail","hentry","category-estado-de-mexico-estado-de-mexico","tag-congreso","tag-estado-de-mexico","tag-toluca","tag-uaem"],"_links":{"self":[{"href":"https:\/\/www.diarioimagen.net\/index.php?rest_route=\/wp\/v2\/posts\/412381","targetHints":{"allow":["GET"]}}],"collection":[{"href":"https:\/\/www.diarioimagen.net\/index.php?rest_route=\/wp\/v2\/posts"}],"about":[{"href":"https:\/\/www.diarioimagen.net\/index.php?rest_route=\/wp\/v2\/types\/post"}],"author":[{"embeddable":true,"href":"https:\/\/www.diarioimagen.net\/index.php?rest_route=\/wp\/v2\/users\/3"}],"replies":[{"embeddable":true,"href":"https:\/\/www.diarioimagen.net\/index.php?rest_route=%2Fwp%2Fv2%2Fcomments&post=412381"}],"version-history":[{"count":0,"href":"https:\/\/www.diarioimagen.net\/index.php?rest_route=\/wp\/v2\/posts\/412381\/revisions"}],"wp:featuredmedia":[{"embeddable":true,"href":"https:\/\/www.diarioimagen.net\/index.php?rest_route=\/wp\/v2\/media\/412443"}],"wp:attachment":[{"href":"https:\/\/www.diarioimagen.net\/index.php?rest_route=%2Fwp%2Fv2%2Fmedia&parent=412381"}],"wp:term":[{"taxonomy":"category","embeddable":true,"href":"https:\/\/www.diarioimagen.net\/index.php?rest_route=%2Fwp%2Fv2%2Fcategories&post=412381"},{"taxonomy":"post_tag","embeddable":true,"href":"https:\/\/www.diarioimagen.net\/index.php?rest_route=%2Fwp%2Fv2%2Ftags&post=412381"}],"curies":[{"name":"wp","href":"https:\/\/api.w.org\/{rel}","templated":true}]}}