{"id":412390,"date":"2019-01-25T00:07:10","date_gmt":"2019-01-25T06:07:10","guid":{"rendered":"https:\/\/www.diarioimagen.net\/?p=412390"},"modified":"2019-01-25T03:51:48","modified_gmt":"2019-01-25T09:51:48","slug":"refuerzan-fiscalizacion-efectiva-de-recursos-en-estados-y-municipios","status":"publish","type":"post","link":"https:\/\/www.diarioimagen.net\/?p=412390","title":{"rendered":"Refuerzan fiscalizaci\u00f3n efectiva de recursos en estados y municipios"},"content":{"rendered":"<ul>\n<li><strong><em>Nuevo marco normativo a iniciativa de Edgar Olvera<\/em><\/strong><\/li>\n<\/ul>\n<p>&nbsp;<\/p>\n<div id=\"attachment_412465\" style=\"width: 470px\" class=\"wp-caption aligncenter\"><a href=\"https:\/\/www.diarioimagen.net\/?attachment_id=412465\" rel=\"attachment wp-att-412465\"><img loading=\"lazy\" decoding=\"async\" aria-describedby=\"caption-attachment-412465\" class=\"size-large wp-image-412465\" src=\"https:\/\/www.diarioimagen.net\/wp-content\/uploads\/2019\/01\/VALLE-25-460x259.jpg\" alt=\"\" width=\"460\" height=\"259\" srcset=\"https:\/\/www.diarioimagen.net\/wp-content\/uploads\/2019\/01\/VALLE-25-460x259.jpg 460w, https:\/\/www.diarioimagen.net\/wp-content\/uploads\/2019\/01\/VALLE-25-240x135.jpg 240w, https:\/\/www.diarioimagen.net\/wp-content\/uploads\/2019\/01\/VALLE-25-235x132.jpg 235w, https:\/\/www.diarioimagen.net\/wp-content\/uploads\/2019\/01\/VALLE-25-202x114.jpg 202w, https:\/\/www.diarioimagen.net\/wp-content\/uploads\/2019\/01\/VALLE-25-350x196.jpg 350w, https:\/\/www.diarioimagen.net\/wp-content\/uploads\/2019\/01\/VALLE-25-220x123.jpg 220w, https:\/\/www.diarioimagen.net\/wp-content\/uploads\/2019\/01\/VALLE-25-237x132.jpg 237w, https:\/\/www.diarioimagen.net\/wp-content\/uploads\/2019\/01\/VALLE-25.jpg 480w\" sizes=\"auto, (max-width: 460px) 100vw, 460px\" \/><\/a><p id=\"caption-attachment-412465\" class=\"wp-caption-text\">Edgar Olvera,\u00a0 ex alcalde de Naucalpan, afirm\u00f3 que es necesario mejorar la supervisi\u00f3n\u00a0 y manejo de partidas\u00a0presupuestales.<\/p><\/div>\n<p>&nbsp;<\/p>\n<p><strong>Valle de M\u00e9xico, Estado de M\u00e9xico<\/strong>.- Fiscalizaci\u00f3n efectiva y transparencia en el uso de los recursos p\u00fablicos en estados y municipios del pa\u00eds, ser\u00e1 una realidad con el nuevo marco normativo aprobado por diputados mexiquenses a iniciativa del legislador Edgar Olvera.<\/p>\n<p>El GPPAN propuso dise\u00f1ar la Ley General\u00a0 de Fiscalizaci\u00f3n y Rendici\u00f3n de Cuentas\u00a0 para fortalecer\u00a0 la funci\u00f3n fiscalizadora en los estados y municipios, misma que hoy\u00a0 se aprob\u00f3.<\/p>\n<p>Edgar Olvera,\u00a0 ex alcalde de Naucalpan, dijo que es necesario mejorar la supervisi\u00f3n\u00a0 y manejo de partidas\u00a0 presupuestales, por lo que ahora que se aprob\u00f3 la iniciativa para reformar el art\u00edculo 73 de la Constituci\u00f3n Pol\u00edtica, ser\u00e1 una realidad, el nuevo marco normativo en\u00a0 el pa\u00eds. Agreg\u00f3 que actualmente en muchas entidades no se toman en cuenta las normas del Sistema Nacional de Fiscalizaci\u00f3n, por lo que era necesario\u00a0\u00a0 una ley general que hiciera efectiva la rendici\u00f3n de cuentas.<\/p>\n<p>El diputado local del PAN, Edgar Olvera, explic\u00f3 que la\u00a0 vigilancia de la aplicaci\u00f3n y rendici\u00f3n de cuentas por parte de\u00a0 la Auditoria Superior\u00a0 de la Federaci\u00f3n, tambi\u00e9n era insuficiente,\u00a0 por\u00a0 lo que es un logro del\u00a0 GPPAN la aprobaci\u00f3n\u00a0 de la ley que homologa\u00a0 los procesos de fiscalizaci\u00f3n\u00a0 en estados y municipios.<\/p>\n<p>Olvera Higuera\u00a0 dijo que la rendici\u00f3n de cuentas y la\u00a0 transparencia en el uso de los recursos p\u00fablicos son los cimientos para una buena gobernanza, por lo que con su iniciativa mejorar\u00e1 la\u00a0 fiscalizaci\u00f3n\u00a0 en estados y municipios.<\/p>\n","protected":false},"excerpt":{"rendered":"<p>Fiscalizaci\u00f3n efectiva y transparencia en el uso de los recursos p\u00fablicos en estados y municipios del pa\u00eds, ser\u00e1 una realidad con el nuevo marco normativo aprobado por diputados mexiquenses a iniciativa del legislador Edgar Olvera.<\/p>\n","protected":false},"author":3,"featured_media":412465,"comment_status":"open","ping_status":"open","sticky":false,"template":"","format":"standard","meta":{"_monsterinsights_skip_tracking":false,"_monsterinsights_sitenote_active":false,"_monsterinsights_sitenote_note":"","_monsterinsights_sitenote_category":0,"footnotes":""},"categories":[35155],"tags":[82214,43675,25414,34],"class_list":["post-412390","post","type-post","status-publish","format-standard","has-post-thumbnail","hentry","category-estado-de-mexico-estado-de-mexico","tag-efectiva","tag-estado-de-mexico","tag-municipios","tag-valle-de-mexico"],"_links":{"self":[{"href":"https:\/\/www.diarioimagen.net\/index.php?rest_route=\/wp\/v2\/posts\/412390","targetHints":{"allow":["GET"]}}],"collection":[{"href":"https:\/\/www.diarioimagen.net\/index.php?rest_route=\/wp\/v2\/posts"}],"about":[{"href":"https:\/\/www.diarioimagen.net\/index.php?rest_route=\/wp\/v2\/types\/post"}],"author":[{"embeddable":true,"href":"https:\/\/www.diarioimagen.net\/index.php?rest_route=\/wp\/v2\/users\/3"}],"replies":[{"embeddable":true,"href":"https:\/\/www.diarioimagen.net\/index.php?rest_route=%2Fwp%2Fv2%2Fcomments&post=412390"}],"version-history":[{"count":0,"href":"https:\/\/www.diarioimagen.net\/index.php?rest_route=\/wp\/v2\/posts\/412390\/revisions"}],"wp:featuredmedia":[{"embeddable":true,"href":"https:\/\/www.diarioimagen.net\/index.php?rest_route=\/wp\/v2\/media\/412465"}],"wp:attachment":[{"href":"https:\/\/www.diarioimagen.net\/index.php?rest_route=%2Fwp%2Fv2%2Fmedia&parent=412390"}],"wp:term":[{"taxonomy":"category","embeddable":true,"href":"https:\/\/www.diarioimagen.net\/index.php?rest_route=%2Fwp%2Fv2%2Fcategories&post=412390"},{"taxonomy":"post_tag","embeddable":true,"href":"https:\/\/www.diarioimagen.net\/index.php?rest_route=%2Fwp%2Fv2%2Ftags&post=412390"}],"curies":[{"name":"wp","href":"https:\/\/api.w.org\/{rel}","templated":true}]}}