{"id":412432,"date":"2019-01-25T00:00:00","date_gmt":"2019-01-25T06:00:00","guid":{"rendered":"https:\/\/www.diarioimagen.net\/?p=412432"},"modified":"2019-01-25T02:59:44","modified_gmt":"2019-01-25T08:59:44","slug":"monreal-demasiado-confiado","status":"publish","type":"post","link":"https:\/\/www.diarioimagen.net\/?p=412432","title":{"rendered":"Monreal, \u00bfdemasiado confiado?"},"content":{"rendered":"<h2>La Retaguardia<\/h2>\n<h5>Adriana Moreno Cordero<\/h5>\n<p><em>\u00a0<\/em><\/p>\n<ul>\n<li><strong>Morena no tiene necesidad de PRIMOR<\/strong><\/li>\n<li><strong>AMLO, empe\u00f1ado en \u201cevangelizar\u201d al pueblo bueno y sabio<\/strong><\/li>\n<\/ul>\n<p>&nbsp;<\/p>\n<p>\u00bfNo estar\u00e1 demasiado confiado el coordinador de la fracci\u00f3n de Morena en el Senado de la Rep\u00fablica, <strong>Ricardo Monreal<\/strong>?<\/p>\n<p>La pregunta viene a cuento porque apenas declar\u00f3 que su partido no tiene la m\u00e1s m\u00ednima necesidad de establecer alianzas con el PRI, lo que en los corrillos legislativos ya se conoce como PRIMOR y que de acuerdo a lo declarado por la dirigente del partido de <strong>Andr\u00e9s Manuel L\u00f3pez Obrador<\/strong>, <strong>Yeidckol Polevnsky<\/strong>, esta alianza se oye mucho mejor que la que en su momento estableci\u00f3 el Revolucionario Institucional cuando estaba en el poder y que se conoci\u00f3 como el PRIAN.<\/p>\n<p>De hecho, este \u00faltimo t\u00e9rmino, el de PRIAN, fue muy, pero muy utilizado por el hoy presidente cuando estaba en \u00e9poca de campa\u00f1as; de hecho en los diferentes m\u00edtines que encabez\u00f3, se\u00f1al\u00f3 la relaci\u00f3n entre pri\u00edstas y panistas y la calific\u00f3 como la \u201cmafia del poder\u201d y, \u00a1qui\u00e9n lo iba a decir!, ahora, el Jefe del Ejecutivo ha llamado a los \u201cemisarios del pasado\u201d a formar parte de su equipo, ah\u00ed est\u00e1 el ejemplo de Pemex donde, el brillante agr\u00f3nomo <strong>Octavio Romero Oropeza<\/strong>, nada m\u00e1s no puede, el gobierno tuvo que recurrir a gente que ya hab\u00eda trabajado en la paraestatal y hasta estuvo involucrada en uno que otro esc\u00e1ndalo, \u00bfo no?<\/p>\n<p>A lo mejor al zacatecano se le olvida que en la discusi\u00f3n que tuvo lugar en la C\u00e1mara de Diputados sobre la Guardia Nacional, el mism\u00edsimo diputado de Morena, <strong>Pablo G\u00f3mez y Alvarez,<\/strong> tuvo que acercarse a negociar con la bancada tricolor que coordina <strong>Ren\u00e9 Ju\u00e1rez Cisneros<\/strong>, pues no contaba con las dos terceras partes reglamentarias para aprobar este tema.<\/p>\n<p>Al final, todo sali\u00f3 mal, pues al presidente L\u00f3pez Obrador, no le gust\u00f3 nada que hubieran quitado el art\u00edculo que tiene que ver con que, en lo que la Guardia Nacional \u201caterriza\u201d, sea el Ej\u00e9rcito el que est\u00e9 en las calles, pero como el propio Pablo G\u00f3mez lo dijo, no hab\u00eda otra forma de negociar con el PRI; si no se quitaba ese art\u00edculo, no se hubiera podido conformar en la C\u00e1mara Baja la alianza PRIMOR, que permiti\u00f3 sacar adelante la Guardia Nacional.<\/p>\n<p>De San L\u00e1zaro, \u2014como se recordar\u00e1-, la minuta aprobada se envi\u00f3 al Senado de la Rep\u00fablica, donde es de esperarse que le tocar\u00e1 al coordinador de la fracci\u00f3n parlamentaria morenista negociar y resultar\u00eda hasta l\u00f3gico que Monreal se tendr\u00eda que acercar a la bancada que en la C\u00e1mara Alta coordina <strong>Miguel Angel Osorio Chong<\/strong>, pero ah\u00ed, seg\u00fan se sabe, hay serias diferencias entre uno y otro.<\/p>\n<p>Ser\u00e1 pues en el Senado de la Rep\u00fablica, donde se tendr\u00e1 que negociar que la iniciativa de la Guardia Nacional pase, tal y como lo orden\u00f3 el presidente L\u00f3pez Obrador y as\u00ed no tenga el menor motivo de enojo.<\/p>\n<p>Por lo anterior, resulta extra\u00f1o que el senador Monreal diga que \u201cMorena puede solo\u201d, ya que guarda coincidencia ideol\u00f3gica con el PES\u00a0 y el Partido del Trabajo, que son los aliados hist\u00f3ricos de los morenistas. \u00bfSer\u00e1?<\/p>\n<p>Por su parte, la se\u00f1ora Polevnsky, -a quien Monreal no ve con buenos ojos-, hizo referencia a PRIMOR, por el tema de Puebla y la reciente designaci\u00f3n como gobernador interino del pri\u00edsta <strong>Guillermo Pacheco Pulido<\/strong>.<\/p>\n<p>Como es bien sabido, la dirigente morenista no ha quitado nunca \u201cel dedo del rengl\u00f3n\u201d en este asunto y siempre ha apoyado incondicionalmente a quien fuera abanderado de su partido al gobierno poblano, <strong>Luis Miguel Barbosa<\/strong>.<\/p>\n<p>Para esta nueva elecci\u00f3n, Polenvsky meti\u00f3 \u201ccon calzador\u201d al experredista al se\u00f1alar que volver\u00e1 a ser candidato en unas elecciones en las que por cierto, ya dijo el presidente L\u00f3pez Obrador, ahora s\u00ed se van a realizar en condiciones de confianza y ser\u00e1n democr\u00e1ticas, lo que suena m\u00e1s bien a una de las muchas presiones de las que fue objeto la presidenta del Tribunal Electoral del Poder Judicial de la Federaci\u00f3n<strong>, Janine Ot\u00e1lora<\/strong>.<\/p>\n<p>Lo m\u00e1s probable entonces, es que el jefe del Ejecutivo haya \u201cpalomeado\u201d esta naciente alianza PRIMOR, que le vino al modo en el caso Puebla. La primera de muchas.<\/p>\n<p style=\"text-align: center;\"><strong>MUNICIONES<\/strong><\/p>\n<p>*** El gobierno de Quintana Roo, que encabeza <strong>Carlos Joaqu\u00edn Gonz\u00e1lez<\/strong>, se llev\u00f3 las palmas en la edici\u00f3n 2019 de la Feria Internacional de Turismo de Madrid; pues, frente a las m\u00e1s de 60 delegaciones internacionales participantes, el municipio de Tulum se adjudic\u00f3 el galard\u00f3n del \u201cMejor Destino Sustentable del Mundo\u201d, por instrumentar una pol\u00edtica de desarrollo tur\u00edstico amigable con el medio ambiente.<\/p>\n<p>Hablamos de una localidad que, con una tasa de crecimiento econ\u00f3mico anual cercana al 30 por ciento, es fundamental para alcanzar los casi 11 mil millones de d\u00f3lares que recibe anualmente el estado por derrama tur\u00edstica.<\/p>\n<p>*** De manera un\u00e1nime, los tesoreros municipales mexiquenses ubicados en el Valle de M\u00e9xico nombraron a <strong>Fernando Reyna Iglesias<\/strong>, tesorero de Atizap\u00e1n de Zaragoza, que gobierna <strong>Ruth Olvera<\/strong>, como su representante ante el Instituto Hacendario de esa entidad federativa. La interlocuci\u00f3n de Reyna Iglesias no ser\u00e1\u00a0sencilla, ante los graves problemas financieros, algunos en plena bancarrota, que les heredaron las administraciones salientes.<\/p>\n<p>*** El que siempre da material, es el flamante presidente de la Comisi\u00f3n de Cultura de la C\u00e1mara de Diputados, <strong>Sergio Mayer<\/strong>, que otra vez volvi\u00f3 a \u201cregar el atole\u201d.<\/p>\n<p>Resulta que estando de visita en Chiapas, donde ha estado comiendo tamales y otras delicias de la cocina de ese estado, el ex integrante de \u201cGaribaldi\u201d, confundi\u00f3 a las bell\u00edsimas Cascadas de Agua Azul, una importante atracci\u00f3n de la entidad, con cataratas. \u00bfSer\u00e1 por aquello que el morenista ya estuvo en las Cataratas del Ni\u00e1gara?, de plano, se le extravi\u00f3 la br\u00fajula y a\u00fan as\u00ed, dice que \u00e9l tambi\u00e9n tiene posibilidades para el 2024, igual que el letrado gobernador de Morelos, <strong>Cuauht\u00e9moc Blanco<\/strong>. \u00a1Qu\u00e9 tal!<\/p>\n<p>*** El presidente L\u00f3pez Obrador, est\u00e1 empe\u00f1ado en seguir \u201cevangelizando\u201d al pueblo sabio y bueno. Ayer pidi\u00f3\u00a0 no criminalizar, \u201cay\u00fadenme a convencer a los que por necesidad se dedican a la orde\u00f1a de ductos (a que se quiten de esa actividad)\u2026\u00a0 los entendemos, no los vamos a condenar porque hay mucha gente que plantea que se les juzgue y hasta se trata de justificar la tragedia. Ning\u00fan ser humano merece un castigo as\u00ed. Que se le d\u00e9 la espalda al robo de combustible\u201d. \u00a1Qu\u00e9 tal!<\/p>\n<p><u><\/u><a href=\"mailto:morcora@gmail.com\" target=\"_blank\" rel=\"noopener\"><em>morcora@gmail.com<\/em><\/a><\/p>\n","protected":false},"excerpt":{"rendered":"<p><span style=\"color: #005497;\"><strong>Adriana Moreno Cordero<\/strong><\/span><\/p>\n","protected":false},"author":3,"featured_media":0,"comment_status":"open","ping_status":"open","sticky":false,"template":"","format":"standard","meta":{"_monsterinsights_skip_tracking":false,"_monsterinsights_sitenote_active":false,"_monsterinsights_sitenote_note":"","_monsterinsights_sitenote_category":0,"footnotes":""},"categories":[69370],"tags":[69369,69368,43674],"class_list":["post-412432","post","type-post","status-publish","format-standard","hentry","category-adriana-moreno-cordero","tag-adriana-moreno-cordero","tag-la-retaguardia","tag-opinion"],"_links":{"self":[{"href":"https:\/\/www.diarioimagen.net\/index.php?rest_route=\/wp\/v2\/posts\/412432","targetHints":{"allow":["GET"]}}],"collection":[{"href":"https:\/\/www.diarioimagen.net\/index.php?rest_route=\/wp\/v2\/posts"}],"about":[{"href":"https:\/\/www.diarioimagen.net\/index.php?rest_route=\/wp\/v2\/types\/post"}],"author":[{"embeddable":true,"href":"https:\/\/www.diarioimagen.net\/index.php?rest_route=\/wp\/v2\/users\/3"}],"replies":[{"embeddable":true,"href":"https:\/\/www.diarioimagen.net\/index.php?rest_route=%2Fwp%2Fv2%2Fcomments&post=412432"}],"version-history":[{"count":0,"href":"https:\/\/www.diarioimagen.net\/index.php?rest_route=\/wp\/v2\/posts\/412432\/revisions"}],"wp:attachment":[{"href":"https:\/\/www.diarioimagen.net\/index.php?rest_route=%2Fwp%2Fv2%2Fmedia&parent=412432"}],"wp:term":[{"taxonomy":"category","embeddable":true,"href":"https:\/\/www.diarioimagen.net\/index.php?rest_route=%2Fwp%2Fv2%2Fcategories&post=412432"},{"taxonomy":"post_tag","embeddable":true,"href":"https:\/\/www.diarioimagen.net\/index.php?rest_route=%2Fwp%2Fv2%2Ftags&post=412432"}],"curies":[{"name":"wp","href":"https:\/\/api.w.org\/{rel}","templated":true}]}}