{"id":412473,"date":"2019-01-28T00:10:49","date_gmt":"2019-01-28T06:10:49","guid":{"rendered":"https:\/\/www.diarioimagen.net\/?p=412473"},"modified":"2019-01-28T03:06:31","modified_gmt":"2019-01-28T09:06:31","slug":"inicia-periodo-de-pre-registro-para-estudiantes-de-educacion-media-superior-en-edomex","status":"publish","type":"post","link":"https:\/\/www.diarioimagen.net\/?p=412473","title":{"rendered":"Pre-registro para estudiantes de educaci\u00f3n media superior"},"content":{"rendered":"<h2>Arco Norte<\/h2>\n<h5>Jos\u00e9 Luis Monta\u00f1ez Aguilar<\/h5>\n<p>&nbsp;<\/p>\n<div id=\"attachment_412474\" style=\"width: 470px\" class=\"wp-caption aligncenter\"><img loading=\"lazy\" decoding=\"async\" aria-describedby=\"caption-attachment-412474\" class=\"size-large wp-image-412474\" src=\"https:\/\/www.diarioimagen.net\/wp-content\/uploads\/2019\/01\/REGISTRO28-portal-460x268.jpg\" alt=\"\" width=\"460\" height=\"268\" srcset=\"https:\/\/www.diarioimagen.net\/wp-content\/uploads\/2019\/01\/REGISTRO28-portal-460x268.jpg 460w, https:\/\/www.diarioimagen.net\/wp-content\/uploads\/2019\/01\/REGISTRO28-portal-240x140.jpg 240w, https:\/\/www.diarioimagen.net\/wp-content\/uploads\/2019\/01\/REGISTRO28-portal.jpg 480w\" sizes=\"auto, (max-width: 460px) 100vw, 460px\" \/><p id=\"caption-attachment-412474\" class=\"wp-caption-text\">Convocan a los estudiantes de tercer grado y egresados de educaci\u00f3n secundaria a participar en el Concurso de Asignaci\u00f3n a la Educaci\u00f3n Media Superior para los 103 municipios.<\/p><\/div>\n<p>&nbsp;<\/p>\n<p>El gobierno del Estado de M\u00e9xico, a trav\u00e9s de la Secretar\u00eda de Educaci\u00f3n, la Universidad Aut\u00f3noma del Estado de M\u00e9xico y la Oficina de Enlace Institucional de la Subsecretar\u00eda de Educaci\u00f3n Media Superior de la Secretar\u00eda de Educaci\u00f3n P\u00fablica en la entidad, convocan a los estudiantes de tercer grado y egresados de educaci\u00f3n secundaria a participar en el Concurso de Asignaci\u00f3n a la Educaci\u00f3n Media Superior para los 103 municipios, Ciclo Escolar 2019-2020.<\/p>\n<p>Durante este proceso participan Escuelas Preparatorias Oficiales, Telebachillerato Comunitario, Centro de Bachillerato Tecnol\u00f3gico, Colegio de Estudios Cient\u00edficos y Tecnol\u00f3gicos del Estado de M\u00e9xico.<\/p>\n<p>Tambi\u00e9n Centro de Educaci\u00f3n Media Superior a Distancia, Colegio de Educaci\u00f3n Profesional T\u00e9cnica del Estado de M\u00e9xico, Centros de Estudios de Bachillerato, Centro de Bachillerato Tecnol\u00f3gico Agropecuario, Centro de Bachillerato Tecnol\u00f3gico Industrial y de Servicios, as\u00ed como el Centro de Estudios Tecnol\u00f3gicos Industrial y de Servicios.<\/p>\n<p>Los interesados podr\u00e1n realizar el pre-registro del viernes 1 al viernes 22 de febrero de 2019 de acuerdo con la primera letra de su CURP en la p\u00e1gina http:\/\/ingresoms.edugem.gob.mx.<\/p>\n<p>Para las letras A y B, los d\u00edas 1 y 5, para la letra C el 5 y 6; D y E, 6 y 7; F y G, 7 y 8; H e I, 8 y 11; J y K, 11 y 12; L, 12 y 13; M, 13 y 14; N y \u00d1, 14 y 15; O, P, y Q, 15 y 18; R, 18 y 19; S y T, 19 y 20; U, V y W, 20 y 21, y por \u00faltimo, X, Y y Z, 21 y 22 de febrero.<\/p>\n<p>Una vez realizado el pre-registro el solicitante acudir\u00e1 a registrarse en el plantel seleccionado como primera opci\u00f3n, en un horario de 9:00 a 18:00 hrs en escuelas con doble turno; y de 9:00 a 14:00 horas para instituciones con un turno, con el comprobante de pre-registro, dos fotograf\u00edas tama\u00f1o infantil, copia de la CURP y cubrir la cantidad de 370 pesos por concepto de derecho a examen, del 4 al 26 de marzo, de acuerdo con el siguiente calendario: Para las letras A y B, los d\u00edas 4 y 5 de marzo, para la letra C, el 5 y 6; D y E, 6 y 7; F y G, 7 y 8; H e I, 8 y 11; J y K, 11 y 12; L, 12 y 13; M, 13 y 15; N y \u00d1, 15 y 19; O, P, y Q, 19 y 20; R, 20 y 21; S y T, 21 y 22; U, V y W, 22 y 25, y por \u00faltimo, X, Y y Z, 25 y 26 de marzo.<\/p>\n<p>Al concluir este paso, el participante recibir\u00e1 la gu\u00eda de estudio y su pase de ingreso al examen que se aplicar\u00e1 el s\u00e1bado 4 de mayo del presente a\u00f1o en el lugar se\u00f1alado en el pase de ingreso.<\/p>\n<p>La relaci\u00f3n de aspirantes asignados se dar\u00e1 a conocer el 9 de junio en la p\u00e1gina antes mencionada y para mayor informaci\u00f3n los interesados pueden comunicarse al Centro de Atenci\u00f3n Telef\u00f3nica del Gobierno del Estado de M\u00e9xico (CATGEM) 01800-696-9696.<\/p>\n<p>El Concurso de Asignaci\u00f3n a la Educaci\u00f3n Media Superior en los 103 municipios del Estado de M\u00e9xico, es un proceso de selecci\u00f3n que se lleva a cabo en los municipios del Estado que no forman parte de la Zona Metropolitana de la Ciudad de M\u00e9xico; es decir, quedan exentos de esta convocatoria los planteles que se ubican en Acolman, Atizap\u00e1n, Chalco, Chicoloapan, Chimalhuac\u00e1n, Coacalco, Cuautitl\u00e1n, Cuautitl\u00e1n Izcalli, Ecatepec, Huixquilucan, Ixtapaluca, Naucalpan, Nezahualc\u00f3yotl, Nicol\u00e1s Romero, La Paz, Tec\u00e1mac, Tepotzotl\u00e1n, Texcoco, Tlalnepantla, Tultepec, Tultitl\u00e1n y Valle de Chalco.<\/p>\n<p><em><a href=\"mailto:montanezaguilar@gmail.com\" target=\"_blank\" rel=\"noopener\">montanezaguilar@gmail.com<\/a><\/em><\/p>\n","protected":false},"excerpt":{"rendered":"<p><span style=\"color: #005497;\">Jos\u00e9 Luis Monta\u00f1ez Aguilar<\/span><br \/>\n<br \/>\nEl gobierno del Estado de M\u00e9xico, a trav\u00e9s de la Secretar\u00eda de Educaci\u00f3n, la Universidad Aut\u00f3noma del Estado de M\u00e9xico y la Oficina de Enlace Institucional de la Subsecretar\u00eda de Educaci\u00f3n Media Superior de la Secretar\u00eda de Educaci\u00f3n P\u00fablica en la entidad, convocan a los estudiantes de tercer grado y egresados de educaci\u00f3n secundaria a participar en el Concurso de Asignaci\u00f3n a la Educaci\u00f3n Media Superior para los 103 municipios, Ciclo Escolar 2019-2020.<\/p>\n","protected":false},"author":5,"featured_media":412474,"comment_status":"open","ping_status":"open","sticky":false,"template":"","format":"standard","meta":{"_monsterinsights_skip_tracking":false,"_monsterinsights_sitenote_active":false,"_monsterinsights_sitenote_note":"","_monsterinsights_sitenote_category":0,"footnotes":""},"categories":[5],"tags":[2505,13284,68,43704,82219,43674,82220],"class_list":["post-412473","post","type-post","status-publish","format-standard","has-post-thumbnail","hentry","category-estado-de-mexico","tag-alfredo-del-mazo-maza","tag-arco-norte","tag-edomex","tag-jose-luis-montanez-aguilar","tag-media-superior","tag-opinion","tag-zona-metropolitana-de-la-cdmx"],"_links":{"self":[{"href":"https:\/\/www.diarioimagen.net\/index.php?rest_route=\/wp\/v2\/posts\/412473","targetHints":{"allow":["GET"]}}],"collection":[{"href":"https:\/\/www.diarioimagen.net\/index.php?rest_route=\/wp\/v2\/posts"}],"about":[{"href":"https:\/\/www.diarioimagen.net\/index.php?rest_route=\/wp\/v2\/types\/post"}],"author":[{"embeddable":true,"href":"https:\/\/www.diarioimagen.net\/index.php?rest_route=\/wp\/v2\/users\/5"}],"replies":[{"embeddable":true,"href":"https:\/\/www.diarioimagen.net\/index.php?rest_route=%2Fwp%2Fv2%2Fcomments&post=412473"}],"version-history":[{"count":0,"href":"https:\/\/www.diarioimagen.net\/index.php?rest_route=\/wp\/v2\/posts\/412473\/revisions"}],"wp:featuredmedia":[{"embeddable":true,"href":"https:\/\/www.diarioimagen.net\/index.php?rest_route=\/wp\/v2\/media\/412474"}],"wp:attachment":[{"href":"https:\/\/www.diarioimagen.net\/index.php?rest_route=%2Fwp%2Fv2%2Fmedia&parent=412473"}],"wp:term":[{"taxonomy":"category","embeddable":true,"href":"https:\/\/www.diarioimagen.net\/index.php?rest_route=%2Fwp%2Fv2%2Fcategories&post=412473"},{"taxonomy":"post_tag","embeddable":true,"href":"https:\/\/www.diarioimagen.net\/index.php?rest_route=%2Fwp%2Fv2%2Ftags&post=412473"}],"curies":[{"name":"wp","href":"https:\/\/api.w.org\/{rel}","templated":true}]}}