{"id":412531,"date":"2019-01-28T00:01:17","date_gmt":"2019-01-28T06:01:17","guid":{"rendered":"https:\/\/www.diarioimagen.net\/?p=412531"},"modified":"2019-01-28T05:11:20","modified_gmt":"2019-01-28T11:11:20","slug":"guerrero-galardonado-en-la-fitur-2019-en-el-capitulo-paises","status":"publish","type":"post","link":"https:\/\/www.diarioimagen.net\/?p=412531","title":{"rendered":"Guerrero, galardonado en la Fitur 2019 en el \u201ccap\u00edtulo Pa\u00edses\u201d"},"content":{"rendered":"<h2>De cinco estrellas<\/h2>\n<h5>Victoria Gonz\u00e1lez Prado<\/h5>\n<p>&nbsp;<\/p>\n<ul>\n<li><em><strong>Guerrero, galardonado en la Fitur 2019 en el \u201ccap\u00edtulo Pa\u00edses\u201d, junto con el Departamento de Turismo del gobierno de Karnataka y la Organizaci\u00f3n Nacional de Turismo de Jap\u00f3n<\/strong><\/em><\/li>\n<li><strong>Appel Leisure Group<\/strong><em><strong>, anunci\u00f3 que cerr\u00f3 2018 con 63 hoteles y 25 m\u00e1s en desarrollo, lo que se traduce en m\u00e1s de 22 mil habitaciones abiertas y 12 mil m\u00e1s en desarrollo, con crecimiento a doble d\u00edgito<\/strong><\/em><\/li>\n<\/ul>\n<p>&nbsp;<\/p>\n<div id=\"attachment_150732\" style=\"width: 430px\" class=\"wp-caption aligncenter\"><a href=\"https:\/\/diarioimagenqroo.mx\/noticias\/?attachment_id=150732\" rel=\"attachment wp-att-150732\"><img loading=\"lazy\" decoding=\"async\" aria-describedby=\"caption-attachment-150732\" class=\"size-large wp-image-150732\" src=\"https:\/\/diarioimagenqroo.mx\/noticias\/wp-content\/uploads\/2019\/01\/CINCO-ESTRELLAS-420x236.jpg\" alt=\"\" width=\"420\" height=\"236\" \/><\/a><p id=\"caption-attachment-150732\" class=\"wp-caption-text\">Luego de la entrega del premio al stand de Guerrero.<\/p><\/div>\n<p>&nbsp;<\/p>\n<p><strong>Madrid, Espa\u00f1a.- <\/strong>El estado de Guerrero fue galardonado en la Feria Internacional de Turismo 2019 en el cap\u00edtulo de Pa\u00edses junto con el Departamento de Turismo del gobierno de Karnataka, La Organizaci\u00f3n Nacional de Turismo de Jap\u00f3n y Guerrero, M\u00e9xico.<\/p>\n<p>Recordemos que el a\u00f1o pasado Guerrero obtuvo una menci\u00f3n especial en el mismo cap\u00edtulo sin que se le entregara el premio.<\/p>\n<p>Como cada a\u00f1o el jurado volvi\u00f3 a distinguir las m\u00e1s destacadas participaciones de esta edici\u00f3n, que organizada por IFEMA se celebr\u00f3 desde el pasado mi\u00e9rcoles 23 de enero en Feria de Madrid, a trav\u00e9s de su Concurso a los Mejores Stands.<\/p>\n<p>El reconocimiento lo recibi\u00f3 <strong>Ernesto Rodr\u00edguez Escalona<\/strong>, secretario de Turismo de Guerrero, a nombre del gobernador de la entidad<strong> H\u00e9ctor Astudillo Flores<\/strong>, de manos de la directora saliente de la Fitur, <strong>Ana Larra\u00f1aga<\/strong>, teniendo como testigo a la nueva directora de la Feria Internacional de Turismo, <strong>Ana Mar\u00eda de Valc\u00e1rcel<\/strong>.<\/p>\n<p><strong>De Valc\u00e1rcel<\/strong> indic\u00f3 que el premio se otorg\u00f3 a Guerrero \u2013entre 166 pa\u00edses participantes-, porque el stand de Guerrero es \u201cgran protagonista de la artesan\u00eda guerrerense del bule o guaje, elemento utilizado ampliamente desde \u00e9pocas prehisp\u00e1nicas que se decoraban para guardar especias semillas o incluso agua y es justamente uno de los decorados t\u00edpicos de estos bules que se extiende como halo por muros y mostradores\u201d.<\/p>\n<p>La nueva directora de la Feria Internacional de Turismo, destac\u00f3 tambi\u00e9n que el Pabell\u00f3n Guerrero present\u00f3 \u201cmotivos inspirados en la naturaleza mexicana, en cuyo stand invaden alegremente el centro hasta coronar todo el espacio en una fiesta de animales alados en color azul que transmiten al espectador la alegre algarab\u00eda de su vuelo\u201d.<\/p>\n<p><strong>Rodr\u00edguez Escalona, al hacer uso de la palabra,<\/strong> agradeci\u00f3 al jurado calificador la distinci\u00f3n y se\u00f1al\u00f3, \u201ceste premio proyecta al estado de Guerrero como destino de calidad mundial y nos promociona de manera muy importante ante la gran industria tur\u00edstica internacional\u201d.<\/p>\n<p>En este 2019, el puerto de Acapulco ser\u00e1 la sede de la 44 edici\u00f3n del Tianguis Tur\u00edstico a realizarse del siete al 10 de abril, evento considerado como el m\u00e1s importante de la industria tur\u00edstica en M\u00e9xico, en el que estar\u00e1n presentes representantes de m\u00e1s de 80 pa\u00edses.<\/p>\n<p>Los premios otorgados en el marco de la Feria Internacional de Turismo aqu\u00ed en Madrid se rigen por criterios de valoraci\u00f3n establecidos: Profesionalidad<strong>,<\/strong> la adecuaci\u00f3n del stand a las necesidades de comercializaci\u00f3n de cada producto; capacidad de Comunicaci\u00f3n\/Promoci\u00f3n en lo que se refiere a la identificaci\u00f3n del stand con la imagen y el producto y, dise\u00f1o, destacando especialmente el grado de originalidad e innovaci\u00f3n.<\/p>\n<p>Tambi\u00e9n fueron entregados premios en categor\u00eda de Instituciones y Comunidades Aut\u00f3nomas a los stands de: Islas Canarias, Turismo Navarra y Catalunya.<\/p>\n<p>Por \u00faltimo en el cap\u00edtulo de empresas, los Mejores Stands de Fitur 2019 fueron: <em>Palladium Hotel Group<\/em>, <em>NH Hotel Group<\/em> y <em>SIXT Rent a Car<\/em>.<\/p>\n<p>\u2730\u2730\u2730\u2730\u2730 <em>Appel Leisure Group<\/em> (ALG), anunci\u00f3 aqu\u00ed en Madrid, que cerr\u00f3 2018 con 63 hoteles y 25 m\u00e1s en desarrollo lo que se traduce en m\u00e1s de 22 mil habitaciones abiertas en su portafolio y 12 mil m\u00e1s en desarrollo, en otro a\u00f1o de crecimiento de doble digito.<\/p>\n<p>Ahora, ALG gestiona 63 resorts y tiene 25 m\u00e1s en desarrollo, en 11 pa\u00edses distintos bajo ocho marcas l\u00edderes en el sector. La expansi\u00f3n de la compa\u00f1\u00eda continuar\u00e1 en 2019 entrando en nuevos mercados en Europa, as\u00ed como en populares destinos a lo largo de M\u00e9xico, el Caribe y Centro Am\u00e9rica.<\/p>\n<p>\u00danicamente con los acuerdos firmados el grupo prev\u00e9 alcanzar las 16 marcas, 89 resorts, 35 mil habitaciones, 11 pa\u00edses y 39 destinos para 2021. \u201cEs incluso muy posible que podamos llegar a los 100 resorts muy pronto.<\/p>\n<p>En la rueda de prensa estuvieron: <strong>Alex Zozaya<\/strong>, presidente de <em>Appel Leisure Group<\/em>; <strong>Gonzalo del Pe\u00f3n<\/strong>, presidente de<em> AMResorts<\/em>; <strong>John Hutchinson<\/strong>, presidente de ALG Europa y, <strong>Javier Coll<\/strong>, vicepresidente ejecutivo y director de Estrategia en ALG.<\/p>\n<p>Al hacer uso de la palabra <strong>Alex Zozaya<\/strong> asegur\u00f3: \u201c2018 ha significado otro a\u00f1o de \u201cenorme\u201d crecimiento, ya que el apetito de los inversionistas por el desarrollo internacional de hoteles contin\u00faa increment\u00e1ndose, tanto en Europa, como en M\u00e9xico y el Caribe.<\/p>\n<p>Los propietarios de hoteles ven ventaja incomparable en trabajar con ALG y aprovechar nuestra s\u00f3lida red de relaciones para incrementar los rendimientos de sus resorts en el largo plazo\u201d.<\/p>\n<p>De igual forma<strong> Zozaya<\/strong>, se mostr\u00f3 \u201coptimista\u201d ante cuestiones sobre los posibles efectos adversos para el sector que pueden derivarse de la inestabilidad pol\u00edtica en M\u00e9xico. \u201cLa situaci\u00f3n del sector en M\u00e9xico est\u00e1 pasando por una transici\u00f3n que, esperemos, sea coyuntural, con una ca\u00edda del 4 por ciento del servicio respecto a 2017\u201d.<\/p>\n<p>Sin embargo, asegur\u00f3: \u201cla apertura al di\u00e1logo entre el sector privado y el gobierno hace pensar que ser\u00e1 posible hacer buen manejo de la crisis. Somos conscientes que tendremos que apretar el cintur\u00f3n y ganar m\u00e1s en marketing en este pa\u00eds\u201d.<\/p>\n<p>Por su parte, el presidente de ALG, <strong>John Hutchinson<\/strong>, se\u00f1al\u00f3 que el modelo de negocio de la compa\u00f1\u00eda ofrece valor \u201cexcepcional\u201d a los viajeros, as\u00ed como a los due\u00f1os de sus hoteles y socios de todo el mundo. Como operaci\u00f3n destacable en 2018, hizo referencia a la fusi\u00f3n con <em>Mark Travel Corporation<\/em>, principal competidor, que asegura caus\u00f3 que ALG duplicara la cantidad de pasajeros en este \u00faltimo a\u00f1o.<\/p>\n<p><strong>Hutchinson<\/strong> resalt\u00f3 que est\u00e1 operando en los cinco sectores: vacaciones, gesti\u00f3n de marcas hoteleras, programa de lealtad, gesti\u00f3n de servicios en destinos y tecnolog\u00eda.<\/p>\n<p>\u201cSomos mucho m\u00e1s fuerte mediante un modelo de negocio de integraci\u00f3n vertical que nos ayuda a estar en contacto con el viajero desde que planea su viaje, hasta su vuelta a casa\u201d.<\/p>\n<p>La adquisici\u00f3n de <em>Alua<\/em> a\u00f1adi\u00f3 12 hoteles al portafolio de ALG, sum\u00e1ndose a los cuatro resorts planeados en Europa que la compa\u00f1\u00eda ya hab\u00eda anunciado anteriormente gracias a estrat\u00e9gica alianza con Grupo Inversor Hesperia. Con este acuerdo, traer\u00e1 a Espa\u00f1a las reconocidas marcas <em>Secrets<\/em> <em>Resortss &amp; Spas <\/em>y<em> Dreams Resorts &amp; Spas. <\/em><\/p>\n<p>Por otra parte, se anunci\u00f3 recientemente el desarrollo de <em>Breathless Tulum Resort &amp; Spa,<\/em> en colaboraci\u00f3n con Grupo Hotelero Santa Fe. El nuevo resort, programado para abrir en 2021 con 300 suites, se convierte en la quinta propiedad de la marca <em>Breathless Resorts &amp; Spas.<\/em><\/p>\n<p>\u201cAhora m\u00e1s que nunca, los propietarios de hoteles necesitan un socio que no solo pueda ayudarlos a introducirse en la altamente competitiva industria de la hospitalidad en M\u00e9xico y el Caribe, sino que tambi\u00e9n pueda ofrecer valor excepcional y mayor retorno de la inversi\u00f3n\u201d,<\/p>\n<p><strong>El \u00e1ngel de la fama tiene sus alas hechas de papel&#8230; peri\u00f3dico\u201d.<\/strong><\/p>\n<p><em><a href=\"mailto:victoriagprado@gmail.com\" target=\"_blank\" rel=\"noopener\">victoriagprado@gmail.com<\/a><\/em><br \/>\n<em>Twitter: <a href=\"https:\/\/twitter.com\/victoriagprado\" target=\"_blank\" rel=\"noopener\">@victoriagprado<\/a><\/em><\/p>\n","protected":false},"excerpt":{"rendered":"<p>El estado de Guerrero fue galardonado en la Feria Internacional de Turismo 2019 en el cap\u00edtulo de Pa\u00edses junto con el Departamento de Turismo del gobierno de Karnataka, La Organizaci\u00f3n  Nacional de Turismo de Jap\u00f3n y Guerrero, M\u00e9xico.<\/p>\n","protected":false},"author":3,"featured_media":412642,"comment_status":"open","ping_status":"open","sticky":false,"template":"","format":"standard","meta":{"_monsterinsights_skip_tracking":false,"_monsterinsights_sitenote_active":false,"_monsterinsights_sitenote_note":"","_monsterinsights_sitenote_category":0,"footnotes":""},"categories":[11],"tags":[107,43674,43681,106],"class_list":["post-412531","post","type-post","status-publish","format-standard","has-post-thumbnail","hentry","category-turismo","tag-de-cinco-estrellas","tag-opinion","tag-turismo","tag-victoria-gonzalez-prado"],"_links":{"self":[{"href":"https:\/\/www.diarioimagen.net\/index.php?rest_route=\/wp\/v2\/posts\/412531","targetHints":{"allow":["GET"]}}],"collection":[{"href":"https:\/\/www.diarioimagen.net\/index.php?rest_route=\/wp\/v2\/posts"}],"about":[{"href":"https:\/\/www.diarioimagen.net\/index.php?rest_route=\/wp\/v2\/types\/post"}],"author":[{"embeddable":true,"href":"https:\/\/www.diarioimagen.net\/index.php?rest_route=\/wp\/v2\/users\/3"}],"replies":[{"embeddable":true,"href":"https:\/\/www.diarioimagen.net\/index.php?rest_route=%2Fwp%2Fv2%2Fcomments&post=412531"}],"version-history":[{"count":0,"href":"https:\/\/www.diarioimagen.net\/index.php?rest_route=\/wp\/v2\/posts\/412531\/revisions"}],"wp:featuredmedia":[{"embeddable":true,"href":"https:\/\/www.diarioimagen.net\/index.php?rest_route=\/wp\/v2\/media\/412642"}],"wp:attachment":[{"href":"https:\/\/www.diarioimagen.net\/index.php?rest_route=%2Fwp%2Fv2%2Fmedia&parent=412531"}],"wp:term":[{"taxonomy":"category","embeddable":true,"href":"https:\/\/www.diarioimagen.net\/index.php?rest_route=%2Fwp%2Fv2%2Fcategories&post=412531"},{"taxonomy":"post_tag","embeddable":true,"href":"https:\/\/www.diarioimagen.net\/index.php?rest_route=%2Fwp%2Fv2%2Ftags&post=412531"}],"curies":[{"name":"wp","href":"https:\/\/api.w.org\/{rel}","templated":true}]}}