{"id":412549,"date":"2019-01-28T00:11:05","date_gmt":"2019-01-28T06:11:05","guid":{"rendered":"https:\/\/www.diarioimagen.net\/?p=412549"},"modified":"2019-01-28T04:50:12","modified_gmt":"2019-01-28T10:50:12","slug":"uaem-profesionalizara-a-servidores-publicos","status":"publish","type":"post","link":"https:\/\/www.diarioimagen.net\/?p=412549","title":{"rendered":"UAEM profesionalizar\u00e1 a servidores p\u00fablicos"},"content":{"rendered":"<ul>\n<li><strong><em>De la Secretar\u00eda de la Contralor\u00eda<\/em><\/strong><\/li>\n<\/ul>\n<p>&nbsp;<\/p>\n<div id=\"attachment_412604\" style=\"width: 470px\" class=\"wp-caption aligncenter\"><a href=\"https:\/\/www.diarioimagen.net\/?attachment_id=412604\" rel=\"attachment wp-att-412604\"><img loading=\"lazy\" decoding=\"async\" aria-describedby=\"caption-attachment-412604\" class=\"size-large wp-image-412604\" src=\"https:\/\/www.diarioimagen.net\/wp-content\/uploads\/2019\/01\/UAEM-28-460x259.jpg\" alt=\"\" width=\"460\" height=\"259\" srcset=\"https:\/\/www.diarioimagen.net\/wp-content\/uploads\/2019\/01\/UAEM-28-460x259.jpg 460w, https:\/\/www.diarioimagen.net\/wp-content\/uploads\/2019\/01\/UAEM-28-240x135.jpg 240w, https:\/\/www.diarioimagen.net\/wp-content\/uploads\/2019\/01\/UAEM-28-235x132.jpg 235w, https:\/\/www.diarioimagen.net\/wp-content\/uploads\/2019\/01\/UAEM-28-202x114.jpg 202w, https:\/\/www.diarioimagen.net\/wp-content\/uploads\/2019\/01\/UAEM-28-350x196.jpg 350w, https:\/\/www.diarioimagen.net\/wp-content\/uploads\/2019\/01\/UAEM-28-220x123.jpg 220w, https:\/\/www.diarioimagen.net\/wp-content\/uploads\/2019\/01\/UAEM-28-237x132.jpg 237w, https:\/\/www.diarioimagen.net\/wp-content\/uploads\/2019\/01\/UAEM-28.jpg 480w\" sizes=\"auto, (max-width: 460px) 100vw, 460px\" \/><\/a><p id=\"caption-attachment-412604\" class=\"wp-caption-text\">El rector Alfredo Barrera Baca, y el titular de dicha secretaria, Javier Vargas Zempoalt\u00e9catl, firmaron un convenio general de colaboraci\u00f3n.<\/p><\/div>\n<p>&nbsp;<\/p>\n<p><strong>Toluca, Estado de M\u00e9xico<\/strong>.\u2013 La Universidad Aut\u00f3noma del Estado de M\u00e9xico profesionalizar\u00e1 a servidores p\u00fablicos adscritos a la Secretar\u00eda de la Contralor\u00eda del gobierno del Estado de M\u00e9xico, a trav\u00e9s de la Maestr\u00eda en Contralor\u00eda Gubernamental.<\/p>\n<p>Al firmar un convenio general de colaboraci\u00f3n, el rector Alfredo Barrera Baca y el titular de dicha secretaria, Javier Vargas Zempoalt\u00e9catl, destacaron que este posgrado tiene como prop\u00f3sito formar expertos en calidad de la gesti\u00f3n p\u00fablica al interior de la administraci\u00f3n estatal.<\/p>\n<p>Alfredo Barrera puntualiz\u00f3 que la creciente coordinaci\u00f3n acad\u00e9mica y profesional de la Aut\u00f3noma mexiquense con los diferentes sectores de la sociedad da cuenta de la confianza existente en la calidad del quehacer universitario.<\/p>\n<p>En la Sala de Rectores de la UAEM, precis\u00f3 que este programa de posgrado elevar\u00e1 las capacidades de los servidores p\u00fablicos para llevar a cabo acciones de prevenci\u00f3n, control, fiscalizaci\u00f3n, vigilancia y evaluaci\u00f3n de ingresos, gastos, recursos y obligaciones bajo consideraciones \u00e9ticas.<\/p>\n<p>La administraci\u00f3n 2017-2021, dijo Alfredo Barrera Baca, \u201crecupera la esencia de los c\u00f3digos human\u00edsticos que rigen a esta instituci\u00f3n bicentenaria y que permiten formar universitarios emp\u00e1ticos, con principios y valores universales como la raz\u00f3n, la verdad, la libertad, la justicia y el respeto\u201d.<\/p>\n<p>Javier Vargas Zempoalt\u00e9catl subray\u00f3 que el acercamiento con la m\u00e1xima casa de estudios mexiquense es resultado de su indiscutible prestigio en los \u00e1mbitos nacional e internacional, as\u00ed como su vasta experiencia acad\u00e9mica, que impulsar\u00e1n el desarrollo profesional de servidores p\u00fablicos de la Secretar\u00eda de la Contralor\u00eda.<\/p>\n<p>La UAEM ha demostrado a lo largo de su vida acad\u00e9mica los beneficios de la aplicaci\u00f3n del saber y el conocimiento, la pertinencia para forjar a los profesionistas que constituyen la fuerza impulsora para el trabajo en el Estado de M\u00e9xico.<\/p>\n<p>Detall\u00f3 que la colaboraci\u00f3n entre ambas instituciones permitir\u00e1 el crecimiento y desarrollo de los servidores p\u00fablicos adscritos a esta dependencia, conforme a lo establecido en el Plan de Desarrollo del Estado 2017-2023, a fin de fortalecer las instituciones p\u00fablicas, como un componente prioritario para lograr un gobierno capaz y responsable.<\/p>\n<p>El secretario asegur\u00f3 que la cooperaci\u00f3n solidaria es una de las estrategias m\u00e1s eficaces para enfrentar los desaf\u00edos del entorno actual, puesto que una organizaci\u00f3n aislada poco puede hacer frente a problemas complejos.<\/p>\n<p>El secretario de Investigaci\u00f3n y Estudios Avanzados de la UAEM, Carlos Eduardo Barrera D\u00edaz, explic\u00f3 que el convenio establece las bases para la realizaci\u00f3n de actividades conjuntas encaminadas a la superaci\u00f3n acad\u00e9mica, capacitaci\u00f3n y formaci\u00f3n profesional, el desarrollo de ciencia y tecnolog\u00eda y la divulgaci\u00f3n del conocimiento; en particular, desarrollo educativo de estudiantes, pasantes y personal.<\/p>\n","protected":false},"excerpt":{"rendered":"<p>La Universidad Aut\u00f3noma del Estado de M\u00e9xico profesionalizar\u00e1 a servidores p\u00fablicos adscritos a la Secretar\u00eda de la Contralor\u00eda del gobierno del Estado de M\u00e9xico, a trav\u00e9s de la Maestr\u00eda en Contralor\u00eda Gubernamental.<\/p>\n","protected":false},"author":3,"featured_media":412604,"comment_status":"open","ping_status":"open","sticky":false,"template":"","format":"standard","meta":{"_monsterinsights_skip_tracking":false,"_monsterinsights_sitenote_active":false,"_monsterinsights_sitenote_note":"","_monsterinsights_sitenote_category":0,"footnotes":""},"categories":[5],"tags":[43675,2575,452,1491],"class_list":["post-412549","post","type-post","status-publish","format-standard","has-post-thumbnail","hentry","category-estado-de-mexico","tag-estado-de-mexico","tag-servidores-publicos","tag-toluca","tag-uaem"],"_links":{"self":[{"href":"https:\/\/www.diarioimagen.net\/index.php?rest_route=\/wp\/v2\/posts\/412549","targetHints":{"allow":["GET"]}}],"collection":[{"href":"https:\/\/www.diarioimagen.net\/index.php?rest_route=\/wp\/v2\/posts"}],"about":[{"href":"https:\/\/www.diarioimagen.net\/index.php?rest_route=\/wp\/v2\/types\/post"}],"author":[{"embeddable":true,"href":"https:\/\/www.diarioimagen.net\/index.php?rest_route=\/wp\/v2\/users\/3"}],"replies":[{"embeddable":true,"href":"https:\/\/www.diarioimagen.net\/index.php?rest_route=%2Fwp%2Fv2%2Fcomments&post=412549"}],"version-history":[{"count":0,"href":"https:\/\/www.diarioimagen.net\/index.php?rest_route=\/wp\/v2\/posts\/412549\/revisions"}],"wp:featuredmedia":[{"embeddable":true,"href":"https:\/\/www.diarioimagen.net\/index.php?rest_route=\/wp\/v2\/media\/412604"}],"wp:attachment":[{"href":"https:\/\/www.diarioimagen.net\/index.php?rest_route=%2Fwp%2Fv2%2Fmedia&parent=412549"}],"wp:term":[{"taxonomy":"category","embeddable":true,"href":"https:\/\/www.diarioimagen.net\/index.php?rest_route=%2Fwp%2Fv2%2Fcategories&post=412549"},{"taxonomy":"post_tag","embeddable":true,"href":"https:\/\/www.diarioimagen.net\/index.php?rest_route=%2Fwp%2Fv2%2Ftags&post=412549"}],"curies":[{"name":"wp","href":"https:\/\/api.w.org\/{rel}","templated":true}]}}