{"id":412579,"date":"2019-01-28T00:07:06","date_gmt":"2019-01-28T06:07:06","guid":{"rendered":"https:\/\/www.diarioimagen.net\/?p=412579"},"modified":"2019-01-28T05:01:21","modified_gmt":"2019-01-28T11:01:21","slug":"bicicleteando-tultepec-cumple-seis-anos","status":"publish","type":"post","link":"https:\/\/www.diarioimagen.net\/?p=412579","title":{"rendered":"Bicicleteando Tultepec cumple seis a\u00f1os"},"content":{"rendered":"<ul>\n<li><strong><em>Lo festejan visitando el Museo del Mamut<\/em><\/strong><\/li>\n<\/ul>\n<p>&nbsp;<\/p>\n<div id=\"attachment_412623\" style=\"width: 470px\" class=\"wp-caption aligncenter\"><a href=\"https:\/\/www.diarioimagen.net\/?attachment_id=412623\" rel=\"attachment wp-att-412623\"><img loading=\"lazy\" decoding=\"async\" aria-describedby=\"caption-attachment-412623\" class=\"size-large wp-image-412623\" src=\"https:\/\/www.diarioimagen.net\/wp-content\/uploads\/2019\/01\/TULTEPEC-28-460x259.jpg\" alt=\"\" width=\"460\" height=\"259\" srcset=\"https:\/\/www.diarioimagen.net\/wp-content\/uploads\/2019\/01\/TULTEPEC-28-460x259.jpg 460w, https:\/\/www.diarioimagen.net\/wp-content\/uploads\/2019\/01\/TULTEPEC-28-240x135.jpg 240w, https:\/\/www.diarioimagen.net\/wp-content\/uploads\/2019\/01\/TULTEPEC-28-235x132.jpg 235w, https:\/\/www.diarioimagen.net\/wp-content\/uploads\/2019\/01\/TULTEPEC-28-202x114.jpg 202w, https:\/\/www.diarioimagen.net\/wp-content\/uploads\/2019\/01\/TULTEPEC-28-350x196.jpg 350w, https:\/\/www.diarioimagen.net\/wp-content\/uploads\/2019\/01\/TULTEPEC-28-220x123.jpg 220w, https:\/\/www.diarioimagen.net\/wp-content\/uploads\/2019\/01\/TULTEPEC-28-237x132.jpg 237w, https:\/\/www.diarioimagen.net\/wp-content\/uploads\/2019\/01\/TULTEPEC-28.jpg 480w\" sizes=\"auto, (max-width: 460px) 100vw, 460px\" \/><\/a><p id=\"caption-attachment-412623\" class=\"wp-caption-text\">Alonso Lozano, organizador, \u00a0asegur\u00f3 que \u201cadem\u00e1s de ayudar a contrarrestar la obesidad y problemas de salud que de ella derivan, el uso de la bicicleta.<\/p><\/div>\n<p>&nbsp;<\/p>\n<p><strong>Tultepec, Estado de M\u00e9xico<\/strong>.- \u201cBicicleteando Tultepec\u201d\u00a0es energ\u00eda que se mueve en nuestro municipio, como un instrumento de integraci\u00f3n social y promoci\u00f3n del uso de la bicicleta como medio de transporte.<\/p>\n<p>Tambi\u00e9n como parte del desarrollo integral para inculcar valores de respeto, orden, disciplina y sana convivencia en comunidad entre ni\u00f1os y j\u00f3venes y para las nuevas generaciones en general.<\/p>\n<p>As\u00ed lo expres\u00f3 Alonso Lozano, joven entusiasta del Barrio de Santa Isabel, en la zona centro del municipio, quien junto con un grupo de amigos han sido promotores de esta din\u00e1mica en Tultepec durante los \u00faltimos seis a\u00f1os.<\/p>\n<p>Precis\u00f3 que las constantes rodadas que \u00e9l y algunos otros amigos organizan, est\u00e1n dirigidas a la ciudadan\u00eda, con el \u00fanico requisito de querer compartir el gusto por el uso de la bicicleta \u201csin un motivo especial, s\u00f3lo por el gusto de inculcarlo en las nuevas generaciones\u201d.<\/p>\n<p>Aunque en esta ocasi\u00f3n, la rodada de este s\u00e1bado si tuvo un motivo especial, su 6\u00ba aniversario, que conmemoraron cerca de 60 ciclistas de todas las edades con un paseo en bicicleta por las principales calles de Tultepec, que culmin\u00f3 en el Museo del Mamut donde aprovecharon para conocerlo.<\/p>\n<p>En el lugar, los ciclistas realizaron un recorrido guiado por la cronista municipal, Juana Antonieta Z\u00fa\u00f1iga Urb\u00e1n por el Museo del Mamut de Tultepec, y escucharon una explicaci\u00f3n t\u00e9cnica sobre el hallazgo del ejemplar a cargo del arque\u00f3logo Felipe Mu\u00f1oz.<\/p>\n<p>Durante el paseo en bicicleta, el contingente fue abanderado por una unidad de Seguridad Ciudadana y por \u201cbloqueadores\u201d y \u201cbarredores\u201d; es decir, ciclistas urbanos m\u00e1s experimentados, quienes se encargan de proteger al grupo, sobre todo a los m\u00e1s peque\u00f1os, para evitar cualquier incidente.<\/p>\n<p>Alonso Lozano, expres\u00f3 sentirse orgulloso de haber crecido en un \u201cmunicipio bicicletero\u201d, donde a pesar de la cercan\u00eda con la zona metropolitana y del incremento del uso del autom\u00f3vil, la bicicleta en Tultepec se mantiene vigente y en crecimiento.<\/p>\n<p>\u201cAsegur\u00f3 que adem\u00e1s de ayudar a contrarrestar la obesidad y otros problemas salud que de ella derivan, as\u00ed como la contaminaci\u00f3n; el uso de la bicicleta es un importante v\u00ednculo de integraci\u00f3n social que abona considerablemente en la recuperaci\u00f3n del tejido social\u201d.<\/p>\n<p>Explic\u00f3 finalmente, que en cada rodada de\u00a0Bicicleteando\u00a0Tultepec, sin importar el n\u00famero de participantes, \u201cnos convertimos en una gran familia donde nos cuidamos unos a otros para disfrutar de las calles y de la belleza de nuestro municipio\u201d.<\/p>\n","protected":false},"excerpt":{"rendered":"<p>\u201cBicicleteando Tultepec\u201d es energ\u00eda que se mueve en nuestro municipio, como un instrumento de integraci\u00f3n social y promoci\u00f3n del uso de la bicicleta como medio de transporte.<\/p>\n","protected":false},"author":3,"featured_media":412623,"comment_status":"open","ping_status":"open","sticky":false,"template":"","format":"standard","meta":{"_monsterinsights_skip_tracking":false,"_monsterinsights_sitenote_active":false,"_monsterinsights_sitenote_note":"","_monsterinsights_sitenote_category":0,"footnotes":""},"categories":[5],"tags":[82263,43675,3802],"class_list":["post-412579","post","type-post","status-publish","format-standard","has-post-thumbnail","hentry","category-estado-de-mexico","tag-bicicleteando-tultepec","tag-estado-de-mexico","tag-tultepec"],"_links":{"self":[{"href":"https:\/\/www.diarioimagen.net\/index.php?rest_route=\/wp\/v2\/posts\/412579","targetHints":{"allow":["GET"]}}],"collection":[{"href":"https:\/\/www.diarioimagen.net\/index.php?rest_route=\/wp\/v2\/posts"}],"about":[{"href":"https:\/\/www.diarioimagen.net\/index.php?rest_route=\/wp\/v2\/types\/post"}],"author":[{"embeddable":true,"href":"https:\/\/www.diarioimagen.net\/index.php?rest_route=\/wp\/v2\/users\/3"}],"replies":[{"embeddable":true,"href":"https:\/\/www.diarioimagen.net\/index.php?rest_route=%2Fwp%2Fv2%2Fcomments&post=412579"}],"version-history":[{"count":0,"href":"https:\/\/www.diarioimagen.net\/index.php?rest_route=\/wp\/v2\/posts\/412579\/revisions"}],"wp:featuredmedia":[{"embeddable":true,"href":"https:\/\/www.diarioimagen.net\/index.php?rest_route=\/wp\/v2\/media\/412623"}],"wp:attachment":[{"href":"https:\/\/www.diarioimagen.net\/index.php?rest_route=%2Fwp%2Fv2%2Fmedia&parent=412579"}],"wp:term":[{"taxonomy":"category","embeddable":true,"href":"https:\/\/www.diarioimagen.net\/index.php?rest_route=%2Fwp%2Fv2%2Fcategories&post=412579"},{"taxonomy":"post_tag","embeddable":true,"href":"https:\/\/www.diarioimagen.net\/index.php?rest_route=%2Fwp%2Fv2%2Ftags&post=412579"}],"curies":[{"name":"wp","href":"https:\/\/api.w.org\/{rel}","templated":true}]}}