{"id":412594,"date":"2019-01-28T00:00:51","date_gmt":"2019-01-28T06:00:51","guid":{"rendered":"https:\/\/www.diarioimagen.net\/?p=412594"},"modified":"2019-01-28T05:19:58","modified_gmt":"2019-01-28T11:19:58","slug":"senado-inicia-discusion-de-guardia-nacional","status":"publish","type":"post","link":"https:\/\/www.diarioimagen.net\/?p=412594","title":{"rendered":"Senado inicia discusi\u00f3n de Guardia Nacional"},"content":{"rendered":"<h2>La Retaguardia<\/h2>\n<h5>Adriana Moreno Cordero<\/h5>\n<p>&nbsp;<\/p>\n<ul>\n<li><strong><em>Collins, carta fuerte<\/em><\/strong><\/li>\n<li><strong><em>Ortega reconoce que PRI no combati\u00f3 huachicoleo<\/em><\/strong><\/li>\n<li><strong><em>Los errores de Tlahuelilpan<\/em> <\/strong><\/li>\n<\/ul>\n<p>&nbsp;<\/p>\n<p>&nbsp;<\/p>\n<p>El Senado inicia la discusi\u00f3n sobre el marco legal definitivo de la Guardia Nacional; pero m\u00e1s all\u00e1 de qu\u00e9 documento apruebe el Senado de la Rep\u00fablica y en qui\u00e9n recaiga la responsabilidad de conducir a este nuevo cuerpo policial federal, es importante detenerse a observar el curr\u00edculum del ex secretario de Seguridad P\u00fablica, <strong>Raymundo Collins Flores<\/strong>, porque sin duda, constituye la carta m\u00e1s fuerte para ocupar la titularidad de la GN.<\/p>\n<p>De profesi\u00f3n ingeniero naval, su primer cargo importante fue como director de Seguridad y Riesgos de las instalaciones de Pemex, posici\u00f3n que en la actualidad ostenta el sobrino de <strong>Samuel del Villar<\/strong>, (qepd), <strong>Javier Gonz\u00e1lez del Villar<\/strong>.<\/p>\n<p>Con una larga trayectoria en la Polic\u00eda Judicial Federal, fue yanqui, (comandante) en casi todos los estados de la Rep\u00fablica, incluso se desempe\u00f1\u00f3 como subdelegado de la PGR de la Ciudad de M\u00e9xico.<\/p>\n<p>Collins Flores conoce palmo a palmo las entretelas del crimen organizado y otros delitos federales.<\/p>\n<p>Su formaci\u00f3n naval le ha permitido mantener una disciplina castrense apegada a principios y valores.<\/p>\n<p>Sabe de administraci\u00f3n y pol\u00edticas p\u00fablicas porque tambi\u00e9n ocup\u00f3 las direcciones generales de la Central de Abastos y del Instituto de la Vivienda en la capital del pa\u00eds.<\/p>\n<p>Destac\u00f3 en su funci\u00f3n al frente de la Secretaria de Seguridad P\u00fablica de la CDMX, ya que en tan solo cuatro meses remiti\u00f3 al MP a m\u00e1s de 20 mil presuntos delincuentes implicados en il\u00edcitos de alto impacto entre los que destacan: m\u00e1s de 3 mil 500 narcomenudistas; desmembr\u00f3 al c\u00e1rtel de Tepito y ya no hubo m\u00e1s descuartizados en la capital.<\/p>\n<p>F\u00e9rreo defensor de los derechos de la v\u00edctima, Raymundo Collins critic\u00f3 las deficiencias del nuevo sistema penal acusatorio que antepone las garant\u00edas de los delincuentes sobre las de los ofendidos, fen\u00f3meno que facilita la llamada \u201cpuerta giratoria\u201d en los reclusorios, es decir, la facilidad con que \u00e9stos salen.<\/p>\n<p>M\u00e1s all\u00e1 de la decisi\u00f3n que tome el gobierno federal, es importante reparar en el trabajo de este servidor p\u00fablico.<\/p>\n<p>Por otra parte y en lo que son las secuelas de la explosi\u00f3n en el ducto de Tlahuelilpan, expertos especialistas en el tema se\u00f1alan que no hay que olvidar que es en Pemex donde est\u00e1n los mejores bomberos de Latinoam\u00e9rica, que est\u00e1n entrenados en base a la Gu\u00eda de Respuesta a Emergencias, que es el manual donde se concentra todo lo que tiene que ver con las contingencias que puedan ocurrir en instalaciones de la paraestatal.<\/p>\n<p>Son varias las preguntas que quedan en el aire pues se supone que el d\u00eda de la tragedia, que cumpli\u00f3 una semana, que tuvieron que haber enviado de Tula a los mencionados bomberos pues la Refiner\u00eda donde se encuentran no est\u00e1 ubicada tan lejos de Tlahuelilpan.<\/p>\n<p>No sobra agregar que los bomberos de esta Refiner\u00eda, son especialistas en contener cualquier tipo de desastre que ocurra en Pemex, lo que incluye los ductos y adem\u00e1s con toda la infraestructura para atender la contingencia.<\/p>\n<p>En caso de que este cuerpo de bomberos hubiera sido enviado a Tlahuelilpan, hubieran primero contenido y luego evitado que se siguiera derramando el combustible.<\/p>\n<p>Para contener, es indispensable inhabilitar la gasolina y para eso, hay una espuma con la cual se cubren los ductos, lo que se estima se inhibe en un tiempo de alrededor de 10 minutos.<\/p>\n<p>Acto seguido, inicia la labor de limpieza en la que participa el Ej\u00e9rcito y que consiste en extraer la gasolina y transcurren d\u00edas para que concluya \u00e9sta.<\/p>\n<p>En lo que se conoce como el segundo c\u00edrculo de contenci\u00f3n, entra el Ej\u00e9rcito, encargado de resguardar y colocar barreras para que la gente no pase, cosa que no se hizo en el caso de la tragedia. Se hubiera tenido que suspender la corriente el\u00e9ctrica porque es altamente est\u00e1tica.<\/p>\n<p>En el primer c\u00edrculo de contenci\u00f3n, que se conoce como Zona de Muerte por ser el m\u00e1s arriesgado, comprende un radio de 150 metros y la gente resguardando con trajes de asbesto.<\/p>\n<p>En el tercer c\u00edrculo de contenci\u00f3n es donde se ubican los marinos y pueden ser 500 metros pero en Tlahuelilpan, no hubo ninguna de estas medidas de seguridad\u00a0 pero, qu\u00e9 casualidad, aseguran los especialistas en estas cuestiones, el d\u00eda de la tragedia, todas las fuerzas del orden se fueron atr\u00e1s del cerco; transcurrieron cuatro horas entre que el Ej\u00e9rcito detect\u00f3 la fuga y se hizo algo.<\/p>\n<p style=\"text-align: center;\"><strong>Municiones<\/strong><\/p>\n<p>*** La ex gobernadora de Yucat\u00e1n, <strong>Ivonne Ortega Pacheco<\/strong>, alz\u00f3 la voz para reconocer que su partido, el PRI, en su momento no combati\u00f3 el robo de combustible.<\/p>\n<p>Mediante un video, la ex mandataria estatal admiti\u00f3 que no se realizaron esfuerzos suficientes para acabar con este delito, por lo que era urgente iniciar el combate al huachicoleo.<\/p>\n<p>Como la gran mayor\u00eda de los analistas, Ortega Pacheco coincidi\u00f3 en que debe mejorarse la estrategia de combate para que no se siga viendo afectada la ciudadan\u00eda y para lograrlo, esta tiene que ser absolutamente transparente.<\/p>\n<p>\u201cNosotros como pri\u00edstas, tenemos que ser responsables y se\u00f1alar que en los sexenios anteriores no se combati\u00f3 el huachicoleo de forma correcta y hoy es un gran problema\u201d, concluy\u00f3 la pri\u00edsta yucateca.<\/p>\n<p>*** Hoy inicia el debate convocado por la C\u00e1mara de Diputados, en torno a la reforma educativa que envi\u00f3 el Presidente L\u00f3pez Obrador.<\/p>\n<p>Har\u00e1n acto de presencia expertos, l\u00edderes sindicales, profesores, investigadores del sector educativo y dem\u00e1s.<\/p>\n<p>En la participaci\u00f3n de los sindicatos,\u00a0 habr\u00e1 que estar atentos a lo que \u201caporten\u201d organizaciones sindicales como el SNTE, tan desprestigiado por su pseudo l\u00edder, <strong>Alfonso Cepeda<\/strong>, que lleg\u00f3 a esa posici\u00f3n con \u201ccalzador\u201d; o la CNTE, con sus desmanes en Oaxaca, Michoac\u00e1n o Guerrero y que se han planteado como objetivo ahorcar a esas entidades.<\/p>\n<p>Afortunadamente, participar\u00e1 el SNTE, Sindicato de Trabajadores para la Educaci\u00f3n, sin duda, un gremio \u00a0plural, con seriedad y transparencia en sus actividades\u00a0 y que tal parece, les ganar\u00e1 la representatividad a los dos anteriores, tan desprestigiados.<\/p>\n<p>El secretario de Educaci\u00f3n P\u00fablica, <strong>Esteban Moctezuma<\/strong>, estar\u00e1 presente en las mesas de debate para concretar la reforma educativa. A ver qu\u00e9 sale.<\/p>\n<p>*** El coordinador de la bancada de Morena en el Senado de la Rep\u00fablica, <strong>Ricardo Monreal<\/strong>, estuvo como invitado de honor en el informe de la senadora por Tlaxcala, <strong>Ana Lilia Rivera<\/strong>. Ah\u00ed aprovech\u00f3 el zacatecano para hacer una convocatoria \u00a0a los Congresos locales \u201ca poner el ejemplo y ce\u00f1irse al Plan de Austeridad y de Sobriedad Republicana porque la Cuarta Transformaci\u00f3n no es para llegar con los mismos vicios y privilegios\u201d.<\/p>\n<p>Record\u00f3 Monreal que en la C\u00e1mara Alta se lograron ahorros por m\u00e1s de\u00a0\u00a0600 millones de pesos de septiembre a diciembre, gracias al acuerdo que votaron por unanimidad todos los grupos parlamentarios, de los cuales casi 280 millones de pesos se regresaron al erario. Aqu\u00ed la pregunta es: \u00bflo har\u00e1n los Congresos locales?<\/p>\n<p><u><\/u><a href=\"mailto:morcora@gmail.com\" target=\"_blank\" rel=\"noopener\"><em>morcora@gmail.com<\/em><\/a><\/p>\n","protected":false},"excerpt":{"rendered":"<p><span style=\"color: #005497;\"><strong>Adriana Moreno Cordero<\/strong><\/span><\/p>\n","protected":false},"author":3,"featured_media":0,"comment_status":"open","ping_status":"open","sticky":false,"template":"","format":"standard","meta":{"_monsterinsights_skip_tracking":false,"_monsterinsights_sitenote_active":false,"_monsterinsights_sitenote_note":"","_monsterinsights_sitenote_category":0,"footnotes":""},"categories":[69370],"tags":[69369,69368,43674],"class_list":["post-412594","post","type-post","status-publish","format-standard","hentry","category-adriana-moreno-cordero","tag-adriana-moreno-cordero","tag-la-retaguardia","tag-opinion"],"_links":{"self":[{"href":"https:\/\/www.diarioimagen.net\/index.php?rest_route=\/wp\/v2\/posts\/412594","targetHints":{"allow":["GET"]}}],"collection":[{"href":"https:\/\/www.diarioimagen.net\/index.php?rest_route=\/wp\/v2\/posts"}],"about":[{"href":"https:\/\/www.diarioimagen.net\/index.php?rest_route=\/wp\/v2\/types\/post"}],"author":[{"embeddable":true,"href":"https:\/\/www.diarioimagen.net\/index.php?rest_route=\/wp\/v2\/users\/3"}],"replies":[{"embeddable":true,"href":"https:\/\/www.diarioimagen.net\/index.php?rest_route=%2Fwp%2Fv2%2Fcomments&post=412594"}],"version-history":[{"count":0,"href":"https:\/\/www.diarioimagen.net\/index.php?rest_route=\/wp\/v2\/posts\/412594\/revisions"}],"wp:attachment":[{"href":"https:\/\/www.diarioimagen.net\/index.php?rest_route=%2Fwp%2Fv2%2Fmedia&parent=412594"}],"wp:term":[{"taxonomy":"category","embeddable":true,"href":"https:\/\/www.diarioimagen.net\/index.php?rest_route=%2Fwp%2Fv2%2Fcategories&post=412594"},{"taxonomy":"post_tag","embeddable":true,"href":"https:\/\/www.diarioimagen.net\/index.php?rest_route=%2Fwp%2Fv2%2Ftags&post=412594"}],"curies":[{"name":"wp","href":"https:\/\/api.w.org\/{rel}","templated":true}]}}