{"id":412607,"date":"2019-01-28T00:04:43","date_gmt":"2019-01-28T06:04:43","guid":{"rendered":"https:\/\/www.diarioimagen.net\/?p=412607"},"modified":"2019-01-29T01:46:54","modified_gmt":"2019-01-29T07:46:54","slug":"cnte-michoacan-y-moctezuma","status":"publish","type":"post","link":"https:\/\/www.diarioimagen.net\/?p=412607","title":{"rendered":"CNTE-Michoac\u00e1n  \u00bfY Moctezuma?"},"content":{"rendered":"<h2>Espacio Electoral<\/h2>\n<h5>Eleazar Flores<\/h5>\n<p>&nbsp;<\/p>\n<p><strong>\u00a1QUE CAMBIO MEDI\u00c1TICO!<\/strong>&#8211; Despu\u00e9s de diez d\u00edas de desquiciamiento econ\u00f3mico y social que provocan los integrantes de la Coordinadora Nacional de Trabajadores de la Educaci\u00f3n ante la complacencia de las autoridades federales y la incompetencia de las estatales\u2026 todo sigue igual.<\/p>\n<p>La extra\u00f1eza es que los influyentes medios nacionales para nada involucran al secretario de Educaci\u00f3n P\u00fablica, Esteban Moctezuma Barrag\u00e1n, en la soluci\u00f3n de este conflicto. O don Esteban est\u00e1 siendo ignorado para la soluci\u00f3n o de plano es muy poderoso para que nadie lo toque.<\/p>\n<p><strong>CNTE<\/strong>.- Es de sobra conocida para la poblaci\u00f3n, la actitud punitiva y desquiciadora de los dirigentes de la CNTE, sobre todo cuando de reclamar \u201cderechos\u201d se trata. Lo mismo, los de la CNTE de Michoac\u00e1n, que es el caso que nos ocupa, hacen lo mismo sus colegas de Chiapas, Oaxaca y Guerrero, cuando se sienten afectados en pagos de salarios, sobresueldos y dem\u00e1s bonos.<\/p>\n<p>Hasta antes del primero de diciembre, todos los males del pa\u00eds ten\u00edan un padre, el Presidente de la Rep\u00fablica y en segunda instancia el titular de la SEP, ll\u00e1mese como se llame. Esos males podr\u00edan ser de la m\u00e1s diversa \u00edndole, asesinatos, bloqueos de carreteras -sobre todo hacia Acapulco- y toma y destrucci\u00f3n de edificios p\u00fablicos y quema de archivos, hechos ya olvidados por muchos.<\/p>\n<p>Ahora, siguen registr\u00e1ndose hechos y fen\u00f3menos parecidos, por ejemplo, el bloqueo de v\u00edas f\u00e9rreas en el estado de Michoac\u00e1n, lo que afecta, no s\u00f3lo a los ferrocarrileros, tambi\u00e9n a muchos sectores de la producci\u00f3n, como la agroalimentaria y la automotriz. Las p\u00e9rdidas se cuantifican por cientos de millones de d\u00f3lares. Lo peor de todo, es que el problema sigue latente.<\/p>\n<p>Ya los docentes centistas han conseguido el pago de algunas quincenas, pero ante la satisfacci\u00f3n total de sus peticiones, prometieron seguir bloqueando las v\u00edas f\u00e9rreas. El \u201cconsolador\u201d pronunciamiento del gobierno federal de negociar \u201cpero sin violencia\u201d deja las cosas como est\u00e1n o peor, para la econom\u00eda y para el gobierno, pero a \u00e9ste le importa poco.<\/p>\n<p>Preg\u00fantese y resp\u00f3ndase acerca del comportamiento medi\u00e1tico si esas actitudes dubitativas o de plano tibias del gobierno para resolver el caso CNTE-Michoac\u00e1n, se hubieran registrado en tiempo del gobierno anterior. P\u00e9rdidas millonarias y desquiciamiento las adjudicar\u00edan al Presidente de la Rep\u00fablica y a los funcionarios de las dependencias respectivas.<\/p>\n<p>Para bien, pero creo que m\u00e1s para mal, hoy todo es diferente, pues a las cabezas de la cuarta transformaci\u00f3n les interesa sobremanera impulsar la pr\u00e1ctica del beisbol y fijarse la meta de que en seis o menos a\u00f1os haya sesenta o m\u00e1s mexicanos en las ligas mayores.<\/p>\n<p>Vamos progresando \u00bfno?<\/p>\n<p><a href=\"mailto:elefa44@gmail.com\" target=\"_blank\" rel=\"noopener\"><em>elefa44@gmail.com<\/em><\/a><\/p>\n","protected":false},"excerpt":{"rendered":"<p><span style=\"color: #005497;\"><strong>Eleazar Flores<\/strong><\/span><\/p>\n","protected":false},"author":3,"featured_media":0,"comment_status":"open","ping_status":"open","sticky":false,"template":"","format":"standard","meta":{"_monsterinsights_skip_tracking":false,"_monsterinsights_sitenote_active":false,"_monsterinsights_sitenote_note":"","_monsterinsights_sitenote_category":0,"footnotes":""},"categories":[81743],"tags":[81744,81776,43674],"class_list":["post-412607","post","type-post","status-publish","format-standard","hentry","category-eleazar-flores","tag-eleazar-flores","tag-espacio-electoral","tag-opinion"],"_links":{"self":[{"href":"https:\/\/www.diarioimagen.net\/index.php?rest_route=\/wp\/v2\/posts\/412607","targetHints":{"allow":["GET"]}}],"collection":[{"href":"https:\/\/www.diarioimagen.net\/index.php?rest_route=\/wp\/v2\/posts"}],"about":[{"href":"https:\/\/www.diarioimagen.net\/index.php?rest_route=\/wp\/v2\/types\/post"}],"author":[{"embeddable":true,"href":"https:\/\/www.diarioimagen.net\/index.php?rest_route=\/wp\/v2\/users\/3"}],"replies":[{"embeddable":true,"href":"https:\/\/www.diarioimagen.net\/index.php?rest_route=%2Fwp%2Fv2%2Fcomments&post=412607"}],"version-history":[{"count":0,"href":"https:\/\/www.diarioimagen.net\/index.php?rest_route=\/wp\/v2\/posts\/412607\/revisions"}],"wp:attachment":[{"href":"https:\/\/www.diarioimagen.net\/index.php?rest_route=%2Fwp%2Fv2%2Fmedia&parent=412607"}],"wp:term":[{"taxonomy":"category","embeddable":true,"href":"https:\/\/www.diarioimagen.net\/index.php?rest_route=%2Fwp%2Fv2%2Fcategories&post=412607"},{"taxonomy":"post_tag","embeddable":true,"href":"https:\/\/www.diarioimagen.net\/index.php?rest_route=%2Fwp%2Fv2%2Ftags&post=412607"}],"curies":[{"name":"wp","href":"https:\/\/api.w.org\/{rel}","templated":true}]}}