{"id":412631,"date":"2019-01-28T00:07:15","date_gmt":"2019-01-28T06:07:15","guid":{"rendered":"https:\/\/www.diarioimagen.net\/?p=412631"},"modified":"2019-02-04T04:47:35","modified_gmt":"2019-02-04T10:47:35","slug":"radicalizacion-de-la-cnte-prueba-de-fuego-del-gobierno-federal","status":"publish","type":"post","link":"https:\/\/www.diarioimagen.net\/?p=412631","title":{"rendered":"Radicalizaci\u00f3n de la CNTE, prueba de fuego del gobierno federal"},"content":{"rendered":"<h2>Como veo, doy<\/h2>\n<h5>Jorge Luis Galicia Palacios<\/h5>\n<p>&nbsp;<\/p>\n<ul>\n<li><strong><em>Paristas dejan sin clases a ni\u00f1os y ni\u00f1as de educaci\u00f3n b\u00e1sica y<\/em><em> estrangulan la econom\u00eda y producci\u00f3n de Michoac\u00e1n<\/em><\/strong><\/li>\n<\/ul>\n<p>&nbsp;<\/p>\n<p>&nbsp;<\/p>\n<p>Vaya prueba de fuego la que el gobierno federal tiene enfrente. La poblaci\u00f3n de Michoac\u00e1n vive momentos de estragos por el cierre de v\u00edas del tren y escuelas p\u00fablicas sin actividades, problem\u00e1tica originada por acciones de maestros integrantes de la Coordinadora Nacional de Trabajadores de la Educaci\u00f3n (CNTE) quienes iniciaron sus manifestaciones en demanda de pagos de salarios y otras prestaciones, pero a todas luces se observa que su estrategia es encarecer y elevar su pliego petitorio con el fin \u00fanico de, en el marco de los debates que se han iniciado en el Congreso de la Uni\u00f3n en materia de la llamada contrarreforma educativa, trasladar su propaganda pol\u00edtica hasta el mismo coraz\u00f3n de la Rep\u00fablica: la Ciudad de M\u00e9xico.<\/p>\n<p>Aqu\u00ed el tema es que lo hoy afecta a Michoac\u00e1n, sus impactos empiezan a sentirse en otras latitudes de la Rep\u00fablica, y las inconformidades por las molestias causadas por los paristas tambi\u00e9n van en crecimiento e incluso hay peticiones de los afectados en el sentido de que si ya se agotaron las instancias del di\u00e1logo sean las fuerzas p\u00fablicas las que act\u00faen, sin que ello signifique un acto de represi\u00f3n, ya que la intransigencia es evidente.<\/p>\n<p>Basta con echar una mirada a los titulares de algunos medios informativos para darnos cuenta de la magnitud del problema que en principio afecta a los oriundos de la tierra que tur\u00edsticamente se identifica con la mariposa monarca, pero que tiende a convertirse en un problema nacional: Bloqueos a ferrov\u00edas de carga \u201cafectan la econom\u00eda nacional\u201d, Bloqueo de la CNTE genera p\u00e9rdidas millonarias, y m\u00e1s etc\u00e9teras.<\/p>\n<p>Desde hace catorce d\u00edas que los de la CNTE mantienen bloqueada la v\u00eda del tren que comunica al puerto L\u00e1zaro C\u00e1rdenas \u00a0y \u00a0hace conexi\u00f3n hacia otros destinos nacionales, lo que ha provocado par\u00e1lisis de diversos sectores de la econom\u00eda.<\/p>\n<p>Por ejemplo, seg\u00fan reportes de la Asociaci\u00f3n Mexicana de Ferrocarriles A.C., por el bloqueo hay 252 trenes sin cargar, que representan 2.1 millones de toneladas que no han salido de sus or\u00edgenes. Otros reportes, como el de la Concamin, se\u00f1alan que hay 180 trenes varados y 8 mil 500 contenedores f\u00edsicamente en los puertos de Veracruz y Manzanillo, lo que en su conjunto esto representa casi mill\u00f3n y medio de toneladas de productos sin descargar y muchos de ellos corren el riesgo de echarse a perder.<\/p>\n<p>Los productores advierten que si el conflicto no se resuelve, pronto podr\u00edan surgir paros en sectores productivos como el petrolero, acerero, agr\u00edcola y agropecuario, y que por el momento la exportaci\u00f3n de autom\u00f3viles terminados se ha detenido.<\/p>\n<p>Es cierto, hay reclamos leg\u00edtimos que el magisterio hace a las autoridades estatales en el sentido de que no se les han pagado salarios de fin de a\u00f1o y otras prestaciones, donde como respuesta el gobierno michoacano se ha declarado en \u201cinsolvencia presupuestal\u201d, por lo cual el gobierno federal ha tenido que intervenir en el asunto y de entrada anunci\u00f3 recursos provenientes de las participaciones federales por el orden de mil millones de pesos, lo cual hasta el momento no ha sido suficiente para que el conflicto se destrabe, ya que los bloqueos de trenes contin\u00faan y el cierre de escuelas tambi\u00e9n.<\/p>\n<p>Vaya pruebita que a fuego lento han ido cocinando los dizque maestros, ojal\u00e1 no le soplen mucho al infiernito que han provocado, porque en una de esas el viento sopla en su contra y con m\u00e1s fuerza, lo cual por cierto no estar\u00eda mal para este grupo magisterial, porque han habido muchas de cal y no ser\u00eda mal visto que ante tanto desm\u00e1n y atropello por fin les llegara una de arena. Digo.<\/p>\n<p><strong>VA MI RESTO<\/strong>.- Muy mal se ha visto el gobernador de Michoac\u00e1n en el conflicto de los representantes del magisterio pues, adem\u00e1s de dejar evidencia de su falta de oficio pol\u00edtico, los de la CNTE una vez m\u00e1s dejaron constancia que ya le tiene tomada la medida a su gobierno y hacen lo que quieren, sin que nadie los ponga en orden.<\/p>\n<p>Lo m\u00e1s deplorable en este tema, es que mientras miles de ni\u00f1os y ni\u00f1as siguen sin poder entrar a sus salones de clase por la ausencia de la plantilla de educadores, y mientras miles de comercios y empresas de todos tama\u00f1os sufren desabasto por el bloqueo de las v\u00edas f\u00e9rreas, mientras eso pasaba en tierras michoacanas, desde Espa\u00f1a su gobernador le entraba a sus anchas a la era del gobierno digital y v\u00eda redes sociales daba seguimiento a la problem\u00e1tica local o bien por la misma v\u00eda giraba instrucciones a sus subalternos en una dif\u00edcil situaci\u00f3n, donde lo menos que sus gobernados quer\u00edan es que diera la cara para acelerar las negociaciones entre los maestros y el gobierno federal.<\/p>\n<p>En lugar atender una realidad que habla de inseguridad, desabasto de gasolina, bloqueos a v\u00edas de comunicaci\u00f3n, plantones frente a la sede del gobierno local, entre otros problemas, el mandatario prefiri\u00f3 la foto con el presidente del Gobierno de Espa\u00f1a, Pedro S\u00e1nchez P\u00e9rez-Castej\u00f3n, y diversos operadores tur\u00edsticos en el marco de la celebraci\u00f3n del la Feria Internacional de Turismo (FITUR 2019).<\/p>\n<p>En fin, el mandatario estatal opt\u00f3 por el paseo tur\u00edstico, tal vez por aquello de que los viajes ilustran, cosa que ojal\u00e1 alg\u00fan d\u00eda pueda compartir esa experiencia, no con la mayor\u00eda de sus paisanos, pero si aunque sea con los de la CNTE y con ese pretexto se sientan a dialogar, porque por lo menos ahorita eso es lo que Michoac\u00e1n necesita, y hasta ah\u00ed porque como veo doy.<\/p>\n<p><em><a href=\"mailto:jorgelgalicia@yahoo.com.mx\" target=\"_blank\" rel=\"noopener\">jorgelgalicia@yahoo.com.mx<\/a><\/em><\/p>\n","protected":false},"excerpt":{"rendered":"<p><span style=\"color: #005497;\"><strong>Jorge Luis Galicia Palacios<\/strong><\/span><\/p>\n","protected":false},"author":3,"featured_media":0,"comment_status":"open","ping_status":"open","sticky":false,"template":"","format":"standard","meta":{"_monsterinsights_skip_tracking":false,"_monsterinsights_sitenote_active":false,"_monsterinsights_sitenote_note":"","_monsterinsights_sitenote_category":0,"footnotes":""},"categories":[63916],"tags":[28722,63917,43674],"class_list":["post-412631","post","type-post","status-publish","format-standard","hentry","category-jorge-luis-galicia-palacios","tag-como-veo-doy","tag-jorge-luis-galicia-palacios","tag-opinion"],"_links":{"self":[{"href":"https:\/\/www.diarioimagen.net\/index.php?rest_route=\/wp\/v2\/posts\/412631","targetHints":{"allow":["GET"]}}],"collection":[{"href":"https:\/\/www.diarioimagen.net\/index.php?rest_route=\/wp\/v2\/posts"}],"about":[{"href":"https:\/\/www.diarioimagen.net\/index.php?rest_route=\/wp\/v2\/types\/post"}],"author":[{"embeddable":true,"href":"https:\/\/www.diarioimagen.net\/index.php?rest_route=\/wp\/v2\/users\/3"}],"replies":[{"embeddable":true,"href":"https:\/\/www.diarioimagen.net\/index.php?rest_route=%2Fwp%2Fv2%2Fcomments&post=412631"}],"version-history":[{"count":0,"href":"https:\/\/www.diarioimagen.net\/index.php?rest_route=\/wp\/v2\/posts\/412631\/revisions"}],"wp:attachment":[{"href":"https:\/\/www.diarioimagen.net\/index.php?rest_route=%2Fwp%2Fv2%2Fmedia&parent=412631"}],"wp:term":[{"taxonomy":"category","embeddable":true,"href":"https:\/\/www.diarioimagen.net\/index.php?rest_route=%2Fwp%2Fv2%2Fcategories&post=412631"},{"taxonomy":"post_tag","embeddable":true,"href":"https:\/\/www.diarioimagen.net\/index.php?rest_route=%2Fwp%2Fv2%2Ftags&post=412631"}],"curies":[{"name":"wp","href":"https:\/\/api.w.org\/{rel}","templated":true}]}}