{"id":412685,"date":"2019-01-29T00:08:54","date_gmt":"2019-01-29T06:08:54","guid":{"rendered":"https:\/\/www.diarioimagen.net\/?p=412685"},"modified":"2019-01-29T23:46:21","modified_gmt":"2019-01-30T05:46:21","slug":"se-destinaran-110-mdp-al-cuidado-de-bosques-del-mazo","status":"publish","type":"post","link":"https:\/\/www.diarioimagen.net\/?p=412685","title":{"rendered":"Del Mazo: van 110 mdp al cuidado de los bosques"},"content":{"rendered":"<ul>\n<li><strong><em>Entrega de apoyos forestales<\/em><\/strong><\/li>\n<li><strong><em>Cerca de 80 mdp para equipamiento de combatientes forestales<\/em><\/strong><\/li>\n<\/ul>\n<p>&nbsp;<\/p>\n<div id=\"attachment_412686\" style=\"width: 470px\" class=\"wp-caption aligncenter\"><img loading=\"lazy\" decoding=\"async\" aria-describedby=\"caption-attachment-412686\" class=\"wp-image-412686 size-large\" src=\"https:\/\/www.diarioimagen.net\/wp-content\/uploads\/2019\/01\/DEL-MAZO29-portal-460x268.jpg\" alt=\"\" width=\"460\" height=\"268\" srcset=\"https:\/\/www.diarioimagen.net\/wp-content\/uploads\/2019\/01\/DEL-MAZO29-portal-460x268.jpg 460w, https:\/\/www.diarioimagen.net\/wp-content\/uploads\/2019\/01\/DEL-MAZO29-portal-240x140.jpg 240w, https:\/\/www.diarioimagen.net\/wp-content\/uploads\/2019\/01\/DEL-MAZO29-portal.jpg 480w\" sizes=\"auto, (max-width: 460px) 100vw, 460px\" \/><p id=\"caption-attachment-412686\" class=\"wp-caption-text\">Entrega Alfredo Del Mazo apoyos a ejidatarios de los diferentes programas q para cuidar de las zonas forestales.<\/p><\/div>\n<p>&nbsp;<\/p>\n<p><strong>Donato Guerra, Estado de M\u00e9xico<\/strong>.- El gobernador Alfredo Del Mazo Maza inform\u00f3 durante la entrega de apoyos forestales que se destinar\u00e1n 110 millones de pesos para los programas que tienen como objetivo el cuidado de los bosques, cifra que representa un incremento del 10 por ciento, respecto al a\u00f1o anterior, adem\u00e1s de que se invertir\u00e1n cerca de 80 millones de pesos en equipamiento para los combatientes forestales.<\/p>\n<p>Destac\u00f3 tambi\u00e9n que la entidad es la \u00fanica a nivel nacional que cada a\u00f1o incrementa su masa forestal, resultado de los programas de apoyo para quienes cuidan los bosques y por el trabajo en materia de prevenci\u00f3n y combate de incendios.<\/p>\n<p>\u201cQue adem\u00e1s para nosotros es un gran orgullo, porque gracias al esfuerzo de mujeres, de hombres como los que est\u00e1n aqu\u00ed presentes, y de muchos m\u00e1s que se dedican todos los d\u00edas a cuidar de nuestro medio ambiente, sobre todo de nuestros bosques, es que el Estado de M\u00e9xico es la \u00fanica entidad de toda la Rep\u00fablica que a\u00f1o con a\u00f1o crece su masa forestal\u201d, afirm\u00f3.<\/p>\n<p>\u201cLes comparto que el a\u00f1o pasado, el 2018, logramos superar nuestra meta de reforestaci\u00f3n, logramos reforestar m\u00e1s de 16 mil hect\u00e1reas en el Estado de M\u00e9xico con m\u00e1s de 16.2 millones de \u00e1rboles que fueron reforestados, esto es 2 millones m\u00e1s de la meta original que nos planteamos el a\u00f1o pasado\u201d.<\/p>\n<p>Alfredo Del Mazo se\u00f1al\u00f3 que este logro se debe a diferentes factores, el primero de ellos es apoyar a los ejidatarios due\u00f1os de terrenos forestales y que cuidan las \u00e1reas boscosas, a trav\u00e9s de diferentes programas como el de Pago por servicios ambientales hidrol\u00f3gicos, Plantaciones forestales comerciales, Servicio ambiental de captura de carbono y Reforestaci\u00f3n y restauraci\u00f3n integral de microcuencas. Asimismo, por las acciones que se hacen en el combate de incendios en estas \u00e1reas, principalmente las que realizan los combatientes forestales, conocidos como \u201cChamusquines\u201d, quienes arriesgan sus vidas por cuidar el medio ambiente.<\/p>\n<p>Por tal motivo, dijo, se invertir\u00e1n cerca de 80 millones de pesos para que cuenten con los uniformes, herramientas, equipamiento y veh\u00edculos necesarios para que lleven a cabo sus labores con mayor seguridad, y se busca que los integrantes de esta agrupaci\u00f3n colaboren de manera permanente, no nada m\u00e1s en temporada de incendios, por lo que recibir\u00e1n capacitaciones en materia de protecci\u00f3n civil y primeros auxilios. \u201cGracias al esfuerzo de m\u00e1s 2 mil 290 combatientes forestales que tuvimos a lo largo del a\u00f1o pasado, es que logramos disminuir el n\u00famero de incendios.<\/p>\n<p>\u201cEl a\u00f1o pasado hubo cerca de 28 por ciento menos de hect\u00e1reas que sufrieron incendios forestales, gracias a las medidas precautorias, por supuesto, pero gracias tambi\u00e9n al combate a los incendios forestales por parte de los combatientes, a nuestros queridos \u2018Chamusquines\u2019\u201d.<\/p>\n<p>Del Mazo Maza invit\u00f3 a quienes vayan a zonas boscosas cuiden de \u00e9stas, ya que de los m\u00e1s de mil 600 incendios que se registraron en 2018, cerca del 95 por ciento, fueron causados por descuidos y falta de cuidados por parte de la poblaci\u00f3n.<\/p>\n<p>Respecto al inicio del ciclo agr\u00edcola, tambi\u00e9n exhort\u00f3 a quienes realizan quema de suelo, para que lo hagan de manera responsable y con vigilancia de personal capacitado.<\/p>\n<p>El gobernador mexiquense indic\u00f3 que con estas acciones el Estado de M\u00e9xico es la \u00fanica entidad en el pa\u00eds que cada a\u00f1o crece en su masa forestal, lo que permite contar con suelos f\u00e9rtiles, evitar la erosi\u00f3n y recargar los mantos acu\u00edferos.<\/p>\n<p>\u201cNos da much\u00edsimo gusto que estas acciones que llevamos a cabo en conjunto, Gobierno del estado, con la sociedad civil, la poblaci\u00f3n de esta regi\u00f3n del estado, nos sigan haciendo un estado fuerte para cuidar nuestro medio ambiente y fuerte para apoyar a las familias que se dedican al cuidado de nuestros bosques\u201d, manifest\u00f3.<\/p>\n<p>En esta gira de trabajo el mandatario mexiquense entreg\u00f3 apoyos de los programas Pago por servicios ambientales hidrol\u00f3gicos, Plantaciones forestales comerciales, Servicio ambiental de captura de carbono, Reforestaci\u00f3n y restauraci\u00f3n integral de microcuencas, a ejidatarios de diferentes regiones de la entidad como Almoloya de Ju\u00e1rez, Acambay, Aculco, Almoloya de Alquisiras, Amanalco, Atlacomulco, Chapa de Mota y Donato Guerra, entre otros.<\/p>\n<p>El Secretario del Medio Ambiente, Jorge Rescala P\u00e9rez, se\u00f1al\u00f3 que los programas de protecci\u00f3n forestal de la entidad son pioneros a nivel nacional, los cuales son hoy distintivos de la pol\u00edtica de conservaci\u00f3n del ambiente y recursos naturales del Estado de M\u00e9xico.<\/p>\n","protected":false},"excerpt":{"rendered":"<p>El gobernador Alfredo Del Mazo Maza inform\u00f3 durante la entrega de apoyos forestales que se destinar\u00e1n 110 millones de pesos para los programas que tienen como objetivo el cuidado de los bosques, cifra que representa un incremento del 10 por ciento, respecto al a\u00f1o anterior, adem\u00e1s de que se invertir\u00e1n cerca de 80 millones de pesos en equipamiento para los combatientes forestales.<\/p>\n","protected":false},"author":5,"featured_media":412686,"comment_status":"open","ping_status":"open","sticky":false,"template":"","format":"standard","meta":{"_monsterinsights_skip_tracking":false,"_monsterinsights_sitenote_active":false,"_monsterinsights_sitenote_note":"","_monsterinsights_sitenote_category":0,"footnotes":""},"categories":[5],"tags":[82277,81909,2505,82278,82306,13337,43675],"class_list":["post-412685","post","type-post","status-publish","format-standard","has-post-thumbnail","hentry","category-estado-de-mexico","tag-110-mdp-al-cuidado-de-bosques","tag-alfredo-del-mazo","tag-alfredo-del-mazo-maza","tag-apoyos-forestales","tag-bosques","tag-donato-guerra","tag-estado-de-mexico"],"_links":{"self":[{"href":"https:\/\/www.diarioimagen.net\/index.php?rest_route=\/wp\/v2\/posts\/412685","targetHints":{"allow":["GET"]}}],"collection":[{"href":"https:\/\/www.diarioimagen.net\/index.php?rest_route=\/wp\/v2\/posts"}],"about":[{"href":"https:\/\/www.diarioimagen.net\/index.php?rest_route=\/wp\/v2\/types\/post"}],"author":[{"embeddable":true,"href":"https:\/\/www.diarioimagen.net\/index.php?rest_route=\/wp\/v2\/users\/5"}],"replies":[{"embeddable":true,"href":"https:\/\/www.diarioimagen.net\/index.php?rest_route=%2Fwp%2Fv2%2Fcomments&post=412685"}],"version-history":[{"count":0,"href":"https:\/\/www.diarioimagen.net\/index.php?rest_route=\/wp\/v2\/posts\/412685\/revisions"}],"wp:featuredmedia":[{"embeddable":true,"href":"https:\/\/www.diarioimagen.net\/index.php?rest_route=\/wp\/v2\/media\/412686"}],"wp:attachment":[{"href":"https:\/\/www.diarioimagen.net\/index.php?rest_route=%2Fwp%2Fv2%2Fmedia&parent=412685"}],"wp:term":[{"taxonomy":"category","embeddable":true,"href":"https:\/\/www.diarioimagen.net\/index.php?rest_route=%2Fwp%2Fv2%2Fcategories&post=412685"},{"taxonomy":"post_tag","embeddable":true,"href":"https:\/\/www.diarioimagen.net\/index.php?rest_route=%2Fwp%2Fv2%2Ftags&post=412685"}],"curies":[{"name":"wp","href":"https:\/\/api.w.org\/{rel}","templated":true}]}}