{"id":412737,"date":"2019-01-29T00:10:29","date_gmt":"2019-01-29T06:10:29","guid":{"rendered":"https:\/\/www.diarioimagen.net\/?p=412737"},"modified":"2019-01-29T02:11:02","modified_gmt":"2019-01-29T08:11:02","slug":"aumenta-el-numero-de-adultos-atendidos","status":"publish","type":"post","link":"https:\/\/www.diarioimagen.net\/?p=412737","title":{"rendered":"Aumenta el n\u00famero de adultos atendidos"},"content":{"rendered":"<h2>Arco Norte<\/h2>\n<h5>Jos\u00e9 Luis Monta\u00f1ez Aguilar<\/h5>\n<p>&nbsp;<\/p>\n<p><a href=\"https:\/\/www.diarioimagen.net\/?attachment_id=412808\" rel=\"attachment wp-att-412808\"><img loading=\"lazy\" decoding=\"async\" class=\"aligncenter size-large wp-image-412808\" src=\"https:\/\/www.diarioimagen.net\/wp-content\/uploads\/2019\/01\/arco-7-460x337.jpg\" alt=\"\" width=\"460\" height=\"337\" srcset=\"https:\/\/www.diarioimagen.net\/wp-content\/uploads\/2019\/01\/arco-7-460x337.jpg 460w, https:\/\/www.diarioimagen.net\/wp-content\/uploads\/2019\/01\/arco-7-240x176.jpg 240w, https:\/\/www.diarioimagen.net\/wp-content\/uploads\/2019\/01\/arco-7-90x65.jpg 90w, https:\/\/www.diarioimagen.net\/wp-content\/uploads\/2019\/01\/arco-7.jpg 700w\" sizes=\"auto, (max-width: 460px) 100vw, 460px\" \/><\/a><\/p>\n<p>&nbsp;<\/p>\n<p>Como parte del Programa de Atenci\u00f3n al Envejecimiento, la Secretar\u00eda de Salud del Estado de M\u00e9xico increment\u00f3 en 4.7 por ciento el cuidado a adultos mayores durante 2018, al brindar 1.8 millones de consultas en beneficio de 423 mil personas de la tercera edad, tanto en centros de salud como en las Cl\u00ednicas de Atenci\u00f3n Geri\u00e1trica.<\/p>\n<p>La dependencia inform\u00f3 que el a\u00f1o pasado atendi\u00f3 a 19 mil 881 personas m\u00e1s con relaci\u00f3n a 2017, lo que muestra que a trav\u00e9s de los diversos programas de fomento y atenci\u00f3n a la salud se apoya a este sector de la poblaci\u00f3n a fin de elevar su calidad de vida, reducir la vulnerabilidad y propiciar la atenci\u00f3n oportuna de sus padecimientos.<\/p>\n<p>A trav\u00e9s de este programa se llevan a cabo acciones como la detecci\u00f3n de enfermedades cr\u00f3nicas no transmisibles como diabetes, hipertensi\u00f3n arterial, obesidad, dislipidemias, depresi\u00f3n, alteraciones de la memoria, incontinencia urinaria, s\u00edndrome de ca\u00eddas, crecimiento prost\u00e1tico benigno (hiperplasia prost\u00e1tica) y riesgo de fracturas por osteoporosis.<\/p>\n<p>Tambi\u00e9n, de manera permanente, busca la prevenci\u00f3n mediante la aplicaci\u00f3n de vacuna antineumococcica, anti influenza y toxoide tet\u00e1nico dift\u00e9rico.<\/p>\n<p>En el caso de las Cl\u00ednicas de Atenci\u00f3n Geri\u00e1trica, la Secretar\u00eda de Salud refiere que adem\u00e1s de la atenci\u00f3n m\u00e9dica general y de especialidad, tambi\u00e9n se otorgan servicios de nutrici\u00f3n, psicolog\u00eda, estudios de laboratorio y Rayos X, odontolog\u00eda, quiropr\u00e1ctica y acupuntura.<\/p>\n<p>Adem\u00e1s, estas unidades funcionan como Centros de D\u00eda donde los adultos mayores reciben talleres de inclusi\u00f3n social como grupos de coro, clases de baile, risoterapia, alfabetizaci\u00f3n, manualidades y gerontogimnasia, con la meta de combatir uno de los principales enemigos del adulto mayor que es la depresi\u00f3n.<\/p>\n<p><em><a href=\"mailto:montanezaguilar@gmail.com\" target=\"_blank\" rel=\"noopener\">montanezaguilar@gmail.com<\/a><\/em><\/p>\n","protected":false},"excerpt":{"rendered":"<p><span style=\"color: #005497;\">Jos\u00e9 Luis Monta\u00f1ez Aguilar<\/span><br \/>\n<br \/>\nComo parte del Programa de Atenci\u00f3n al Envejecimiento, la Secretar\u00eda de Salud del Estado de M\u00e9xico increment\u00f3 en 4.7 por ciento el cuidado a adultos mayores durante 2018, al brindar 1.8 millones de consultas en beneficio de 423 mil personas de la tercera edad, tanto en centros de salud como en las Cl\u00ednicas de Atenci\u00f3n Geri\u00e1trica.<\/p>\n","protected":false},"author":3,"featured_media":412808,"comment_status":"open","ping_status":"open","sticky":false,"template":"","format":"standard","meta":{"_monsterinsights_skip_tracking":false,"_monsterinsights_sitenote_active":false,"_monsterinsights_sitenote_note":"","_monsterinsights_sitenote_category":0,"footnotes":""},"categories":[5],"tags":[13284,43704,43674],"class_list":["post-412737","post","type-post","status-publish","format-standard","has-post-thumbnail","hentry","category-estado-de-mexico","tag-arco-norte","tag-jose-luis-montanez-aguilar","tag-opinion"],"_links":{"self":[{"href":"https:\/\/www.diarioimagen.net\/index.php?rest_route=\/wp\/v2\/posts\/412737","targetHints":{"allow":["GET"]}}],"collection":[{"href":"https:\/\/www.diarioimagen.net\/index.php?rest_route=\/wp\/v2\/posts"}],"about":[{"href":"https:\/\/www.diarioimagen.net\/index.php?rest_route=\/wp\/v2\/types\/post"}],"author":[{"embeddable":true,"href":"https:\/\/www.diarioimagen.net\/index.php?rest_route=\/wp\/v2\/users\/3"}],"replies":[{"embeddable":true,"href":"https:\/\/www.diarioimagen.net\/index.php?rest_route=%2Fwp%2Fv2%2Fcomments&post=412737"}],"version-history":[{"count":0,"href":"https:\/\/www.diarioimagen.net\/index.php?rest_route=\/wp\/v2\/posts\/412737\/revisions"}],"wp:featuredmedia":[{"embeddable":true,"href":"https:\/\/www.diarioimagen.net\/index.php?rest_route=\/wp\/v2\/media\/412808"}],"wp:attachment":[{"href":"https:\/\/www.diarioimagen.net\/index.php?rest_route=%2Fwp%2Fv2%2Fmedia&parent=412737"}],"wp:term":[{"taxonomy":"category","embeddable":true,"href":"https:\/\/www.diarioimagen.net\/index.php?rest_route=%2Fwp%2Fv2%2Fcategories&post=412737"},{"taxonomy":"post_tag","embeddable":true,"href":"https:\/\/www.diarioimagen.net\/index.php?rest_route=%2Fwp%2Fv2%2Ftags&post=412737"}],"curies":[{"name":"wp","href":"https:\/\/api.w.org\/{rel}","templated":true}]}}